{"id":14156,"date":"2018-11-14T17:27:39","date_gmt":"2018-11-14T17:27:39","guid":{"rendered":"http:\/\/katolicka-gimnazija.hr\/?p=14156"},"modified":"2018-12-28T13:00:48","modified_gmt":"2018-12-28T13:00:48","slug":"informacije-o-radu-9-sjednice-razrednog-vijeca","status":"publish","type":"post","link":"https:\/\/katolicka-gimnazija.hr\/index.php\/2018\/11\/14\/informacije-o-radu-9-sjednice-razrednog-vijeca\/","title":{"rendered":"Informacije o radu 9. sjednice Razrednog vije\u0107a"},"content":{"rendered":"<p>9. sjednica Razrednog vije\u0107a razrednih odjela 1.a, 2.a, 2.b, 3.a i 3.b u \u0161kolskoj godini 2017.\/2018.<\/p>\n<p>2. srpnja 2018. godine s po\u010detkom u 11:30 sati<\/p>\n<p>O neposrednom uvidu u rad Razrednog vije\u0107a mo\u017ee se informirati kod ravnatelja.<\/p>\n<p>Dnevni red:<br \/>\n1. Usvajanje Zapisnika s prethodne sjednice Razrednog vije\u0107a<br \/>\n2. Analiziranje utvr\u0111enih zaklju\u010dnih ocjena iz nastavnih predmeta i uspjeha u\u010denika<br \/>\n3. Utvr\u0111ivanje ocjene iz vladanja na prijedlog razrednika<br \/>\n4. Razno  <\/p>\n","protected":false},"excerpt":{"rendered":"<p>9. sjednica Razrednog vije\u0107a razrednih odjela 1.a, 2.a, 2.b, 3.a i 3.b u \u0161kolskoj godini 2017.\/2018. 2. srpnja 2018. godine s po\u010detkom u 11:30 sati O neposrednom uvidu u rad Razrednog vije\u0107a mo\u017ee se informirati kod ravnatelja. Dnevni red: 1. Usvajanje Zapisnika s prethodne sjednice Razrednog vije\u0107a 2. Analiziranje utvr\u0111enih zaklju\u010dnih ocjena iz nastavnih predmeta [&hellip;]<\/p>\n","protected":false},"author":1,"featured_media":0,"comment_status":"closed","ping_status":"closed","sticky":false,"template":"","format":"standard","meta":{"footnotes":""},"categories":[2],"tags":[],"class_list":["post-14156","post","type-post","status-publish","format-standard","hentry","category-vijesti"],"_links":{"self":[{"href":"https:\/\/katolicka-gimnazija.hr\/index.php\/wp-json\/wp\/v2\/posts\/14156","targetHints":{"allow":["GET"]}}],"collection":[{"href":"https:\/\/katolicka-gimnazija.hr\/index.php\/wp-json\/wp\/v2\/posts"}],"about":[{"href":"https:\/\/katolicka-gimnazija.hr\/index.php\/wp-json\/wp\/v2\/types\/post"}],"author":[{"embeddable":true,"href":"https:\/\/katolicka-gimnazija.hr\/index.php\/wp-json\/wp\/v2\/users\/1"}],"replies":[{"embeddable":true,"href":"https:\/\/katolicka-gimnazija.hr\/index.php\/wp-json\/wp\/v2\/comments?post=14156"}],"version-history":[{"count":2,"href":"https:\/\/katolicka-gimnazija.hr\/index.php\/wp-json\/wp\/v2\/posts\/14156\/revisions"}],"predecessor-version":[{"id":14581,"href":"https:\/\/katolicka-gimnazija.hr\/index.php\/wp-json\/wp\/v2\/posts\/14156\/revisions\/14581"}],"wp:attachment":[{"href":"https:\/\/katolicka-gimnazija.hr\/index.php\/wp-json\/wp\/v2\/media?parent=14156"}],"wp:term":[{"taxonomy":"category","embeddable":true,"href":"https:\/\/katolicka-gimnazija.hr\/index.php\/wp-json\/wp\/v2\/categories?post=14156"},{"taxonomy":"post_tag","embeddable":true,"href":"https:\/\/katolicka-gimnazija.hr\/index.php\/wp-json\/wp\/v2\/tags?post=14156"}],"curies":[{"name":"wp","href":"https:\/\/api.w.org\/{rel}","templated":true}]}}