{"id":14162,"date":"2018-11-14T20:16:24","date_gmt":"2018-11-14T20:16:24","guid":{"rendered":"http:\/\/katolicka-gimnazija.hr\/?p=14162"},"modified":"2018-12-28T13:00:26","modified_gmt":"2018-12-28T13:00:26","slug":"informacije-o-radu-1-sjednice-nastavnickog-vijeca-3","status":"publish","type":"post","link":"https:\/\/katolicka-gimnazija.hr\/index.php\/2018\/11\/14\/informacije-o-radu-1-sjednice-nastavnickog-vijeca-3\/","title":{"rendered":"Informacije o radu 1. sjednice Nastavni\u010dkog vije\u0107a"},"content":{"rendered":"<p>1. sjednica Nastavni\u010dkog vije\u0107a u \u0161kolskoj godini 2018.\/2019.<\/p>\n<p>25. rujna 2018. godine s po\u010detkom u 14:30 sati<\/p>\n<p>O neposrednom uvidu u rad Nastavni\u010dkog vije\u0107a mo\u017ee se informirati kod ravnatelja.<\/p>\n<p>Dnevni red:<br \/>\n1. Usvajanje Zapisnika s prethodne sjednice Nastavni\u010dkog vije\u0107a<br \/>\n2. Predlaganje \u0161kolskog kurikuluma za \u0161kolsku godinu 2018.\/2019.<br \/>\n3. Osloba\u0111anje od poha\u0111anja nastavnog predmeta ili sudjelovanja u odre\u0111enim nastavnim sadr\u017eajima<br \/>\n4. Rje\u0161avanje zahtjeva za promjenu upisanog obrazovnog programa u Katoli\u010dkoj gimnaziji s pravom javnosti, odnosno upis u Katoli\u010dku gimnaziju s pravom javnosti<br \/>\n5. Razno  <\/p>\n","protected":false},"excerpt":{"rendered":"<p>1. sjednica Nastavni\u010dkog vije\u0107a u \u0161kolskoj godini 2018.\/2019. 25. rujna 2018. godine s po\u010detkom u 14:30 sati O neposrednom uvidu u rad Nastavni\u010dkog vije\u0107a mo\u017ee se informirati kod ravnatelja. Dnevni red: 1. Usvajanje Zapisnika s prethodne sjednice Nastavni\u010dkog vije\u0107a 2. Predlaganje \u0161kolskog kurikuluma za \u0161kolsku godinu 2018.\/2019. 3. Osloba\u0111anje od poha\u0111anja nastavnog predmeta ili sudjelovanja [&hellip;]<\/p>\n","protected":false},"author":1,"featured_media":0,"comment_status":"closed","ping_status":"closed","sticky":false,"template":"","format":"standard","meta":{"footnotes":""},"categories":[2],"tags":[],"class_list":["post-14162","post","type-post","status-publish","format-standard","hentry","category-vijesti"],"_links":{"self":[{"href":"https:\/\/katolicka-gimnazija.hr\/index.php\/wp-json\/wp\/v2\/posts\/14162","targetHints":{"allow":["GET"]}}],"collection":[{"href":"https:\/\/katolicka-gimnazija.hr\/index.php\/wp-json\/wp\/v2\/posts"}],"about":[{"href":"https:\/\/katolicka-gimnazija.hr\/index.php\/wp-json\/wp\/v2\/types\/post"}],"author":[{"embeddable":true,"href":"https:\/\/katolicka-gimnazija.hr\/index.php\/wp-json\/wp\/v2\/users\/1"}],"replies":[{"embeddable":true,"href":"https:\/\/katolicka-gimnazija.hr\/index.php\/wp-json\/wp\/v2\/comments?post=14162"}],"version-history":[{"count":2,"href":"https:\/\/katolicka-gimnazija.hr\/index.php\/wp-json\/wp\/v2\/posts\/14162\/revisions"}],"predecessor-version":[{"id":14579,"href":"https:\/\/katolicka-gimnazija.hr\/index.php\/wp-json\/wp\/v2\/posts\/14162\/revisions\/14579"}],"wp:attachment":[{"href":"https:\/\/katolicka-gimnazija.hr\/index.php\/wp-json\/wp\/v2\/media?parent=14162"}],"wp:term":[{"taxonomy":"category","embeddable":true,"href":"https:\/\/katolicka-gimnazija.hr\/index.php\/wp-json\/wp\/v2\/categories?post=14162"},{"taxonomy":"post_tag","embeddable":true,"href":"https:\/\/katolicka-gimnazija.hr\/index.php\/wp-json\/wp\/v2\/tags?post=14162"}],"curies":[{"name":"wp","href":"https:\/\/api.w.org\/{rel}","templated":true}]}}