{"id":14175,"date":"2018-11-14T20:19:22","date_gmt":"2018-11-14T20:19:22","guid":{"rendered":"http:\/\/katolicka-gimnazija.hr\/?p=14175"},"modified":"2018-12-28T12:59:09","modified_gmt":"2018-12-28T12:59:09","slug":"zakljucci-s-2-sjednice-nastavnickog-vijec","status":"publish","type":"post","link":"https:\/\/katolicka-gimnazija.hr\/index.php\/2018\/11\/14\/zakljucci-s-2-sjednice-nastavnickog-vijec\/","title":{"rendered":"Zaklju\u010dci s 2. sjednice Nastavni\u010dkog vije\u0107"},"content":{"rendered":"<p>Zaklju\u010dci s 2. sjednice Nastavni\u010dkog vije\u0107a u \u0161kolskoj godini 2018.\/2019. odr\u017eane 24. listopada 2018. godine:<\/p>\n<p>\u2022 Usvaja se Zapisnik s prethodne sjednice Nastavni\u010dkog vije\u0107a odr\u017eane 25. rujna 2018. godine.<\/p>\n<p>\u2022 Izri\u010de se pedago\u0161ka mjera opomena pred isklju\u010denje u\u010deniku 4. razreda zbog te\u0161kog neprihvatljivog pona\u0161anja.<\/p>\n<p>\u2022 Izvje\u0161tava se o nastavljanju me\u0111urazrednog natjecanja u Katoli\u010dkoj gimnaziji s pravom javnosti.<br \/>\nDogovara se posje\u0107ivanje Me\u0111unarodnog sajma knjiga Interliber, specijalne bolnice u Brezovici i Grada Samobora u sklopu izvanu\u010dioni\u010dke nastave \u2013 \u0161kolskog izleta u studenome 2018. godine.  <\/p>\n","protected":false},"excerpt":{"rendered":"<p>Zaklju\u010dci s 2. sjednice Nastavni\u010dkog vije\u0107a u \u0161kolskoj godini 2018.\/2019. odr\u017eane 24. listopada 2018. godine: \u2022 Usvaja se Zapisnik s prethodne sjednice Nastavni\u010dkog vije\u0107a odr\u017eane 25. rujna 2018. godine. \u2022 Izri\u010de se pedago\u0161ka mjera opomena pred isklju\u010denje u\u010deniku 4. razreda zbog te\u0161kog neprihvatljivog pona\u0161anja. \u2022 Izvje\u0161tava se o nastavljanju me\u0111urazrednog natjecanja u Katoli\u010dkoj gimnaziji s [&hellip;]<\/p>\n","protected":false},"author":1,"featured_media":0,"comment_status":"closed","ping_status":"closed","sticky":false,"template":"","format":"standard","meta":{"footnotes":""},"categories":[2],"tags":[],"class_list":["post-14175","post","type-post","status-publish","format-standard","hentry","category-vijesti"],"_links":{"self":[{"href":"https:\/\/katolicka-gimnazija.hr\/index.php\/wp-json\/wp\/v2\/posts\/14175","targetHints":{"allow":["GET"]}}],"collection":[{"href":"https:\/\/katolicka-gimnazija.hr\/index.php\/wp-json\/wp\/v2\/posts"}],"about":[{"href":"https:\/\/katolicka-gimnazija.hr\/index.php\/wp-json\/wp\/v2\/types\/post"}],"author":[{"embeddable":true,"href":"https:\/\/katolicka-gimnazija.hr\/index.php\/wp-json\/wp\/v2\/users\/1"}],"replies":[{"embeddable":true,"href":"https:\/\/katolicka-gimnazija.hr\/index.php\/wp-json\/wp\/v2\/comments?post=14175"}],"version-history":[{"count":2,"href":"https:\/\/katolicka-gimnazija.hr\/index.php\/wp-json\/wp\/v2\/posts\/14175\/revisions"}],"predecessor-version":[{"id":14572,"href":"https:\/\/katolicka-gimnazija.hr\/index.php\/wp-json\/wp\/v2\/posts\/14175\/revisions\/14572"}],"wp:attachment":[{"href":"https:\/\/katolicka-gimnazija.hr\/index.php\/wp-json\/wp\/v2\/media?parent=14175"}],"wp:term":[{"taxonomy":"category","embeddable":true,"href":"https:\/\/katolicka-gimnazija.hr\/index.php\/wp-json\/wp\/v2\/categories?post=14175"},{"taxonomy":"post_tag","embeddable":true,"href":"https:\/\/katolicka-gimnazija.hr\/index.php\/wp-json\/wp\/v2\/tags?post=14175"}],"curies":[{"name":"wp","href":"https:\/\/api.w.org\/{rel}","templated":true}]}}