{"id":14382,"date":"2018-12-13T18:51:59","date_gmt":"2018-12-13T18:51:59","guid":{"rendered":"http:\/\/katolicka-gimnazija.hr\/?p=14382"},"modified":"2018-12-28T12:48:33","modified_gmt":"2018-12-28T12:48:33","slug":"promocija-outword-bounda","status":"publish","type":"post","link":"https:\/\/katolicka-gimnazija.hr\/index.php\/2018\/12\/13\/promocija-outword-bounda\/","title":{"rendered":"Promocija Outword Bounda"},"content":{"rendered":"<p>Dana 12. prosinca 2018. godine Katoli\u010dku gimnaziju s pravom javnosti Po\u017eega posjetila je organizacija pod nazivom \u201cOutward Bound\u201d. Outward Bound Hrvatska je organizacija koja mladima i odraslima kroz svoje programe omogu\u0107uje iskustveno u\u010denje; kajaking, penjanje, planinarenje, ronjenje&#8230; Vi\u0161e o projektu i organizaciji ispri\u010dao nam je jedan od instruktora, Marko Luka\u010devi\u0107.<\/p>\n<p><a href=\"http:\/\/katolicka-gimnazija.hr\/wp-content\/uploads\/2018\/12\/48396916_2256923490993375_2865118459199488000_n.jpg\"><img loading=\"lazy\" decoding=\"async\" class=\"alignleft wp-image-14393 size-medium\" src=\"http:\/\/katolicka-gimnazija.hr\/wp-content\/uploads\/2018\/12\/48396916_2256923490993375_2865118459199488000_n-300x200.jpg\" alt=\"48396916_2256923490993375_2865118459199488000_n\" width=\"300\" height=\"200\" srcset=\"https:\/\/katolicka-gimnazija.hr\/wp-content\/uploads\/2018\/12\/48396916_2256923490993375_2865118459199488000_n-300x200.jpg 300w, https:\/\/katolicka-gimnazija.hr\/wp-content\/uploads\/2018\/12\/48396916_2256923490993375_2865118459199488000_n-768x512.jpg 768w, https:\/\/katolicka-gimnazija.hr\/wp-content\/uploads\/2018\/12\/48396916_2256923490993375_2865118459199488000_n-360x240.jpg 360w, https:\/\/katolicka-gimnazija.hr\/wp-content\/uploads\/2018\/12\/48396916_2256923490993375_2865118459199488000_n-750x500.jpg 750w, https:\/\/katolicka-gimnazija.hr\/wp-content\/uploads\/2018\/12\/48396916_2256923490993375_2865118459199488000_n-400x267.jpg 400w, https:\/\/katolicka-gimnazija.hr\/wp-content\/uploads\/2018\/12\/48396916_2256923490993375_2865118459199488000_n-430x287.jpg 430w, https:\/\/katolicka-gimnazija.hr\/wp-content\/uploads\/2018\/12\/48396916_2256923490993375_2865118459199488000_n-150x100.jpg 150w, https:\/\/katolicka-gimnazija.hr\/wp-content\/uploads\/2018\/12\/48396916_2256923490993375_2865118459199488000_n-100x67.jpg 100w, https:\/\/katolicka-gimnazija.hr\/wp-content\/uploads\/2018\/12\/48396916_2256923490993375_2865118459199488000_n.jpg 960w\" sizes=\"auto, (max-width: 300px) 100vw, 300px\" \/><\/a>Mo\u017eete li nam re\u0107i ne\u0161to o vama i va\u0161oj organizaciji?<\/p>\n<p>Organizacija se uglavnom bavi iskustvenim u\u010denjem i neformalnim obrazovanjem. Mi smo jedina \u0161kola kojoj je u\u010dionica priroda. U\u010denje se provodi kroz aktivnosti, a to mogu biti high impact, odnosno penjanje po stijenama ili neke aktivnosti koje \u0107emo tako\u0111er provoditi danas poput hodanja po slacklineu, paukova mre\u017ea ili tarzan, kako ve\u0107 nazivamo te aktivnosti.<\/p>\n<p>Kako i kada je do\u0161lo do ideje da se pokrene ovakav tip pou\u010davanja?<\/p>\n<p>Outward Bound je osnovan 1941. godine u Velikoj Britaniji. Osnovao ju je jedan progresivni psiholog koji se zvao Kurt Hahn. U to vrijeme je jako mnogo mladih stradavalo na putni\u010dkim brodovima za vrijeme Drugog svjetskog rata. Bili su potapani i od svih tih pre\u017eivjelih na brodovima, zanimljiva \u010dinjenica je bila, bar u to vrijeme, da je najvi\u0161e pre\u017eivjelih stariji ljudi. Za mlade ljude se mislilo da su puni snage i energije te da se mogu bolje sna\u0107i u takvim uvjetima, ali to nije bila istina. Uglavnom su stariji pre\u017eivljavali zbog toga \u0161to su bili iskusniji. Onda su do\u0161li na ideju da se stvori \u0161kola, odnosno sustav gdje bi se mlade ljude u\u010dilo o tim vje\u0161tinama koje se zapravo stje\u010du godinama. \u0160kola je nazvana \u201cOutward Bound\u201d, jo\u0161 ne postoji dobar prijevod na hrvatski, ali u engleskom jeziku to je pojam koji se koristi kada brod prvi put isplovljava iz luke, odnosno sli\u010dno uzre\u010dici da je brod najsigurniji u luci, ali nije stvoren za to.<\/p>\n<p><a href=\"http:\/\/katolicka-gimnazija.hr\/wp-content\/uploads\/2018\/12\/48247082_2256922577660133_9138184173742194688_n.jpg\"><img loading=\"lazy\" decoding=\"async\" class=\"alignright wp-image-14387 size-medium\" src=\"http:\/\/katolicka-gimnazija.hr\/wp-content\/uploads\/2018\/12\/48247082_2256922577660133_9138184173742194688_n-300x200.jpg\" alt=\"48247082_2256922577660133_9138184173742194688_n\" width=\"300\" height=\"200\" srcset=\"https:\/\/katolicka-gimnazija.hr\/wp-content\/uploads\/2018\/12\/48247082_2256922577660133_9138184173742194688_n-300x200.jpg 300w, https:\/\/katolicka-gimnazija.hr\/wp-content\/uploads\/2018\/12\/48247082_2256922577660133_9138184173742194688_n-768x512.jpg 768w, https:\/\/katolicka-gimnazija.hr\/wp-content\/uploads\/2018\/12\/48247082_2256922577660133_9138184173742194688_n-360x240.jpg 360w, https:\/\/katolicka-gimnazija.hr\/wp-content\/uploads\/2018\/12\/48247082_2256922577660133_9138184173742194688_n-750x500.jpg 750w, https:\/\/katolicka-gimnazija.hr\/wp-content\/uploads\/2018\/12\/48247082_2256922577660133_9138184173742194688_n-400x267.jpg 400w, https:\/\/katolicka-gimnazija.hr\/wp-content\/uploads\/2018\/12\/48247082_2256922577660133_9138184173742194688_n-430x287.jpg 430w, https:\/\/katolicka-gimnazija.hr\/wp-content\/uploads\/2018\/12\/48247082_2256922577660133_9138184173742194688_n-150x100.jpg 150w, https:\/\/katolicka-gimnazija.hr\/wp-content\/uploads\/2018\/12\/48247082_2256922577660133_9138184173742194688_n-100x67.jpg 100w, https:\/\/katolicka-gimnazija.hr\/wp-content\/uploads\/2018\/12\/48247082_2256922577660133_9138184173742194688_n.jpg 960w\" sizes=\"auto, (max-width: 300px) 100vw, 300px\" \/><\/a>I onda po tom nekom na\u010delu mi mo\u017eemo tako razmi\u0161ljati o ljudima, da smo mi ljudi zapravo stvoreni da pravimo neke puno ve\u0107e stvari od nas, da iza\u0111emo iz na\u0161e comfort zone i jednostavno se snalazimo u svijetu jer za to smo i stvoreni.<\/p>\n<p>Postoje li odre\u0111ena pravila tko mo\u017ee biti \u010dlan organizacije s obzirom na dob, spol i zanimanje?<\/p>\n<p>Spol ne igra nikakvu ulogu, dapa\u010de ve\u0107ina ljudi u na\u0161oj organizaciji su \u017eene. Pravilo za dob se mijenja iz godine u godinu, ali smo zaklju\u010dili da je za instruktora najbolja dob od 21 godinu zbog neke zrelosti i odgovornosti koju instruktori za vrijeme programa moraju imati jer programi su ekspedicijskog oblika \u2013 naj\u010de\u0161\u0107e grupa ljudi stavi stvari na le\u0111a i hoda nekoliko dana po prirodi uz razne aktivnosti.<\/p>\n<p>Koji su vam ciljevi?<\/p>\n<p>Na\u0161 glavni cilj je implementirati se u \u0161kolski sustav Republike Hrvatske tako da svaka \u0161kola u Hrvatskoj, odnosno svaki u\u010denik ima priliku iskusiti jedan program.<\/p>\n<p>Danas su i u\u010denici na\u0161e gimnazije imali priliku pro\u017eivjeti to iskustvo. Na Starom gradu odr\u017eano je nekoliko aktivnosti gdje su u\u010denici iskusili svoje vje\u0161tine, a evo i kakvi su njihovi dojmovi.<\/p>\n<p><a href=\"http:\/\/katolicka-gimnazija.hr\/wp-content\/uploads\/2018\/12\/48020938_2256922830993441_7802399767878696960_n.jpg\"><img loading=\"lazy\" decoding=\"async\" class=\"alignleft wp-image-14384 size-medium\" src=\"http:\/\/katolicka-gimnazija.hr\/wp-content\/uploads\/2018\/12\/48020938_2256922830993441_7802399767878696960_n-300x200.jpg\" alt=\"48020938_2256922830993441_7802399767878696960_n\" width=\"300\" height=\"200\" srcset=\"https:\/\/katolicka-gimnazija.hr\/wp-content\/uploads\/2018\/12\/48020938_2256922830993441_7802399767878696960_n-300x200.jpg 300w, https:\/\/katolicka-gimnazija.hr\/wp-content\/uploads\/2018\/12\/48020938_2256922830993441_7802399767878696960_n-768x512.jpg 768w, https:\/\/katolicka-gimnazija.hr\/wp-content\/uploads\/2018\/12\/48020938_2256922830993441_7802399767878696960_n-360x240.jpg 360w, https:\/\/katolicka-gimnazija.hr\/wp-content\/uploads\/2018\/12\/48020938_2256922830993441_7802399767878696960_n-750x500.jpg 750w, https:\/\/katolicka-gimnazija.hr\/wp-content\/uploads\/2018\/12\/48020938_2256922830993441_7802399767878696960_n-400x267.jpg 400w, https:\/\/katolicka-gimnazija.hr\/wp-content\/uploads\/2018\/12\/48020938_2256922830993441_7802399767878696960_n-430x287.jpg 430w, https:\/\/katolicka-gimnazija.hr\/wp-content\/uploads\/2018\/12\/48020938_2256922830993441_7802399767878696960_n-150x100.jpg 150w, https:\/\/katolicka-gimnazija.hr\/wp-content\/uploads\/2018\/12\/48020938_2256922830993441_7802399767878696960_n-100x67.jpg 100w, https:\/\/katolicka-gimnazija.hr\/wp-content\/uploads\/2018\/12\/48020938_2256922830993441_7802399767878696960_n.jpg 960w\" sizes=\"auto, (max-width: 300px) 100vw, 300px\" \/><\/a>\u201eNa projektu Outward Bound bilo mi je jako zanimljivo. Nau\u010dili smo i usavr\u0161ili puno vje\u0161tina koje nam mogu pomo\u0107i u prirodi kako bi se lak\u0161e i bolje sna\u0161li. Kroz razne igre i radionice pokazali su nam da je najbitnija suradnja te razumijevanje. Smatram da je ova radionica korisna i svakome bih ju preporu\u010dio.\u201d &#8211; Jakov Margeta<\/p>\n<p>\u201eBilo mi je jako lijepo danas. Nau\u010dila sam puno novih stvari, kako se snalaziti u prostoru, kako sura\u0111ivati drugima u grupi i pomagati im. Za mene je to bilo jedno jako lijepo iskustvo i htjela bih ovo jednom u budu\u0107nosti ponoviti.\u201d &#8211; Leonarda Zelenika<\/p>\n<p>\u201eBilo je stvarno genijalno. Sredi\u0161nja tema bila je komunikacija i suradnja. Zezali smo se cijelo jutro, me\u0111utim, sve te &#8220;aktivnosti&#8221; ne bi ba\u0161 pripomogle ako se izgubi\u0161 u \u0161umi, mislim da bi nas 95% pojeli vukovi unutar sat vremena.\u201d &#8211; Filip Kova\u010di\u0107<\/p>\n<p>Foto: Karlo Bleiziffer<\/p>\n<div id='gallery-1' class='gallery galleryid-14382 gallery-columns-3 gallery-size-medium'><figure class='gallery-item'>\n\t\t\t<div class='gallery-icon landscape'>\n\t\t\t\t<a href='https:\/\/katolicka-gimnazija.hr\/wp-content\/uploads\/2018\/12\/48247082_2256922577660133_9138184173742194688_n.jpg'><img loading=\"lazy\" decoding=\"async\" width=\"300\" height=\"200\" src=\"https:\/\/katolicka-gimnazija.hr\/wp-content\/uploads\/2018\/12\/48247082_2256922577660133_9138184173742194688_n-300x200.jpg\" class=\"attachment-medium size-medium\" alt=\"\" srcset=\"https:\/\/katolicka-gimnazija.hr\/wp-content\/uploads\/2018\/12\/48247082_2256922577660133_9138184173742194688_n-300x200.jpg 300w, https:\/\/katolicka-gimnazija.hr\/wp-content\/uploads\/2018\/12\/48247082_2256922577660133_9138184173742194688_n-768x512.jpg 768w, https:\/\/katolicka-gimnazija.hr\/wp-content\/uploads\/2018\/12\/48247082_2256922577660133_9138184173742194688_n-360x240.jpg 360w, https:\/\/katolicka-gimnazija.hr\/wp-content\/uploads\/2018\/12\/48247082_2256922577660133_9138184173742194688_n-750x500.jpg 750w, https:\/\/katolicka-gimnazija.hr\/wp-content\/uploads\/2018\/12\/48247082_2256922577660133_9138184173742194688_n-400x267.jpg 400w, https:\/\/katolicka-gimnazija.hr\/wp-content\/uploads\/2018\/12\/48247082_2256922577660133_9138184173742194688_n-430x287.jpg 430w, https:\/\/katolicka-gimnazija.hr\/wp-content\/uploads\/2018\/12\/48247082_2256922577660133_9138184173742194688_n-150x100.jpg 150w, https:\/\/katolicka-gimnazija.hr\/wp-content\/uploads\/2018\/12\/48247082_2256922577660133_9138184173742194688_n-100x67.jpg 100w, https:\/\/katolicka-gimnazija.hr\/wp-content\/uploads\/2018\/12\/48247082_2256922577660133_9138184173742194688_n.jpg 960w\" sizes=\"auto, (max-width: 300px) 100vw, 300px\" \/><\/a>\n\t\t\t<\/div><\/figure><figure class='gallery-item'>\n\t\t\t<div class='gallery-icon landscape'>\n\t\t\t\t<a href='https:\/\/katolicka-gimnazija.hr\/wp-content\/uploads\/2018\/12\/48387999_2256922970993427_2251291074809036800_n.jpg'><img loading=\"lazy\" decoding=\"async\" width=\"300\" height=\"200\" src=\"https:\/\/katolicka-gimnazija.hr\/wp-content\/uploads\/2018\/12\/48387999_2256922970993427_2251291074809036800_n-300x200.jpg\" class=\"attachment-medium size-medium\" alt=\"\" srcset=\"https:\/\/katolicka-gimnazija.hr\/wp-content\/uploads\/2018\/12\/48387999_2256922970993427_2251291074809036800_n-300x200.jpg 300w, https:\/\/katolicka-gimnazija.hr\/wp-content\/uploads\/2018\/12\/48387999_2256922970993427_2251291074809036800_n-768x512.jpg 768w, https:\/\/katolicka-gimnazija.hr\/wp-content\/uploads\/2018\/12\/48387999_2256922970993427_2251291074809036800_n-360x240.jpg 360w, https:\/\/katolicka-gimnazija.hr\/wp-content\/uploads\/2018\/12\/48387999_2256922970993427_2251291074809036800_n-750x500.jpg 750w, https:\/\/katolicka-gimnazija.hr\/wp-content\/uploads\/2018\/12\/48387999_2256922970993427_2251291074809036800_n-400x267.jpg 400w, https:\/\/katolicka-gimnazija.hr\/wp-content\/uploads\/2018\/12\/48387999_2256922970993427_2251291074809036800_n-430x287.jpg 430w, https:\/\/katolicka-gimnazija.hr\/wp-content\/uploads\/2018\/12\/48387999_2256922970993427_2251291074809036800_n-150x100.jpg 150w, https:\/\/katolicka-gimnazija.hr\/wp-content\/uploads\/2018\/12\/48387999_2256922970993427_2251291074809036800_n-100x67.jpg 100w, https:\/\/katolicka-gimnazija.hr\/wp-content\/uploads\/2018\/12\/48387999_2256922970993427_2251291074809036800_n.jpg 960w\" sizes=\"auto, (max-width: 300px) 100vw, 300px\" \/><\/a>\n\t\t\t<\/div><\/figure><figure class='gallery-item'>\n\t\t\t<div class='gallery-icon landscape'>\n\t\t\t\t<a href='https:\/\/katolicka-gimnazija.hr\/wp-content\/uploads\/2018\/12\/47685765_2256924597659931_6405744293767544832_n.jpg'><img loading=\"lazy\" decoding=\"async\" width=\"300\" height=\"200\" src=\"https:\/\/katolicka-gimnazija.hr\/wp-content\/uploads\/2018\/12\/47685765_2256924597659931_6405744293767544832_n-300x200.jpg\" class=\"attachment-medium size-medium\" alt=\"\" srcset=\"https:\/\/katolicka-gimnazija.hr\/wp-content\/uploads\/2018\/12\/47685765_2256924597659931_6405744293767544832_n-300x200.jpg 300w, https:\/\/katolicka-gimnazija.hr\/wp-content\/uploads\/2018\/12\/47685765_2256924597659931_6405744293767544832_n-768x512.jpg 768w, https:\/\/katolicka-gimnazija.hr\/wp-content\/uploads\/2018\/12\/47685765_2256924597659931_6405744293767544832_n-360x240.jpg 360w, https:\/\/katolicka-gimnazija.hr\/wp-content\/uploads\/2018\/12\/47685765_2256924597659931_6405744293767544832_n-750x500.jpg 750w, https:\/\/katolicka-gimnazija.hr\/wp-content\/uploads\/2018\/12\/47685765_2256924597659931_6405744293767544832_n-400x267.jpg 400w, https:\/\/katolicka-gimnazija.hr\/wp-content\/uploads\/2018\/12\/47685765_2256924597659931_6405744293767544832_n-430x287.jpg 430w, https:\/\/katolicka-gimnazija.hr\/wp-content\/uploads\/2018\/12\/47685765_2256924597659931_6405744293767544832_n-150x100.jpg 150w, https:\/\/katolicka-gimnazija.hr\/wp-content\/uploads\/2018\/12\/47685765_2256924597659931_6405744293767544832_n-100x67.jpg 100w, https:\/\/katolicka-gimnazija.hr\/wp-content\/uploads\/2018\/12\/47685765_2256924597659931_6405744293767544832_n.jpg 960w\" sizes=\"auto, (max-width: 300px) 100vw, 300px\" \/><\/a>\n\t\t\t<\/div><\/figure><figure class='gallery-item'>\n\t\t\t<div class='gallery-icon landscape'>\n\t\t\t\t<a href='https:\/\/katolicka-gimnazija.hr\/wp-content\/uploads\/2018\/12\/48360270_2256925630993161_2225187096807604224_n.jpg'><img loading=\"lazy\" decoding=\"async\" width=\"300\" height=\"200\" src=\"https:\/\/katolicka-gimnazija.hr\/wp-content\/uploads\/2018\/12\/48360270_2256925630993161_2225187096807604224_n-300x200.jpg\" class=\"attachment-medium size-medium\" alt=\"\" srcset=\"https:\/\/katolicka-gimnazija.hr\/wp-content\/uploads\/2018\/12\/48360270_2256925630993161_2225187096807604224_n-300x200.jpg 300w, https:\/\/katolicka-gimnazija.hr\/wp-content\/uploads\/2018\/12\/48360270_2256925630993161_2225187096807604224_n-768x512.jpg 768w, https:\/\/katolicka-gimnazija.hr\/wp-content\/uploads\/2018\/12\/48360270_2256925630993161_2225187096807604224_n-360x240.jpg 360w, https:\/\/katolicka-gimnazija.hr\/wp-content\/uploads\/2018\/12\/48360270_2256925630993161_2225187096807604224_n-750x500.jpg 750w, https:\/\/katolicka-gimnazija.hr\/wp-content\/uploads\/2018\/12\/48360270_2256925630993161_2225187096807604224_n-400x267.jpg 400w, https:\/\/katolicka-gimnazija.hr\/wp-content\/uploads\/2018\/12\/48360270_2256925630993161_2225187096807604224_n-430x287.jpg 430w, https:\/\/katolicka-gimnazija.hr\/wp-content\/uploads\/2018\/12\/48360270_2256925630993161_2225187096807604224_n-150x100.jpg 150w, https:\/\/katolicka-gimnazija.hr\/wp-content\/uploads\/2018\/12\/48360270_2256925630993161_2225187096807604224_n-100x67.jpg 100w, https:\/\/katolicka-gimnazija.hr\/wp-content\/uploads\/2018\/12\/48360270_2256925630993161_2225187096807604224_n.jpg 960w\" sizes=\"auto, (max-width: 300px) 100vw, 300px\" \/><\/a>\n\t\t\t<\/div><\/figure><figure class='gallery-item'>\n\t\t\t<div class='gallery-icon landscape'>\n\t\t\t\t<a href='https:\/\/katolicka-gimnazija.hr\/wp-content\/uploads\/2018\/12\/48064380_2256924374326620_6160268843873730560_n.jpg'><img loading=\"lazy\" decoding=\"async\" width=\"300\" height=\"200\" src=\"https:\/\/katolicka-gimnazija.hr\/wp-content\/uploads\/2018\/12\/48064380_2256924374326620_6160268843873730560_n-300x200.jpg\" class=\"attachment-medium size-medium\" alt=\"\" srcset=\"https:\/\/katolicka-gimnazija.hr\/wp-content\/uploads\/2018\/12\/48064380_2256924374326620_6160268843873730560_n-300x200.jpg 300w, https:\/\/katolicka-gimnazija.hr\/wp-content\/uploads\/2018\/12\/48064380_2256924374326620_6160268843873730560_n-768x512.jpg 768w, https:\/\/katolicka-gimnazija.hr\/wp-content\/uploads\/2018\/12\/48064380_2256924374326620_6160268843873730560_n-360x240.jpg 360w, https:\/\/katolicka-gimnazija.hr\/wp-content\/uploads\/2018\/12\/48064380_2256924374326620_6160268843873730560_n-750x500.jpg 750w, https:\/\/katolicka-gimnazija.hr\/wp-content\/uploads\/2018\/12\/48064380_2256924374326620_6160268843873730560_n-400x267.jpg 400w, https:\/\/katolicka-gimnazija.hr\/wp-content\/uploads\/2018\/12\/48064380_2256924374326620_6160268843873730560_n-430x287.jpg 430w, https:\/\/katolicka-gimnazija.hr\/wp-content\/uploads\/2018\/12\/48064380_2256924374326620_6160268843873730560_n-150x100.jpg 150w, https:\/\/katolicka-gimnazija.hr\/wp-content\/uploads\/2018\/12\/48064380_2256924374326620_6160268843873730560_n-100x67.jpg 100w, https:\/\/katolicka-gimnazija.hr\/wp-content\/uploads\/2018\/12\/48064380_2256924374326620_6160268843873730560_n.jpg 960w\" sizes=\"auto, (max-width: 300px) 100vw, 300px\" \/><\/a>\n\t\t\t<\/div><\/figure><figure class='gallery-item'>\n\t\t\t<div class='gallery-icon landscape'>\n\t\t\t\t<a href='https:\/\/katolicka-gimnazija.hr\/wp-content\/uploads\/2018\/12\/48269288_2256923147660076_8307156681125527552_n.jpg'><img loading=\"lazy\" decoding=\"async\" width=\"300\" height=\"200\" src=\"https:\/\/katolicka-gimnazija.hr\/wp-content\/uploads\/2018\/12\/48269288_2256923147660076_8307156681125527552_n-300x200.jpg\" class=\"attachment-medium size-medium\" alt=\"\" srcset=\"https:\/\/katolicka-gimnazija.hr\/wp-content\/uploads\/2018\/12\/48269288_2256923147660076_8307156681125527552_n-300x200.jpg 300w, https:\/\/katolicka-gimnazija.hr\/wp-content\/uploads\/2018\/12\/48269288_2256923147660076_8307156681125527552_n-768x512.jpg 768w, https:\/\/katolicka-gimnazija.hr\/wp-content\/uploads\/2018\/12\/48269288_2256923147660076_8307156681125527552_n-360x240.jpg 360w, https:\/\/katolicka-gimnazija.hr\/wp-content\/uploads\/2018\/12\/48269288_2256923147660076_8307156681125527552_n-750x500.jpg 750w, https:\/\/katolicka-gimnazija.hr\/wp-content\/uploads\/2018\/12\/48269288_2256923147660076_8307156681125527552_n-400x267.jpg 400w, https:\/\/katolicka-gimnazija.hr\/wp-content\/uploads\/2018\/12\/48269288_2256923147660076_8307156681125527552_n-430x287.jpg 430w, https:\/\/katolicka-gimnazija.hr\/wp-content\/uploads\/2018\/12\/48269288_2256923147660076_8307156681125527552_n-150x100.jpg 150w, https:\/\/katolicka-gimnazija.hr\/wp-content\/uploads\/2018\/12\/48269288_2256923147660076_8307156681125527552_n-100x67.jpg 100w, https:\/\/katolicka-gimnazija.hr\/wp-content\/uploads\/2018\/12\/48269288_2256923147660076_8307156681125527552_n.jpg 960w\" sizes=\"auto, (max-width: 300px) 100vw, 300px\" \/><\/a>\n\t\t\t<\/div><\/figure><figure class='gallery-item'>\n\t\t\t<div class='gallery-icon landscape'>\n\t\t\t\t<a href='https:\/\/katolicka-gimnazija.hr\/wp-content\/uploads\/2018\/12\/48235374_2256925530993171_2959140829521772544_n.jpg'><img loading=\"lazy\" decoding=\"async\" width=\"300\" height=\"200\" src=\"https:\/\/katolicka-gimnazija.hr\/wp-content\/uploads\/2018\/12\/48235374_2256925530993171_2959140829521772544_n-300x200.jpg\" class=\"attachment-medium size-medium\" alt=\"\" srcset=\"https:\/\/katolicka-gimnazija.hr\/wp-content\/uploads\/2018\/12\/48235374_2256925530993171_2959140829521772544_n-300x200.jpg 300w, https:\/\/katolicka-gimnazija.hr\/wp-content\/uploads\/2018\/12\/48235374_2256925530993171_2959140829521772544_n-768x512.jpg 768w, https:\/\/katolicka-gimnazija.hr\/wp-content\/uploads\/2018\/12\/48235374_2256925530993171_2959140829521772544_n-360x240.jpg 360w, https:\/\/katolicka-gimnazija.hr\/wp-content\/uploads\/2018\/12\/48235374_2256925530993171_2959140829521772544_n-750x500.jpg 750w, https:\/\/katolicka-gimnazija.hr\/wp-content\/uploads\/2018\/12\/48235374_2256925530993171_2959140829521772544_n-400x267.jpg 400w, https:\/\/katolicka-gimnazija.hr\/wp-content\/uploads\/2018\/12\/48235374_2256925530993171_2959140829521772544_n-430x287.jpg 430w, https:\/\/katolicka-gimnazija.hr\/wp-content\/uploads\/2018\/12\/48235374_2256925530993171_2959140829521772544_n-150x100.jpg 150w, https:\/\/katolicka-gimnazija.hr\/wp-content\/uploads\/2018\/12\/48235374_2256925530993171_2959140829521772544_n-100x67.jpg 100w, https:\/\/katolicka-gimnazija.hr\/wp-content\/uploads\/2018\/12\/48235374_2256925530993171_2959140829521772544_n.jpg 960w\" sizes=\"auto, (max-width: 300px) 100vw, 300px\" \/><\/a>\n\t\t\t<\/div><\/figure><figure class='gallery-item'>\n\t\t\t<div class='gallery-icon landscape'>\n\t\t\t\t<a href='https:\/\/katolicka-gimnazija.hr\/wp-content\/uploads\/2018\/12\/48384410_2256924080993316_4189404683560812544_n.jpg'><img loading=\"lazy\" decoding=\"async\" width=\"300\" height=\"200\" src=\"https:\/\/katolicka-gimnazija.hr\/wp-content\/uploads\/2018\/12\/48384410_2256924080993316_4189404683560812544_n-300x200.jpg\" class=\"attachment-medium size-medium\" alt=\"\" srcset=\"https:\/\/katolicka-gimnazija.hr\/wp-content\/uploads\/2018\/12\/48384410_2256924080993316_4189404683560812544_n-300x200.jpg 300w, https:\/\/katolicka-gimnazija.hr\/wp-content\/uploads\/2018\/12\/48384410_2256924080993316_4189404683560812544_n-768x512.jpg 768w, https:\/\/katolicka-gimnazija.hr\/wp-content\/uploads\/2018\/12\/48384410_2256924080993316_4189404683560812544_n-360x240.jpg 360w, https:\/\/katolicka-gimnazija.hr\/wp-content\/uploads\/2018\/12\/48384410_2256924080993316_4189404683560812544_n-750x500.jpg 750w, https:\/\/katolicka-gimnazija.hr\/wp-content\/uploads\/2018\/12\/48384410_2256924080993316_4189404683560812544_n-400x267.jpg 400w, https:\/\/katolicka-gimnazija.hr\/wp-content\/uploads\/2018\/12\/48384410_2256924080993316_4189404683560812544_n-430x287.jpg 430w, https:\/\/katolicka-gimnazija.hr\/wp-content\/uploads\/2018\/12\/48384410_2256924080993316_4189404683560812544_n-150x100.jpg 150w, https:\/\/katolicka-gimnazija.hr\/wp-content\/uploads\/2018\/12\/48384410_2256924080993316_4189404683560812544_n-100x67.jpg 100w, https:\/\/katolicka-gimnazija.hr\/wp-content\/uploads\/2018\/12\/48384410_2256924080993316_4189404683560812544_n.jpg 960w\" sizes=\"auto, (max-width: 300px) 100vw, 300px\" \/><\/a>\n\t\t\t<\/div><\/figure><figure class='gallery-item'>\n\t\t\t<div class='gallery-icon landscape'>\n\t\t\t\t<a href='https:\/\/katolicka-gimnazija.hr\/wp-content\/uploads\/2018\/12\/48350190_2256923230993401_5575530761877979136_n.jpg'><img loading=\"lazy\" decoding=\"async\" width=\"300\" height=\"200\" src=\"https:\/\/katolicka-gimnazija.hr\/wp-content\/uploads\/2018\/12\/48350190_2256923230993401_5575530761877979136_n-300x200.jpg\" class=\"attachment-medium size-medium\" alt=\"\" srcset=\"https:\/\/katolicka-gimnazija.hr\/wp-content\/uploads\/2018\/12\/48350190_2256923230993401_5575530761877979136_n-300x200.jpg 300w, https:\/\/katolicka-gimnazija.hr\/wp-content\/uploads\/2018\/12\/48350190_2256923230993401_5575530761877979136_n-768x512.jpg 768w, https:\/\/katolicka-gimnazija.hr\/wp-content\/uploads\/2018\/12\/48350190_2256923230993401_5575530761877979136_n-360x240.jpg 360w, https:\/\/katolicka-gimnazija.hr\/wp-content\/uploads\/2018\/12\/48350190_2256923230993401_5575530761877979136_n-750x500.jpg 750w, https:\/\/katolicka-gimnazija.hr\/wp-content\/uploads\/2018\/12\/48350190_2256923230993401_5575530761877979136_n-400x267.jpg 400w, https:\/\/katolicka-gimnazija.hr\/wp-content\/uploads\/2018\/12\/48350190_2256923230993401_5575530761877979136_n-430x287.jpg 430w, https:\/\/katolicka-gimnazija.hr\/wp-content\/uploads\/2018\/12\/48350190_2256923230993401_5575530761877979136_n-150x100.jpg 150w, https:\/\/katolicka-gimnazija.hr\/wp-content\/uploads\/2018\/12\/48350190_2256923230993401_5575530761877979136_n-100x67.jpg 100w, https:\/\/katolicka-gimnazija.hr\/wp-content\/uploads\/2018\/12\/48350190_2256923230993401_5575530761877979136_n.jpg 960w\" sizes=\"auto, (max-width: 300px) 100vw, 300px\" \/><\/a>\n\t\t\t<\/div><\/figure><figure class='gallery-item'>\n\t\t\t<div class='gallery-icon landscape'>\n\t\t\t\t<a href='https:\/\/katolicka-gimnazija.hr\/wp-content\/uploads\/2018\/12\/48020938_2256922830993441_7802399767878696960_n.jpg'><img loading=\"lazy\" decoding=\"async\" width=\"300\" height=\"200\" src=\"https:\/\/katolicka-gimnazija.hr\/wp-content\/uploads\/2018\/12\/48020938_2256922830993441_7802399767878696960_n-300x200.jpg\" class=\"attachment-medium size-medium\" alt=\"\" srcset=\"https:\/\/katolicka-gimnazija.hr\/wp-content\/uploads\/2018\/12\/48020938_2256922830993441_7802399767878696960_n-300x200.jpg 300w, https:\/\/katolicka-gimnazija.hr\/wp-content\/uploads\/2018\/12\/48020938_2256922830993441_7802399767878696960_n-768x512.jpg 768w, https:\/\/katolicka-gimnazija.hr\/wp-content\/uploads\/2018\/12\/48020938_2256922830993441_7802399767878696960_n-360x240.jpg 360w, https:\/\/katolicka-gimnazija.hr\/wp-content\/uploads\/2018\/12\/48020938_2256922830993441_7802399767878696960_n-750x500.jpg 750w, https:\/\/katolicka-gimnazija.hr\/wp-content\/uploads\/2018\/12\/48020938_2256922830993441_7802399767878696960_n-400x267.jpg 400w, https:\/\/katolicka-gimnazija.hr\/wp-content\/uploads\/2018\/12\/48020938_2256922830993441_7802399767878696960_n-430x287.jpg 430w, https:\/\/katolicka-gimnazija.hr\/wp-content\/uploads\/2018\/12\/48020938_2256922830993441_7802399767878696960_n-150x100.jpg 150w, https:\/\/katolicka-gimnazija.hr\/wp-content\/uploads\/2018\/12\/48020938_2256922830993441_7802399767878696960_n-100x67.jpg 100w, https:\/\/katolicka-gimnazija.hr\/wp-content\/uploads\/2018\/12\/48020938_2256922830993441_7802399767878696960_n.jpg 960w\" sizes=\"auto, (max-width: 300px) 100vw, 300px\" \/><\/a>\n\t\t\t<\/div><\/figure><figure class='gallery-item'>\n\t\t\t<div class='gallery-icon landscape'>\n\t\t\t\t<a href='https:\/\/katolicka-gimnazija.hr\/wp-content\/uploads\/2018\/12\/48396916_2256923490993375_2865118459199488000_n.jpg'><img loading=\"lazy\" decoding=\"async\" width=\"300\" height=\"200\" src=\"https:\/\/katolicka-gimnazija.hr\/wp-content\/uploads\/2018\/12\/48396916_2256923490993375_2865118459199488000_n-300x200.jpg\" class=\"attachment-medium size-medium\" alt=\"\" srcset=\"https:\/\/katolicka-gimnazija.hr\/wp-content\/uploads\/2018\/12\/48396916_2256923490993375_2865118459199488000_n-300x200.jpg 300w, https:\/\/katolicka-gimnazija.hr\/wp-content\/uploads\/2018\/12\/48396916_2256923490993375_2865118459199488000_n-768x512.jpg 768w, https:\/\/katolicka-gimnazija.hr\/wp-content\/uploads\/2018\/12\/48396916_2256923490993375_2865118459199488000_n-360x240.jpg 360w, https:\/\/katolicka-gimnazija.hr\/wp-content\/uploads\/2018\/12\/48396916_2256923490993375_2865118459199488000_n-750x500.jpg 750w, https:\/\/katolicka-gimnazija.hr\/wp-content\/uploads\/2018\/12\/48396916_2256923490993375_2865118459199488000_n-400x267.jpg 400w, https:\/\/katolicka-gimnazija.hr\/wp-content\/uploads\/2018\/12\/48396916_2256923490993375_2865118459199488000_n-430x287.jpg 430w, https:\/\/katolicka-gimnazija.hr\/wp-content\/uploads\/2018\/12\/48396916_2256923490993375_2865118459199488000_n-150x100.jpg 150w, https:\/\/katolicka-gimnazija.hr\/wp-content\/uploads\/2018\/12\/48396916_2256923490993375_2865118459199488000_n-100x67.jpg 100w, https:\/\/katolicka-gimnazija.hr\/wp-content\/uploads\/2018\/12\/48396916_2256923490993375_2865118459199488000_n.jpg 960w\" sizes=\"auto, (max-width: 300px) 100vw, 300px\" \/><\/a>\n\t\t\t<\/div><\/figure><figure class='gallery-item'>\n\t\t\t<div class='gallery-icon landscape'>\n\t\t\t\t<a href='https:\/\/katolicka-gimnazija.hr\/wp-content\/uploads\/2018\/12\/48413408_2256925667659824_3197225388023480320_n.jpg'><img loading=\"lazy\" decoding=\"async\" width=\"300\" height=\"200\" src=\"https:\/\/katolicka-gimnazija.hr\/wp-content\/uploads\/2018\/12\/48413408_2256925667659824_3197225388023480320_n-300x200.jpg\" class=\"attachment-medium size-medium\" alt=\"\" srcset=\"https:\/\/katolicka-gimnazija.hr\/wp-content\/uploads\/2018\/12\/48413408_2256925667659824_3197225388023480320_n-300x200.jpg 300w, https:\/\/katolicka-gimnazija.hr\/wp-content\/uploads\/2018\/12\/48413408_2256925667659824_3197225388023480320_n-768x512.jpg 768w, https:\/\/katolicka-gimnazija.hr\/wp-content\/uploads\/2018\/12\/48413408_2256925667659824_3197225388023480320_n-360x240.jpg 360w, https:\/\/katolicka-gimnazija.hr\/wp-content\/uploads\/2018\/12\/48413408_2256925667659824_3197225388023480320_n-750x500.jpg 750w, https:\/\/katolicka-gimnazija.hr\/wp-content\/uploads\/2018\/12\/48413408_2256925667659824_3197225388023480320_n-400x267.jpg 400w, https:\/\/katolicka-gimnazija.hr\/wp-content\/uploads\/2018\/12\/48413408_2256925667659824_3197225388023480320_n-430x287.jpg 430w, https:\/\/katolicka-gimnazija.hr\/wp-content\/uploads\/2018\/12\/48413408_2256925667659824_3197225388023480320_n-150x100.jpg 150w, https:\/\/katolicka-gimnazija.hr\/wp-content\/uploads\/2018\/12\/48413408_2256925667659824_3197225388023480320_n-100x67.jpg 100w, https:\/\/katolicka-gimnazija.hr\/wp-content\/uploads\/2018\/12\/48413408_2256925667659824_3197225388023480320_n.jpg 960w\" sizes=\"auto, (max-width: 300px) 100vw, 300px\" \/><\/a>\n\t\t\t<\/div><\/figure>\n\t\t<\/div>\n\n","protected":false},"excerpt":{"rendered":"<p>Dana 12. prosinca 2018. godine Katoli\u010dku gimnaziju s pravom javnosti Po\u017eega posjetila je organizacija pod nazivom \u201cOutward Bound\u201d. Outward Bound Hrvatska je organizacija koja mladima i odraslima kroz svoje programe omogu\u0107uje iskustveno u\u010denje; kajaking, penjanje, planinarenje, ronjenje&#8230; Vi\u0161e o projektu i organizaciji ispri\u010dao nam je jedan od instruktora, Marko Luka\u010devi\u0107. Mo\u017eete li nam re\u0107i ne\u0161to [&hellip;]<\/p>\n","protected":false},"author":66,"featured_media":14393,"comment_status":"closed","ping_status":"closed","sticky":false,"template":"","format":"standard","meta":{"footnotes":""},"categories":[4,2],"tags":[],"class_list":["post-14382","post","type-post","status-publish","format-standard","has-post-thumbnail","hentry","category-fotogalerije","category-vijesti"],"_links":{"self":[{"href":"https:\/\/katolicka-gimnazija.hr\/index.php\/wp-json\/wp\/v2\/posts\/14382","targetHints":{"allow":["GET"]}}],"collection":[{"href":"https:\/\/katolicka-gimnazija.hr\/index.php\/wp-json\/wp\/v2\/posts"}],"about":[{"href":"https:\/\/katolicka-gimnazija.hr\/index.php\/wp-json\/wp\/v2\/types\/post"}],"author":[{"embeddable":true,"href":"https:\/\/katolicka-gimnazija.hr\/index.php\/wp-json\/wp\/v2\/users\/66"}],"replies":[{"embeddable":true,"href":"https:\/\/katolicka-gimnazija.hr\/index.php\/wp-json\/wp\/v2\/comments?post=14382"}],"version-history":[{"count":4,"href":"https:\/\/katolicka-gimnazija.hr\/index.php\/wp-json\/wp\/v2\/posts\/14382\/revisions"}],"predecessor-version":[{"id":14557,"href":"https:\/\/katolicka-gimnazija.hr\/index.php\/wp-json\/wp\/v2\/posts\/14382\/revisions\/14557"}],"wp:featuredmedia":[{"embeddable":true,"href":"https:\/\/katolicka-gimnazija.hr\/index.php\/wp-json\/wp\/v2\/media\/14393"}],"wp:attachment":[{"href":"https:\/\/katolicka-gimnazija.hr\/index.php\/wp-json\/wp\/v2\/media?parent=14382"}],"wp:term":[{"taxonomy":"category","embeddable":true,"href":"https:\/\/katolicka-gimnazija.hr\/index.php\/wp-json\/wp\/v2\/categories?post=14382"},{"taxonomy":"post_tag","embeddable":true,"href":"https:\/\/katolicka-gimnazija.hr\/index.php\/wp-json\/wp\/v2\/tags?post=14382"}],"curies":[{"name":"wp","href":"https:\/\/api.w.org\/{rel}","templated":true}]}}