{"id":14399,"date":"2018-12-13T19:17:46","date_gmt":"2018-12-13T19:17:46","guid":{"rendered":"http:\/\/katolicka-gimnazija.hr\/?p=14399"},"modified":"2018-12-28T12:48:16","modified_gmt":"2018-12-28T12:48:16","slug":"predbozicni-prijem-u-zupaniji","status":"publish","type":"post","link":"https:\/\/katolicka-gimnazija.hr\/index.php\/2018\/12\/13\/predbozicni-prijem-u-zupaniji\/","title":{"rendered":"Predbo\u017ei\u0107ni prijem u \u017dupaniji"},"content":{"rendered":"<p>U \u010detvrtak 13. prosinca 2018. u prostorima \u017dupanije odr\u017ean je prijem u\u010denika, mentora i ravnatelja osnovnih i srednjih \u0161kola s podru\u010dja Po\u017ee\u0161ko- slavonske \u017eupanije koji su postigli odli\u010dan uspjeh na dr\u017eavnim natjecanjima. Na po\u010detku je sve prisutne pozdravio zamjenik \u017eupana Vedran Neferovi\u0107, \u010destitao im na postignutim rezultatima i po\u017eelio im sre\u0107u u daljnjem radu. Me\u0111u nagra\u0111enima su i u\u010denici na\u0161e \u0161kole te njihovi mentori. Nagradu za prvo mjesto na dr\u017eavnom natjecanju iz likovne umjetnosti, LIK 2018., dobio je Karlo Bleiziffer te njegova mentorica prof. Vera \u0106u\u017ee-Abramovi\u0107. Nagradu su, tako\u0111er, dobili i pro\u0161logodi\u0161nji maturanti Leon Fogadi\u0107, Romana Ronta i Domagoj Zubovi\u0107 kao i njihov mentor prof. Marijan Paveli\u0107 za sudjelovanje na dr\u017eavnoj smotri LiDraNo s radijskom emisijom <em>Je li se radio naradio?<\/em>, a nagradu u ime \u0161kole primio je ravnatelj Ivan Bedeni\u010di\u0107.<\/p>\n<div id='gallery-1' class='gallery galleryid-14399 gallery-columns-3 gallery-size-medium'><figure class='gallery-item'>\n\t\t\t<div class='gallery-icon landscape'>\n\t\t\t\t<a href='https:\/\/katolicka-gimnazija.hr\/wp-content\/uploads\/2018\/12\/48269347_2258071724211885_6352017194947182592_n.jpg'><img loading=\"lazy\" decoding=\"async\" width=\"300\" height=\"200\" src=\"https:\/\/katolicka-gimnazija.hr\/wp-content\/uploads\/2018\/12\/48269347_2258071724211885_6352017194947182592_n-300x200.jpg\" class=\"attachment-medium size-medium\" alt=\"\" srcset=\"https:\/\/katolicka-gimnazija.hr\/wp-content\/uploads\/2018\/12\/48269347_2258071724211885_6352017194947182592_n-300x200.jpg 300w, https:\/\/katolicka-gimnazija.hr\/wp-content\/uploads\/2018\/12\/48269347_2258071724211885_6352017194947182592_n-768x512.jpg 768w, https:\/\/katolicka-gimnazija.hr\/wp-content\/uploads\/2018\/12\/48269347_2258071724211885_6352017194947182592_n-360x240.jpg 360w, https:\/\/katolicka-gimnazija.hr\/wp-content\/uploads\/2018\/12\/48269347_2258071724211885_6352017194947182592_n-750x500.jpg 750w, https:\/\/katolicka-gimnazija.hr\/wp-content\/uploads\/2018\/12\/48269347_2258071724211885_6352017194947182592_n-400x267.jpg 400w, https:\/\/katolicka-gimnazija.hr\/wp-content\/uploads\/2018\/12\/48269347_2258071724211885_6352017194947182592_n-430x287.jpg 430w, https:\/\/katolicka-gimnazija.hr\/wp-content\/uploads\/2018\/12\/48269347_2258071724211885_6352017194947182592_n-150x100.jpg 150w, https:\/\/katolicka-gimnazija.hr\/wp-content\/uploads\/2018\/12\/48269347_2258071724211885_6352017194947182592_n-100x67.jpg 100w, https:\/\/katolicka-gimnazija.hr\/wp-content\/uploads\/2018\/12\/48269347_2258071724211885_6352017194947182592_n.jpg 960w\" sizes=\"auto, (max-width: 300px) 100vw, 300px\" \/><\/a>\n\t\t\t<\/div><\/figure><figure class='gallery-item'>\n\t\t\t<div class='gallery-icon landscape'>\n\t\t\t\t<a href='https:\/\/katolicka-gimnazija.hr\/wp-content\/uploads\/2018\/12\/48362857_2258072287545162_8401965090592522240_n.jpg'><img loading=\"lazy\" decoding=\"async\" width=\"300\" height=\"200\" src=\"https:\/\/katolicka-gimnazija.hr\/wp-content\/uploads\/2018\/12\/48362857_2258072287545162_8401965090592522240_n-300x200.jpg\" class=\"attachment-medium size-medium\" alt=\"\" srcset=\"https:\/\/katolicka-gimnazija.hr\/wp-content\/uploads\/2018\/12\/48362857_2258072287545162_8401965090592522240_n-300x200.jpg 300w, https:\/\/katolicka-gimnazija.hr\/wp-content\/uploads\/2018\/12\/48362857_2258072287545162_8401965090592522240_n-768x512.jpg 768w, https:\/\/katolicka-gimnazija.hr\/wp-content\/uploads\/2018\/12\/48362857_2258072287545162_8401965090592522240_n-360x240.jpg 360w, https:\/\/katolicka-gimnazija.hr\/wp-content\/uploads\/2018\/12\/48362857_2258072287545162_8401965090592522240_n-750x500.jpg 750w, https:\/\/katolicka-gimnazija.hr\/wp-content\/uploads\/2018\/12\/48362857_2258072287545162_8401965090592522240_n-400x267.jpg 400w, https:\/\/katolicka-gimnazija.hr\/wp-content\/uploads\/2018\/12\/48362857_2258072287545162_8401965090592522240_n-430x287.jpg 430w, https:\/\/katolicka-gimnazija.hr\/wp-content\/uploads\/2018\/12\/48362857_2258072287545162_8401965090592522240_n-150x100.jpg 150w, https:\/\/katolicka-gimnazija.hr\/wp-content\/uploads\/2018\/12\/48362857_2258072287545162_8401965090592522240_n-100x67.jpg 100w, https:\/\/katolicka-gimnazija.hr\/wp-content\/uploads\/2018\/12\/48362857_2258072287545162_8401965090592522240_n.jpg 960w\" sizes=\"auto, (max-width: 300px) 100vw, 300px\" \/><\/a>\n\t\t\t<\/div><\/figure><figure class='gallery-item'>\n\t\t\t<div class='gallery-icon landscape'>\n\t\t\t\t<a href='https:\/\/katolicka-gimnazija.hr\/wp-content\/uploads\/2018\/12\/48356082_2258072254211832_9129678824236122112_n.jpg'><img loading=\"lazy\" decoding=\"async\" width=\"300\" height=\"200\" src=\"https:\/\/katolicka-gimnazija.hr\/wp-content\/uploads\/2018\/12\/48356082_2258072254211832_9129678824236122112_n-300x200.jpg\" class=\"attachment-medium size-medium\" alt=\"\" srcset=\"https:\/\/katolicka-gimnazija.hr\/wp-content\/uploads\/2018\/12\/48356082_2258072254211832_9129678824236122112_n-300x200.jpg 300w, https:\/\/katolicka-gimnazija.hr\/wp-content\/uploads\/2018\/12\/48356082_2258072254211832_9129678824236122112_n-768x512.jpg 768w, https:\/\/katolicka-gimnazija.hr\/wp-content\/uploads\/2018\/12\/48356082_2258072254211832_9129678824236122112_n-360x240.jpg 360w, https:\/\/katolicka-gimnazija.hr\/wp-content\/uploads\/2018\/12\/48356082_2258072254211832_9129678824236122112_n-750x500.jpg 750w, https:\/\/katolicka-gimnazija.hr\/wp-content\/uploads\/2018\/12\/48356082_2258072254211832_9129678824236122112_n-400x267.jpg 400w, https:\/\/katolicka-gimnazija.hr\/wp-content\/uploads\/2018\/12\/48356082_2258072254211832_9129678824236122112_n-430x287.jpg 430w, https:\/\/katolicka-gimnazija.hr\/wp-content\/uploads\/2018\/12\/48356082_2258072254211832_9129678824236122112_n-150x100.jpg 150w, https:\/\/katolicka-gimnazija.hr\/wp-content\/uploads\/2018\/12\/48356082_2258072254211832_9129678824236122112_n-100x67.jpg 100w, https:\/\/katolicka-gimnazija.hr\/wp-content\/uploads\/2018\/12\/48356082_2258072254211832_9129678824236122112_n.jpg 960w\" sizes=\"auto, (max-width: 300px) 100vw, 300px\" \/><\/a>\n\t\t\t<\/div><\/figure><figure class='gallery-item'>\n\t\t\t<div class='gallery-icon landscape'>\n\t\t\t\t<a href='https:\/\/katolicka-gimnazija.hr\/wp-content\/uploads\/2018\/12\/48356072_2258072394211818_4849000536537563136_n.jpg'><img loading=\"lazy\" decoding=\"async\" width=\"300\" height=\"200\" src=\"https:\/\/katolicka-gimnazija.hr\/wp-content\/uploads\/2018\/12\/48356072_2258072394211818_4849000536537563136_n-300x200.jpg\" class=\"attachment-medium size-medium\" alt=\"\" srcset=\"https:\/\/katolicka-gimnazija.hr\/wp-content\/uploads\/2018\/12\/48356072_2258072394211818_4849000536537563136_n-300x200.jpg 300w, https:\/\/katolicka-gimnazija.hr\/wp-content\/uploads\/2018\/12\/48356072_2258072394211818_4849000536537563136_n-768x512.jpg 768w, https:\/\/katolicka-gimnazija.hr\/wp-content\/uploads\/2018\/12\/48356072_2258072394211818_4849000536537563136_n-360x240.jpg 360w, https:\/\/katolicka-gimnazija.hr\/wp-content\/uploads\/2018\/12\/48356072_2258072394211818_4849000536537563136_n-750x500.jpg 750w, https:\/\/katolicka-gimnazija.hr\/wp-content\/uploads\/2018\/12\/48356072_2258072394211818_4849000536537563136_n-400x267.jpg 400w, https:\/\/katolicka-gimnazija.hr\/wp-content\/uploads\/2018\/12\/48356072_2258072394211818_4849000536537563136_n-430x287.jpg 430w, https:\/\/katolicka-gimnazija.hr\/wp-content\/uploads\/2018\/12\/48356072_2258072394211818_4849000536537563136_n-150x100.jpg 150w, https:\/\/katolicka-gimnazija.hr\/wp-content\/uploads\/2018\/12\/48356072_2258072394211818_4849000536537563136_n-100x67.jpg 100w, https:\/\/katolicka-gimnazija.hr\/wp-content\/uploads\/2018\/12\/48356072_2258072394211818_4849000536537563136_n.jpg 960w\" sizes=\"auto, (max-width: 300px) 100vw, 300px\" \/><\/a>\n\t\t\t<\/div><\/figure>\n\t\t<\/div>\n\n","protected":false},"excerpt":{"rendered":"<p>U \u010detvrtak 13. prosinca 2018. u prostorima \u017dupanije odr\u017ean je prijem u\u010denika, mentora i ravnatelja osnovnih i srednjih \u0161kola s podru\u010dja Po\u017ee\u0161ko- slavonske \u017eupanije koji su postigli odli\u010dan uspjeh na dr\u017eavnim natjecanjima. Na po\u010detku je sve prisutne pozdravio zamjenik \u017eupana Vedran Neferovi\u0107, \u010destitao im na postignutim rezultatima i po\u017eelio im sre\u0107u u daljnjem radu. Me\u0111u [&hellip;]<\/p>\n","protected":false},"author":61,"featured_media":14402,"comment_status":"closed","ping_status":"closed","sticky":false,"template":"","format":"standard","meta":{"footnotes":""},"categories":[4,2],"tags":[],"class_list":["post-14399","post","type-post","status-publish","format-standard","has-post-thumbnail","hentry","category-fotogalerije","category-vijesti"],"_links":{"self":[{"href":"https:\/\/katolicka-gimnazija.hr\/index.php\/wp-json\/wp\/v2\/posts\/14399","targetHints":{"allow":["GET"]}}],"collection":[{"href":"https:\/\/katolicka-gimnazija.hr\/index.php\/wp-json\/wp\/v2\/posts"}],"about":[{"href":"https:\/\/katolicka-gimnazija.hr\/index.php\/wp-json\/wp\/v2\/types\/post"}],"author":[{"embeddable":true,"href":"https:\/\/katolicka-gimnazija.hr\/index.php\/wp-json\/wp\/v2\/users\/61"}],"replies":[{"embeddable":true,"href":"https:\/\/katolicka-gimnazija.hr\/index.php\/wp-json\/wp\/v2\/comments?post=14399"}],"version-history":[{"count":2,"href":"https:\/\/katolicka-gimnazija.hr\/index.php\/wp-json\/wp\/v2\/posts\/14399\/revisions"}],"predecessor-version":[{"id":14556,"href":"https:\/\/katolicka-gimnazija.hr\/index.php\/wp-json\/wp\/v2\/posts\/14399\/revisions\/14556"}],"wp:featuredmedia":[{"embeddable":true,"href":"https:\/\/katolicka-gimnazija.hr\/index.php\/wp-json\/wp\/v2\/media\/14402"}],"wp:attachment":[{"href":"https:\/\/katolicka-gimnazija.hr\/index.php\/wp-json\/wp\/v2\/media?parent=14399"}],"wp:term":[{"taxonomy":"category","embeddable":true,"href":"https:\/\/katolicka-gimnazija.hr\/index.php\/wp-json\/wp\/v2\/categories?post=14399"},{"taxonomy":"post_tag","embeddable":true,"href":"https:\/\/katolicka-gimnazija.hr\/index.php\/wp-json\/wp\/v2\/tags?post=14399"}],"curies":[{"name":"wp","href":"https:\/\/api.w.org\/{rel}","templated":true}]}}