{"id":15263,"date":"2019-01-13T20:21:03","date_gmt":"2019-01-13T20:21:03","guid":{"rendered":"http:\/\/katolicka-gimnazija.hr\/?p=15263"},"modified":"2019-01-13T20:27:49","modified_gmt":"2019-01-13T20:27:49","slug":"susret-djelatnika-katolickih-skola-pozeske-biskupije-3","status":"publish","type":"post","link":"https:\/\/katolicka-gimnazija.hr\/index.php\/2019\/01\/13\/susret-djelatnika-katolickih-skola-pozeske-biskupije-3\/","title":{"rendered":"Susret djelatnika katoli\u010dkih \u0161kola Po\u017ee\u0161ke biskupije"},"content":{"rendered":"<p><a href=\"http:\/\/katolicka-gimnazija.hr\/wp-content\/uploads\/2019\/01\/DSC_3602.jpg\"><img loading=\"lazy\" decoding=\"async\" class=\"alignleft size-medium wp-image-15266\" src=\"http:\/\/katolicka-gimnazija.hr\/wp-content\/uploads\/2019\/01\/DSC_3602-300x200.jpg\" alt=\"DSC_3602\" width=\"300\" height=\"200\" srcset=\"https:\/\/katolicka-gimnazija.hr\/wp-content\/uploads\/2019\/01\/DSC_3602-300x200.jpg 300w, https:\/\/katolicka-gimnazija.hr\/wp-content\/uploads\/2019\/01\/DSC_3602-400x267.jpg 400w, https:\/\/katolicka-gimnazija.hr\/wp-content\/uploads\/2019\/01\/DSC_3602-768x512.jpg 768w, https:\/\/katolicka-gimnazija.hr\/wp-content\/uploads\/2019\/01\/DSC_3602-1024x683.jpg 1024w\" sizes=\"auto, (max-width: 300px) 100vw, 300px\" \/><\/a>Prije po\u010detka nastave drugoga polugodi\u0161ta u subotu, 12. sije\u010dnja 2019. u organizaciji Ureda za katoli\u010dke \u0161kole u Po\u017eegi je odr\u017ean susret djelatnike katoli\u010dkih \u0161kola Po\u017ee\u0161ke biskupije predvo\u0111enih ravnateljima iz Katoli\u010dke gimnazije i Katoli\u010dke osnovne \u0161kole u Po\u017eegi, Katoli\u010dke klasi\u010dne gimnazije i Katoli\u010dke osnovne \u0161kole u Virovitici te iz Katoli\u010dke osnovne \u0161kole u Novskoj. Susret je sazvao i njime ravnao Ivica \u017duljevi\u0107, predstojnik Ureda za katoli\u010dke \u0161kole, a na njem je sudjelovao i biskup Antun \u0160kvor\u010devi\u0107, osniva\u010d \u0161kola.<\/p>\n<p><a href=\"http:\/\/katolicka-gimnazija.hr\/wp-content\/uploads\/2019\/01\/DSC_3611.jpg\"><img loading=\"lazy\" decoding=\"async\" class=\"alignright size-medium wp-image-15267\" src=\"http:\/\/katolicka-gimnazija.hr\/wp-content\/uploads\/2019\/01\/DSC_3611-300x200.jpg\" alt=\"DSC_3611\" width=\"300\" height=\"200\" srcset=\"https:\/\/katolicka-gimnazija.hr\/wp-content\/uploads\/2019\/01\/DSC_3611-300x200.jpg 300w, https:\/\/katolicka-gimnazija.hr\/wp-content\/uploads\/2019\/01\/DSC_3611-400x267.jpg 400w, https:\/\/katolicka-gimnazija.hr\/wp-content\/uploads\/2019\/01\/DSC_3611-768x512.jpg 768w, https:\/\/katolicka-gimnazija.hr\/wp-content\/uploads\/2019\/01\/DSC_3611-1024x683.jpg 1024w\" sizes=\"auto, (max-width: 300px) 100vw, 300px\" \/><\/a>Program je u Maloj dvorani sv. Terezije Avilske zapo\u010deo molitvom. Potom je predstojnik \u017duljevi\u0107 pozdravio nazo\u010dne, predstavio hodogram susreta i predao rije\u010d biskupu \u0160kvor\u010devi\u0107u. Pozdravljaju\u0107i nazo\u010dne ravnatelje, profesore, u\u010ditelje i druge djelatnike katoli\u010dkih \u0161kola i za\u017eeljev\u0161i im blagoslovljenu novu godinu, biskup im je zahvalio za \u017ertvu i ljubav koju ula\u017eu u mladi nara\u0161taj. Spomenuo je kako mu je drago \u0161to tijekom minula tri tjedna bo\u017ei\u0107nog ferja nisu praznovali, te se iznutra ispraznili, nego su svetkovali i svoje u\u010diteljsko srce ispunjali neiscrpivim sadr\u017eajem Bo\u017ei\u0107a sa svom njegovom ljepotom, dubinom, svjetlo\u0161\u0107u i snagom. <a href=\"http:\/\/katolicka-gimnazija.hr\/wp-content\/uploads\/2019\/01\/DSC_3645.jpg\"><img loading=\"lazy\" decoding=\"async\" class=\"alignleft size-medium wp-image-15268\" src=\"http:\/\/katolicka-gimnazija.hr\/wp-content\/uploads\/2019\/01\/DSC_3645-300x200.jpg\" alt=\"DSC_3645\" width=\"300\" height=\"200\" srcset=\"https:\/\/katolicka-gimnazija.hr\/wp-content\/uploads\/2019\/01\/DSC_3645-300x200.jpg 300w, https:\/\/katolicka-gimnazija.hr\/wp-content\/uploads\/2019\/01\/DSC_3645-400x267.jpg 400w, https:\/\/katolicka-gimnazija.hr\/wp-content\/uploads\/2019\/01\/DSC_3645-768x512.jpg 768w, https:\/\/katolicka-gimnazija.hr\/wp-content\/uploads\/2019\/01\/DSC_3645-1024x683.jpg 1024w\" sizes=\"auto, (max-width: 300px) 100vw, 300px\" \/><\/a>Rekao je da mu je osobno veoma stalo do toga da se oni kao u\u010ditelji u katoli\u010dkim \u0161kolama osje\u0107aju dobro, dapa\u010de izvrsno i ponosno zato \u0161to su u slu\u017ebi \u2013 ne nekoga svoga \u2013 nego Bo\u017ejeg projekta o \u010dovjeku, kao bi\u0107u koje ne \u017eivi kao izolirani pojedinac, nego u odnosu prema Bogu, roditeljima i drugim ljudima, i koje traga za kona\u010dno\u0161\u0107u i smislom svoga postojanja. Rekao je da mu je draga sintagma \u00bb\u0161kola za \u017eivot\u00ab kojom Ministarstvo znanosti i obrazovanja nastoji unaprijediti \u0161kolstvo u Hrvatskoj, ali je ustvrdio da ona nije dovoljno \u017eivotna ukoliko odgoj i obrazovanje u\u010denika u \u0161kolama svede na njihovo informati\u010dko osposobljavanje, da budu \u0161to funkcionalniji i kompetentniji na virtualnom podru\u010dju suvremenih tehnologija ivje\u0161tina.<\/p>\n<p><a href=\"http:\/\/katolicka-gimnazija.hr\/wp-content\/uploads\/2019\/01\/DSC_3619.jpg\"><img loading=\"lazy\" decoding=\"async\" class=\"alignright size-medium wp-image-15270\" src=\"http:\/\/katolicka-gimnazija.hr\/wp-content\/uploads\/2019\/01\/DSC_3619-300x200.jpg\" alt=\"DSC_3619\" width=\"300\" height=\"200\" srcset=\"https:\/\/katolicka-gimnazija.hr\/wp-content\/uploads\/2019\/01\/DSC_3619-300x200.jpg 300w, https:\/\/katolicka-gimnazija.hr\/wp-content\/uploads\/2019\/01\/DSC_3619-400x267.jpg 400w, https:\/\/katolicka-gimnazija.hr\/wp-content\/uploads\/2019\/01\/DSC_3619-768x512.jpg 768w, https:\/\/katolicka-gimnazija.hr\/wp-content\/uploads\/2019\/01\/DSC_3619-1024x683.jpg 1024w\" sizes=\"auto, (max-width: 300px) 100vw, 300px\" \/><\/a>Naglasio je da katoli\u010dke \u0161kole \u017eele biti za \u017eivot na taj na\u010din da u\u010denike osposobljavaju da budu vrsni stru\u010dnjaci ali jo\u0161 vi\u0161e vrsni ljudi. Time \u0161to je Bo\u017eji Sin postao \u010dovjekom, on nam je poru\u010dio kako biti \u010dovjek nije tek neki usputni podatak, nego silno va\u017ena \u010dinjenica. Djeci i mladim u kojima otkrivamo ljudsku izvornost i ljepotu, \u017eelimo u katoli\u010dkim \u0161kolama omogu\u0107iti da se razvijaju i rastu u svojoj osobnosti i ljudskosti. Onoliko \u0107e na\u0161e katoli\u010dke \u0161kole biti za \u017eivot, koliko u\u010ditelji svojim u\u010denicima budu prenijeli vrijednosne sadr\u017eaje koje nose u sebi, ustvrdio je biskup. Pozvao je nazo\u010dne da u svom u\u010diteljskom poslanju njeguju osobnu blizinu prema svojim u\u010denicima i njihovim roditeljima po primjeru Isusa Krista, koji je \u2013 postav\u0161i \u010dovjekom \u2013 posvjedo\u010dio da sre\u0107a nije imati ne\u0161to, nego biti \u010dovjek, i to \u0161to potpunije i istinskije. Po\u017eelio je \u0161kolskim djelatnicima da zajedno s djecom i mladima uz Bo\u017eju pomo\u0107 tijekom 2019. rastu u \u010dovje\u0161tvu.<\/p>\n<p><a href=\"http:\/\/katolicka-gimnazija.hr\/wp-content\/uploads\/2019\/01\/DSC_3649.jpg\"><img loading=\"lazy\" decoding=\"async\" class=\"alignleft size-medium wp-image-15271\" src=\"http:\/\/katolicka-gimnazija.hr\/wp-content\/uploads\/2019\/01\/DSC_3649-300x200.jpg\" alt=\"DSC_3649\" width=\"300\" height=\"200\" srcset=\"https:\/\/katolicka-gimnazija.hr\/wp-content\/uploads\/2019\/01\/DSC_3649-300x200.jpg 300w, https:\/\/katolicka-gimnazija.hr\/wp-content\/uploads\/2019\/01\/DSC_3649-400x267.jpg 400w, https:\/\/katolicka-gimnazija.hr\/wp-content\/uploads\/2019\/01\/DSC_3649-768x512.jpg 768w, https:\/\/katolicka-gimnazija.hr\/wp-content\/uploads\/2019\/01\/DSC_3649-1024x683.jpg 1024w\" sizes=\"auto, (max-width: 300px) 100vw, 300px\" \/><\/a>Sredi\u0161nji dio prvoga dijela bilo je predavanje koje je odr\u017eala istaknuta djelatnica u srednjem \u0161kolstvu, biv\u0161a ravnateljica VII. gimnazije u Zagrebu te biv\u0161a ministrica prosvjete i \u0161porta Ljilja Voki\u0107 na temu \u201eUloga u\u010ditelja u (katoli\u010dkoj) \u0161koli\u201c. Na po\u010detku svoga izlaganja\u010destitala je i pohvalila po\u017ee\u0161kog biskupa Antuna \u0160kvor\u010devi\u0107a za istaknuto djelovanje na podru\u010dju obrazovanja te u postotku gledano za osnivanje najve\u0107eg broja katoli\u010dkih \u0161kola na podru\u010dju jedne biskupije. Za uzor je postavila Slova\u010dku koja je po broju i sastavu stanovni\u0161tva sli\u010dna Hrvatskoj, a ima vi\u0161e od 100 katoli\u010dkih \u0161kola.<\/p>\n<p><a href=\"http:\/\/katolicka-gimnazija.hr\/wp-content\/uploads\/2019\/01\/DSC_3637.jpg\"><img loading=\"lazy\" decoding=\"async\" class=\"alignright size-medium wp-image-15272\" src=\"http:\/\/katolicka-gimnazija.hr\/wp-content\/uploads\/2019\/01\/DSC_3637-300x200.jpg\" alt=\"DSC_3637\" width=\"300\" height=\"200\" srcset=\"https:\/\/katolicka-gimnazija.hr\/wp-content\/uploads\/2019\/01\/DSC_3637-300x200.jpg 300w, https:\/\/katolicka-gimnazija.hr\/wp-content\/uploads\/2019\/01\/DSC_3637-400x267.jpg 400w, https:\/\/katolicka-gimnazija.hr\/wp-content\/uploads\/2019\/01\/DSC_3637-768x512.jpg 768w, https:\/\/katolicka-gimnazija.hr\/wp-content\/uploads\/2019\/01\/DSC_3637-1024x683.jpg 1024w\" sizes=\"auto, (max-width: 300px) 100vw, 300px\" \/><\/a>Nadovezuju\u0107i se na govor biskupa \u0160kvor\u010devi\u0107a prof. Voki\u0107 je najve\u0107i naglasak u svome predavanju stavila na odgoj usmjeren prema cjelovitosti \u010dovjeka te je istaknula nekoliko vrijednosti koje u svom radu u\u010ditelji trebaju posjedovati i promicati. Prioritet odgoja, nastavila je prof. Voki\u0107, treba biti humano zajedni\u0161tvo bez interesa koje se tijekom obrazovanja sve vi\u0161e razvija kod u\u010denika, ako ga posjeduju i promi\u010du u\u010ditelji. U\u010denici cijene znanje i stru\u010dnost, ali prije svega kod u\u010ditelja prepoznaju i cijene pravednost. Predava\u010dica je naglasila kako u\u010ditelj prenosi vrijednosti na mlade najvi\u0161e vlastitim primjerom i to na podru\u010dju znanja, pona\u0161anja i odijevanja. Gotovo svaku tezu iskusna je predava\u010da potvr\u0111ivala brojnim i nerijetko humoristi\u010dnim primjerima.<\/p>\n<p><a href=\"http:\/\/katolicka-gimnazija.hr\/wp-content\/uploads\/2019\/01\/DSC_3664.jpg\"><img loading=\"lazy\" decoding=\"async\" class=\"size-medium wp-image-15273 alignleft\" src=\"http:\/\/katolicka-gimnazija.hr\/wp-content\/uploads\/2019\/01\/DSC_3664-300x200.jpg\" alt=\"DSC_3664\" width=\"300\" height=\"200\" srcset=\"https:\/\/katolicka-gimnazija.hr\/wp-content\/uploads\/2019\/01\/DSC_3664-300x200.jpg 300w, https:\/\/katolicka-gimnazija.hr\/wp-content\/uploads\/2019\/01\/DSC_3664-400x267.jpg 400w, https:\/\/katolicka-gimnazija.hr\/wp-content\/uploads\/2019\/01\/DSC_3664-768x512.jpg 768w, https:\/\/katolicka-gimnazija.hr\/wp-content\/uploads\/2019\/01\/DSC_3664-1024x683.jpg 1024w\" sizes=\"auto, (max-width: 300px) 100vw, 300px\" \/><\/a>Osvrnuv\u0161i se na aktualno stanje dru\u0161tva i \u0161kolstva prof. Voki\u0107 je istaknula i neke od izazova dana\u0161njeg odgoja kao \u0161to su uru\u0161eni autoriteti, emocionalna nezrelost i hladno\u0107a u\u010denika, ote\u017eana suradnja s roditeljima, razorna mo\u0107 medija i sl. Posvijestila je \u010dinjenicu kako je profesorski poziv upravo zbog toga osobito privilegiran jer \u0161kola je mjesto gdje se odgaja. U\u010ditelj koji odgaja s ljubavlju i razumijevanjem mo\u017ee djeci i mladima u tim trenucima biti oslonac i potpora. Obrazovanje i odgoj ostavljaju neizbrisiv pe\u010dat i trag koji mladi ljudi nose u \u017eivot i dalje ga prenose na svoju djecu, stoga je u\u010diteljstvo povijesna zada\u0107a i odgovornost. Potaknula je u\u010ditelje da iz u\u010denika izvuku najbolje, da ih podr\u017eavaju i raduju se zajedni\u010dkim susretima u i izvan \u0161kole. Na svr\u0161etku predavanja prof. Ljilja je poru\u010dila nazo\u010dnima kako su oni budu\u0107nost domovine te je zaklju\u010dila rije\u010dima Svetoga Oca Franje: \u201eSamo hrabro naprijed!\u201c<\/p>\n<p><a href=\"http:\/\/katolicka-gimnazija.hr\/wp-content\/uploads\/2019\/01\/DSC_3690.jpg\"><img loading=\"lazy\" decoding=\"async\" class=\"alignright size-medium wp-image-15274\" src=\"http:\/\/katolicka-gimnazija.hr\/wp-content\/uploads\/2019\/01\/DSC_3690-300x200.jpg\" alt=\"DSC_3690\" width=\"300\" height=\"200\" srcset=\"https:\/\/katolicka-gimnazija.hr\/wp-content\/uploads\/2019\/01\/DSC_3690-300x200.jpg 300w, https:\/\/katolicka-gimnazija.hr\/wp-content\/uploads\/2019\/01\/DSC_3690-400x267.jpg 400w, https:\/\/katolicka-gimnazija.hr\/wp-content\/uploads\/2019\/01\/DSC_3690-768x512.jpg 768w, https:\/\/katolicka-gimnazija.hr\/wp-content\/uploads\/2019\/01\/DSC_3690-1024x683.jpg 1024w\" sizes=\"auto, (max-width: 300px) 100vw, 300px\" \/><\/a>Nakon kratkog predaha na programu je bilo predstavljanje rada Povjerenstva za izradu plana i programa katoli\u010dkih \u0161kola koje je oblikovao Nacionlani ured za katoli\u010dke \u0161kole. O izradi kurikuluma za sve predmete u tim \u0161kolama progovorila je glavna koordinatorica Povjerenstva Jasminka Buljan Culej. Predstavila je dosada\u0161nji rad i zalaganje entuzijasti\u010dnih profesora te je pojasnila kako \u0107e njihovi prijedlozi biti dostavljeni svim katoli\u010dkim \u0161kolama i naposljetku dostavljeni Hrvatskoj biskupskoj konferenciji na odobrenje. Temeljni cilj izrade kurikuluma je odgoj cjelovitih osoba, a gospo\u0111a Buljan Culej je istaknula kako je izrada kurikuluma izvanredna prilika za utvr\u0111ivanje identiteta katoli\u010dkih \u0161kola te za ja\u010danje nacionalnog identiteta. Na kraju je pozvala ravnatelje \u0161kola i sve djelatnike na aktivno sudjelovanje i suradnju pri izradi kurikuluma.<\/p>\n<p><a href=\"http:\/\/katolicka-gimnazija.hr\/wp-content\/uploads\/2019\/01\/DSC_3699.jpg\"><img loading=\"lazy\" decoding=\"async\" class=\"alignleft size-medium wp-image-15275\" src=\"http:\/\/katolicka-gimnazija.hr\/wp-content\/uploads\/2019\/01\/DSC_3699-300x200.jpg\" alt=\"DSC_3699\" width=\"300\" height=\"200\" srcset=\"https:\/\/katolicka-gimnazija.hr\/wp-content\/uploads\/2019\/01\/DSC_3699-300x200.jpg 300w, https:\/\/katolicka-gimnazija.hr\/wp-content\/uploads\/2019\/01\/DSC_3699-400x267.jpg 400w, https:\/\/katolicka-gimnazija.hr\/wp-content\/uploads\/2019\/01\/DSC_3699-768x512.jpg 768w, https:\/\/katolicka-gimnazija.hr\/wp-content\/uploads\/2019\/01\/DSC_3699-1024x683.jpg 1024w\" sizes=\"auto, (max-width: 300px) 100vw, 300px\" \/><\/a>Predstojnik Nacionalnog ureda za katoli\u010dke \u0161kole Ivica \u017duljevi\u0107 ravnao je tematskom raspravom koja je slijedila, a potom je podsjetio nazo\u010dne na va\u017enija doga\u0111anja u Biskupiji na odgojno-obrazovnom podru\u010dju. Privode se kraju gra\u0111evinski radovi i dogradnja \u0161kole u Virovitici koja bi do po\u010detka sljede\u0107e nastavne godine trebala biti u potpunosti obnovljena. Budu\u0107i da Katoli\u010dka osnovna \u0161kola u Po\u017eegi obilje\u017eava desetu godinu postojanja, pozvao se sve nazo\u010dne da im iska\u017eu podr\u0161ku odazivom na prigodne programe i sve\u010danosti proslave. Potaknuo je sve koji su u mogu\u0107nosti da u uskrsnom tjednu ove godine sudjeluju na Biskupijskom hodo\u010da\u0161\u0107u u Poljsku.<\/p>\n<p>Na kraju rasprave biskup \u0160kvor\u010devi\u0107 je zahvalio profesorici Buljan Culej na spremnom odazivu i prihva\u0107anju obveze koordiniranja izrade kurikuluma za katoli\u010dke \u0161kole i na izlaganju koje je odr\u017eala.<\/p>\n<p><a href=\"http:\/\/katolicka-gimnazija.hr\/wp-content\/uploads\/2019\/01\/DSC_3751.jpg\"><img loading=\"lazy\" decoding=\"async\" class=\"alignleft size-medium wp-image-15276 alignright\" src=\"http:\/\/katolicka-gimnazija.hr\/wp-content\/uploads\/2019\/01\/DSC_3751-300x200.jpg\" alt=\"DSC_3751\" width=\"300\" height=\"200\" srcset=\"https:\/\/katolicka-gimnazija.hr\/wp-content\/uploads\/2019\/01\/DSC_3751-300x200.jpg 300w, https:\/\/katolicka-gimnazija.hr\/wp-content\/uploads\/2019\/01\/DSC_3751-400x267.jpg 400w, https:\/\/katolicka-gimnazija.hr\/wp-content\/uploads\/2019\/01\/DSC_3751-768x512.jpg 768w, https:\/\/katolicka-gimnazija.hr\/wp-content\/uploads\/2019\/01\/DSC_3751-1024x683.jpg 1024w\" sizes=\"auto, (max-width: 300px) 100vw, 300px\" \/><\/a>Drugi dio susreta bio je duhovne naravi. Marijan Paveli\u0107, vjerou\u010ditelj iz Katoli\u010dke gimnazije u Po\u017eegi predvodio je u Katedrali sv. Terezije Avilske euharistijsko klanjanje uz u\u010de\u0161\u0107e predstavnika iz svih pet katoli\u010dkih \u0161kola i molitveno sudjelovanje nazo\u010dnih djelatnika.<\/p>\n<p>Susret je zavr\u0161io zajedni\u010dkim objedom i dru\u017eenjem u blagovaonici i prostorima Katoli\u010dke osnovne \u0161kole u Po\u017eegi.<\/p>\n","protected":false},"excerpt":{"rendered":"<p>Prije po\u010detka nastave drugoga polugodi\u0161ta u subotu, 12. sije\u010dnja 2019. u organizaciji Ureda za katoli\u010dke \u0161kole u Po\u017eegi je odr\u017ean susret djelatnike katoli\u010dkih \u0161kola Po\u017ee\u0161ke biskupije predvo\u0111enih ravnateljima iz Katoli\u010dke gimnazije i Katoli\u010dke osnovne \u0161kole u Po\u017eegi, Katoli\u010dke klasi\u010dne gimnazije i Katoli\u010dke osnovne \u0161kole u Virovitici te iz Katoli\u010dke osnovne \u0161kole u Novskoj. Susret je [&hellip;]<\/p>\n","protected":false},"author":2,"featured_media":15264,"comment_status":"closed","ping_status":"closed","sticky":false,"template":"","format":"standard","meta":{"footnotes":""},"categories":[4,2],"tags":[],"class_list":["post-15263","post","type-post","status-publish","format-standard","has-post-thumbnail","hentry","category-fotogalerije","category-vijesti"],"_links":{"self":[{"href":"https:\/\/katolicka-gimnazija.hr\/index.php\/wp-json\/wp\/v2\/posts\/15263","targetHints":{"allow":["GET"]}}],"collection":[{"href":"https:\/\/katolicka-gimnazija.hr\/index.php\/wp-json\/wp\/v2\/posts"}],"about":[{"href":"https:\/\/katolicka-gimnazija.hr\/index.php\/wp-json\/wp\/v2\/types\/post"}],"author":[{"embeddable":true,"href":"https:\/\/katolicka-gimnazija.hr\/index.php\/wp-json\/wp\/v2\/users\/2"}],"replies":[{"embeddable":true,"href":"https:\/\/katolicka-gimnazija.hr\/index.php\/wp-json\/wp\/v2\/comments?post=15263"}],"version-history":[{"count":6,"href":"https:\/\/katolicka-gimnazija.hr\/index.php\/wp-json\/wp\/v2\/posts\/15263\/revisions"}],"predecessor-version":[{"id":15280,"href":"https:\/\/katolicka-gimnazija.hr\/index.php\/wp-json\/wp\/v2\/posts\/15263\/revisions\/15280"}],"wp:featuredmedia":[{"embeddable":true,"href":"https:\/\/katolicka-gimnazija.hr\/index.php\/wp-json\/wp\/v2\/media\/15264"}],"wp:attachment":[{"href":"https:\/\/katolicka-gimnazija.hr\/index.php\/wp-json\/wp\/v2\/media?parent=15263"}],"wp:term":[{"taxonomy":"category","embeddable":true,"href":"https:\/\/katolicka-gimnazija.hr\/index.php\/wp-json\/wp\/v2\/categories?post=15263"},{"taxonomy":"post_tag","embeddable":true,"href":"https:\/\/katolicka-gimnazija.hr\/index.php\/wp-json\/wp\/v2\/tags?post=15263"}],"curies":[{"name":"wp","href":"https:\/\/api.w.org\/{rel}","templated":true}]}}