{"id":15295,"date":"2019-01-16T13:58:29","date_gmt":"2019-01-16T13:58:29","guid":{"rendered":"http:\/\/katolicka-gimnazija.hr\/?p=15295"},"modified":"2019-01-17T12:57:24","modified_gmt":"2019-01-17T12:57:24","slug":"vrijedan-dokumenat-domovinskog-rata","status":"publish","type":"post","link":"https:\/\/katolicka-gimnazija.hr\/index.php\/2019\/01\/16\/vrijedan-dokumenat-domovinskog-rata\/","title":{"rendered":"Vrijedan dokument Domovinskog rata"},"content":{"rendered":"<p><a href=\"http:\/\/katolicka-gimnazija.hr\/wp-content\/uploads\/2019\/01\/DSC_0650.jpg\"><img loading=\"lazy\" decoding=\"async\" class=\"alignleft size-medium wp-image-15298\" src=\"http:\/\/katolicka-gimnazija.hr\/wp-content\/uploads\/2019\/01\/DSC_0650-300x201.jpg\" alt=\"DSC_0650\" width=\"300\" height=\"201\" srcset=\"https:\/\/katolicka-gimnazija.hr\/wp-content\/uploads\/2019\/01\/DSC_0650-300x201.jpg 300w, https:\/\/katolicka-gimnazija.hr\/wp-content\/uploads\/2019\/01\/DSC_0650-400x268.jpg 400w, https:\/\/katolicka-gimnazija.hr\/wp-content\/uploads\/2019\/01\/DSC_0650-768x514.jpg 768w, https:\/\/katolicka-gimnazija.hr\/wp-content\/uploads\/2019\/01\/DSC_0650-1024x685.jpg 1024w, https:\/\/katolicka-gimnazija.hr\/wp-content\/uploads\/2019\/01\/DSC_0650.jpg 1936w\" sizes=\"auto, (max-width: 300px) 100vw, 300px\" \/><\/a>U prostorijama katoli\u010dkih \u0161kola, 16. sije\u010dnja 2018., predstavnici Udruge ratnih veterana 63.A samostalne gardijske bojne ZNG Po\u017eega u sastavu Josip Boni\u0107, Ivica Kordi\u0107, Miro Ra\u0161i\u0107, Mario Kalan uru\u010dili su \u0161est primjeraka \u201eFotomonografije 63. \u201eA\u201c samostalne bojne ZNG Po\u017eega\u201c Katoli\u010dkoj osnovnoj \u0161koli i Katoli\u010dkoj gimnaziji.<\/p>\n<p>U kra\u0107em razgovoru s ravnateljima \u0161kola, profesorom Franom Bari\u0161i\u0107em i Ivanom Bedeni\u010di\u0107em, istaknuta je dosada\u0161nja plodna i lijepa suradnja s na\u0161im veteranima Domovinskog rata, ali i nazna\u010dena \u017eelja za daljnjim njegovanjem brige o istini Domovinskog rata s posebnim naglaskom na po\u017ee\u0161ke prilike.<\/p>\n<div id='gallery-1' class='gallery galleryid-15295 gallery-columns-3 gallery-size-medium'><figure class='gallery-item'>\n\t\t\t<div class='gallery-icon landscape'>\n\t\t\t\t<a href='https:\/\/katolicka-gimnazija.hr\/wp-content\/uploads\/2019\/01\/DSC_0647.jpg'><img loading=\"lazy\" decoding=\"async\" width=\"300\" height=\"201\" src=\"https:\/\/katolicka-gimnazija.hr\/wp-content\/uploads\/2019\/01\/DSC_0647-300x201.jpg\" class=\"attachment-medium size-medium\" alt=\"\" srcset=\"https:\/\/katolicka-gimnazija.hr\/wp-content\/uploads\/2019\/01\/DSC_0647-300x201.jpg 300w, https:\/\/katolicka-gimnazija.hr\/wp-content\/uploads\/2019\/01\/DSC_0647-400x268.jpg 400w, https:\/\/katolicka-gimnazija.hr\/wp-content\/uploads\/2019\/01\/DSC_0647-768x514.jpg 768w, https:\/\/katolicka-gimnazija.hr\/wp-content\/uploads\/2019\/01\/DSC_0647-1024x685.jpg 1024w, https:\/\/katolicka-gimnazija.hr\/wp-content\/uploads\/2019\/01\/DSC_0647.jpg 1936w\" sizes=\"auto, (max-width: 300px) 100vw, 300px\" \/><\/a>\n\t\t\t<\/div><\/figure><figure class='gallery-item'>\n\t\t\t<div class='gallery-icon landscape'>\n\t\t\t\t<a href='https:\/\/katolicka-gimnazija.hr\/wp-content\/uploads\/2019\/01\/DSC_0649.jpg'><img loading=\"lazy\" decoding=\"async\" width=\"300\" height=\"201\" src=\"https:\/\/katolicka-gimnazija.hr\/wp-content\/uploads\/2019\/01\/DSC_0649-300x201.jpg\" class=\"attachment-medium size-medium\" alt=\"\" srcset=\"https:\/\/katolicka-gimnazija.hr\/wp-content\/uploads\/2019\/01\/DSC_0649-300x201.jpg 300w, https:\/\/katolicka-gimnazija.hr\/wp-content\/uploads\/2019\/01\/DSC_0649-400x268.jpg 400w, https:\/\/katolicka-gimnazija.hr\/wp-content\/uploads\/2019\/01\/DSC_0649-768x514.jpg 768w, https:\/\/katolicka-gimnazija.hr\/wp-content\/uploads\/2019\/01\/DSC_0649-1024x685.jpg 1024w, https:\/\/katolicka-gimnazija.hr\/wp-content\/uploads\/2019\/01\/DSC_0649.jpg 1936w\" sizes=\"auto, (max-width: 300px) 100vw, 300px\" \/><\/a>\n\t\t\t<\/div><\/figure><figure class='gallery-item'>\n\t\t\t<div class='gallery-icon landscape'>\n\t\t\t\t<a href='https:\/\/katolicka-gimnazija.hr\/wp-content\/uploads\/2019\/01\/DSC_0652.jpg'><img loading=\"lazy\" decoding=\"async\" width=\"300\" height=\"201\" src=\"https:\/\/katolicka-gimnazija.hr\/wp-content\/uploads\/2019\/01\/DSC_0652-300x201.jpg\" class=\"attachment-medium size-medium\" alt=\"\" srcset=\"https:\/\/katolicka-gimnazija.hr\/wp-content\/uploads\/2019\/01\/DSC_0652-300x201.jpg 300w, https:\/\/katolicka-gimnazija.hr\/wp-content\/uploads\/2019\/01\/DSC_0652-400x268.jpg 400w, https:\/\/katolicka-gimnazija.hr\/wp-content\/uploads\/2019\/01\/DSC_0652-768x514.jpg 768w, https:\/\/katolicka-gimnazija.hr\/wp-content\/uploads\/2019\/01\/DSC_0652-1024x685.jpg 1024w, https:\/\/katolicka-gimnazija.hr\/wp-content\/uploads\/2019\/01\/DSC_0652.jpg 1936w\" sizes=\"auto, (max-width: 300px) 100vw, 300px\" \/><\/a>\n\t\t\t<\/div><\/figure><figure class='gallery-item'>\n\t\t\t<div class='gallery-icon landscape'>\n\t\t\t\t<a href='https:\/\/katolicka-gimnazija.hr\/wp-content\/uploads\/2019\/01\/DSC_0650.jpg'><img loading=\"lazy\" decoding=\"async\" width=\"300\" height=\"201\" src=\"https:\/\/katolicka-gimnazija.hr\/wp-content\/uploads\/2019\/01\/DSC_0650-300x201.jpg\" class=\"attachment-medium size-medium\" alt=\"\" srcset=\"https:\/\/katolicka-gimnazija.hr\/wp-content\/uploads\/2019\/01\/DSC_0650-300x201.jpg 300w, https:\/\/katolicka-gimnazija.hr\/wp-content\/uploads\/2019\/01\/DSC_0650-400x268.jpg 400w, https:\/\/katolicka-gimnazija.hr\/wp-content\/uploads\/2019\/01\/DSC_0650-768x514.jpg 768w, https:\/\/katolicka-gimnazija.hr\/wp-content\/uploads\/2019\/01\/DSC_0650-1024x685.jpg 1024w, https:\/\/katolicka-gimnazija.hr\/wp-content\/uploads\/2019\/01\/DSC_0650.jpg 1936w\" sizes=\"auto, (max-width: 300px) 100vw, 300px\" \/><\/a>\n\t\t\t<\/div><\/figure>\n\t\t<\/div>\n\n<p>&nbsp;<\/p>\n","protected":false},"excerpt":{"rendered":"<p>U prostorijama katoli\u010dkih \u0161kola, 16. sije\u010dnja 2018., predstavnici Udruge ratnih veterana 63.A samostalne gardijske bojne ZNG Po\u017eega u sastavu Josip Boni\u0107, Ivica Kordi\u0107, Miro Ra\u0161i\u0107, Mario Kalan uru\u010dili su \u0161est primjeraka \u201eFotomonografije 63. \u201eA\u201c samostalne bojne ZNG Po\u017eega\u201c Katoli\u010dkoj osnovnoj \u0161koli i Katoli\u010dkoj gimnaziji. U kra\u0107em razgovoru s ravnateljima \u0161kola, profesorom Franom Bari\u0161i\u0107em i Ivanom [&hellip;]<\/p>\n","protected":false},"author":2,"featured_media":15298,"comment_status":"closed","ping_status":"closed","sticky":false,"template":"","format":"standard","meta":{"footnotes":""},"categories":[2],"tags":[],"class_list":["post-15295","post","type-post","status-publish","format-standard","has-post-thumbnail","hentry","category-vijesti"],"_links":{"self":[{"href":"https:\/\/katolicka-gimnazija.hr\/index.php\/wp-json\/wp\/v2\/posts\/15295","targetHints":{"allow":["GET"]}}],"collection":[{"href":"https:\/\/katolicka-gimnazija.hr\/index.php\/wp-json\/wp\/v2\/posts"}],"about":[{"href":"https:\/\/katolicka-gimnazija.hr\/index.php\/wp-json\/wp\/v2\/types\/post"}],"author":[{"embeddable":true,"href":"https:\/\/katolicka-gimnazija.hr\/index.php\/wp-json\/wp\/v2\/users\/2"}],"replies":[{"embeddable":true,"href":"https:\/\/katolicka-gimnazija.hr\/index.php\/wp-json\/wp\/v2\/comments?post=15295"}],"version-history":[{"count":2,"href":"https:\/\/katolicka-gimnazija.hr\/index.php\/wp-json\/wp\/v2\/posts\/15295\/revisions"}],"predecessor-version":[{"id":15301,"href":"https:\/\/katolicka-gimnazija.hr\/index.php\/wp-json\/wp\/v2\/posts\/15295\/revisions\/15301"}],"wp:featuredmedia":[{"embeddable":true,"href":"https:\/\/katolicka-gimnazija.hr\/index.php\/wp-json\/wp\/v2\/media\/15298"}],"wp:attachment":[{"href":"https:\/\/katolicka-gimnazija.hr\/index.php\/wp-json\/wp\/v2\/media?parent=15295"}],"wp:term":[{"taxonomy":"category","embeddable":true,"href":"https:\/\/katolicka-gimnazija.hr\/index.php\/wp-json\/wp\/v2\/categories?post=15295"},{"taxonomy":"post_tag","embeddable":true,"href":"https:\/\/katolicka-gimnazija.hr\/index.php\/wp-json\/wp\/v2\/tags?post=15295"}],"curies":[{"name":"wp","href":"https:\/\/api.w.org\/{rel}","templated":true}]}}