{"id":15486,"date":"2019-02-21T23:07:34","date_gmt":"2019-02-21T23:07:34","guid":{"rendered":"http:\/\/katolicka-gimnazija.hr\/?p=15486"},"modified":"2019-02-21T23:07:34","modified_gmt":"2019-02-21T23:07:34","slug":"informacije-o-radu-3-sjednice-razrednog-vijeca-3","status":"publish","type":"post","link":"https:\/\/katolicka-gimnazija.hr\/index.php\/2019\/02\/21\/informacije-o-radu-3-sjednice-razrednog-vijeca-3\/","title":{"rendered":"Informacije o radu 3. sjednice Razrednog vije\u0107a"},"content":{"rendered":"<p>3. sjednica Nastavni\u010dkog vije\u0107a u \u0161kolskoj godini 2018.\/2019.<\/p>\n<p>6. velja\u010de 2019. godine s po\u010detkom u 09:35 sati<\/p>\n<p>O neposrednom uvidu u rad Nastavni\u010dkog vije\u0107a mo\u017ee se informirati kod ravnatelja.<\/p>\n<p>Dnevni red:<\/p>\n<ol>\n<li>Usvajanje Zapisnika s prethodne sjednice Nastavni\u010dkog vije\u0107a<\/li>\n<li>Predlaganje primjerenog programa srednjeg obrazovanja za u\u010denicu Katoli\u010dke gimnazije s pravom javnosti s te\u0161ko\u0107ama u razvoju<\/li>\n<li>Odlu\u010divanje o osloba\u0111anju od poha\u0111anja nastave nastavnog predmeta<\/li>\n<li>Razno<\/li>\n<\/ol>\n","protected":false},"excerpt":{"rendered":"<p>3. sjednica Nastavni\u010dkog vije\u0107a u \u0161kolskoj godini 2018.\/2019. 6. velja\u010de 2019. godine s po\u010detkom u 09:35 sati O neposrednom uvidu u rad Nastavni\u010dkog vije\u0107a mo\u017ee se informirati kod ravnatelja. Dnevni red: Usvajanje Zapisnika s prethodne sjednice Nastavni\u010dkog vije\u0107a Predlaganje primjerenog programa srednjeg obrazovanja za u\u010denicu Katoli\u010dke gimnazije s pravom javnosti s te\u0161ko\u0107ama u razvoju Odlu\u010divanje [&hellip;]<\/p>\n","protected":false},"author":2,"featured_media":0,"comment_status":"closed","ping_status":"closed","sticky":false,"template":"","format":"standard","meta":{"footnotes":""},"categories":[2],"tags":[],"class_list":["post-15486","post","type-post","status-publish","format-standard","hentry","category-vijesti"],"_links":{"self":[{"href":"https:\/\/katolicka-gimnazija.hr\/index.php\/wp-json\/wp\/v2\/posts\/15486","targetHints":{"allow":["GET"]}}],"collection":[{"href":"https:\/\/katolicka-gimnazija.hr\/index.php\/wp-json\/wp\/v2\/posts"}],"about":[{"href":"https:\/\/katolicka-gimnazija.hr\/index.php\/wp-json\/wp\/v2\/types\/post"}],"author":[{"embeddable":true,"href":"https:\/\/katolicka-gimnazija.hr\/index.php\/wp-json\/wp\/v2\/users\/2"}],"replies":[{"embeddable":true,"href":"https:\/\/katolicka-gimnazija.hr\/index.php\/wp-json\/wp\/v2\/comments?post=15486"}],"version-history":[{"count":1,"href":"https:\/\/katolicka-gimnazija.hr\/index.php\/wp-json\/wp\/v2\/posts\/15486\/revisions"}],"predecessor-version":[{"id":15489,"href":"https:\/\/katolicka-gimnazija.hr\/index.php\/wp-json\/wp\/v2\/posts\/15486\/revisions\/15489"}],"wp:attachment":[{"href":"https:\/\/katolicka-gimnazija.hr\/index.php\/wp-json\/wp\/v2\/media?parent=15486"}],"wp:term":[{"taxonomy":"category","embeddable":true,"href":"https:\/\/katolicka-gimnazija.hr\/index.php\/wp-json\/wp\/v2\/categories?post=15486"},{"taxonomy":"post_tag","embeddable":true,"href":"https:\/\/katolicka-gimnazija.hr\/index.php\/wp-json\/wp\/v2\/tags?post=15486"}],"curies":[{"name":"wp","href":"https:\/\/api.w.org\/{rel}","templated":true}]}}