{"id":15490,"date":"2019-02-21T23:08:22","date_gmt":"2019-02-21T23:08:22","guid":{"rendered":"http:\/\/katolicka-gimnazija.hr\/?p=15490"},"modified":"2019-02-21T23:08:22","modified_gmt":"2019-02-21T23:08:22","slug":"informacije-o-radu-24-sjednice-skolskog-vijeca","status":"publish","type":"post","link":"https:\/\/katolicka-gimnazija.hr\/index.php\/2019\/02\/21\/informacije-o-radu-24-sjednice-skolskog-vijeca\/","title":{"rendered":"Informacije o radu 24. sjednice \u0160kolskog vije\u0107a"},"content":{"rendered":"<p>24. sjednica \u0160kolskog odbora<\/p>\n<p>21. sije\u010dnja 2019. godine s po\u010detkom u 09:35 sati<\/p>\n<p>O neposrednom uvidu u rad \u0160kolskog odbora mo\u017ee se informirati kod ravnatelja.<\/p>\n<p>Dnevni red:<\/p>\n<ol>\n<li>Molitva i pozdrav<\/li>\n<li>Usvajanje Zapisnika s prethodne sjednice \u0160kolskog odbora<\/li>\n<li>Davanje prethodne suglasnosti u vezi sa zasnivanjem radnog odnosa u Katoli\u010dkoj gimnaziji s pravom javnosti<\/li>\n<li>Razno<\/li>\n<\/ol>\n<p>&nbsp;<\/p>\n","protected":false},"excerpt":{"rendered":"<p>24. sjednica \u0160kolskog odbora 21. sije\u010dnja 2019. godine s po\u010detkom u 09:35 sati O neposrednom uvidu u rad \u0160kolskog odbora mo\u017ee se informirati kod ravnatelja. Dnevni red: Molitva i pozdrav Usvajanje Zapisnika s prethodne sjednice \u0160kolskog odbora Davanje prethodne suglasnosti u vezi sa zasnivanjem radnog odnosa u Katoli\u010dkoj gimnaziji s pravom javnosti Razno &nbsp;<\/p>\n","protected":false},"author":2,"featured_media":0,"comment_status":"closed","ping_status":"closed","sticky":false,"template":"","format":"standard","meta":{"footnotes":""},"categories":[2],"tags":[],"class_list":["post-15490","post","type-post","status-publish","format-standard","hentry","category-vijesti"],"_links":{"self":[{"href":"https:\/\/katolicka-gimnazija.hr\/index.php\/wp-json\/wp\/v2\/posts\/15490","targetHints":{"allow":["GET"]}}],"collection":[{"href":"https:\/\/katolicka-gimnazija.hr\/index.php\/wp-json\/wp\/v2\/posts"}],"about":[{"href":"https:\/\/katolicka-gimnazija.hr\/index.php\/wp-json\/wp\/v2\/types\/post"}],"author":[{"embeddable":true,"href":"https:\/\/katolicka-gimnazija.hr\/index.php\/wp-json\/wp\/v2\/users\/2"}],"replies":[{"embeddable":true,"href":"https:\/\/katolicka-gimnazija.hr\/index.php\/wp-json\/wp\/v2\/comments?post=15490"}],"version-history":[{"count":1,"href":"https:\/\/katolicka-gimnazija.hr\/index.php\/wp-json\/wp\/v2\/posts\/15490\/revisions"}],"predecessor-version":[{"id":15491,"href":"https:\/\/katolicka-gimnazija.hr\/index.php\/wp-json\/wp\/v2\/posts\/15490\/revisions\/15491"}],"wp:attachment":[{"href":"https:\/\/katolicka-gimnazija.hr\/index.php\/wp-json\/wp\/v2\/media?parent=15490"}],"wp:term":[{"taxonomy":"category","embeddable":true,"href":"https:\/\/katolicka-gimnazija.hr\/index.php\/wp-json\/wp\/v2\/categories?post=15490"},{"taxonomy":"post_tag","embeddable":true,"href":"https:\/\/katolicka-gimnazija.hr\/index.php\/wp-json\/wp\/v2\/tags?post=15490"}],"curies":[{"name":"wp","href":"https:\/\/api.w.org\/{rel}","templated":true}]}}