{"id":15492,"date":"2019-02-21T23:08:53","date_gmt":"2019-02-21T23:08:53","guid":{"rendered":"http:\/\/katolicka-gimnazija.hr\/?p=15492"},"modified":"2019-02-21T23:08:53","modified_gmt":"2019-02-21T23:08:53","slug":"zakljucci-s-2-sjednice-razrednog-vijeca-3","status":"publish","type":"post","link":"https:\/\/katolicka-gimnazija.hr\/index.php\/2019\/02\/21\/zakljucci-s-2-sjednice-razrednog-vijeca-3\/","title":{"rendered":"Zaklju\u010dci s 2. sjednice Razrednog vije\u0107a"},"content":{"rendered":"<p>Zaklju\u010dci s 2. sjednice Razrednog vije\u0107a razrednih odjela 1.a, 1.b, 2.a, 2.b, 3.a, 3.b, 4.a i 4.b u \u0161kolskoj godini 2018.\/2019. odr\u017eane 27. prosinca 2018. godine:<\/p>\n<ul>\n<li>Usvaja se Zapisnik s prethodne sjednice Razrednog vije\u0107a odr\u017eane 5. studenoga 2018. godine.<\/li>\n<\/ul>\n<ul>\n<li>Analizira se odgoj i obrazovanje u\u010denika a, 1.b, 2.a, 2.b, 3.a, 3.b, 4.a i 4.b razrednog odjela u prvom polugodi\u0161tu za \u0161kolsku godinu 2018.\/2019.: u\u010denici s odli\u010dnim i nedovoljnim ocjenama, vladanje u\u010denika, prilagodba u\u010denika koji su pre\u0161li iz drugih \u0161kola, izostanci s nastave, rad stru\u010dnih suradnika s pojedinim u\u010denicima, me\u0111usobni odnos u\u010denika, obiteljske situacije, utjecaj zdravstvenog stanja na uspjeh u\u010denika, izre\u010dene pedago\u0161ke mjere i drugo.<\/li>\n<\/ul>\n<p>Daju se preporuke za pravilno vo\u0111enje elektroni\u010dke razredne knjige \u2013 e-Dnevnika u skladu s propisom.<\/p>\n<p>&nbsp;<\/p>\n<ul>\n<li>Utvr\u0111uje se vrijeme odr\u017eavanja duhovne obnove za djelatnike katoli\u010dkih \u0161kola Po\u017ee\u0161ke biskupije,<\/li>\n<\/ul>\n<p>Dana otvorenih vrata, Susreta djelatnika katoli\u010dkih \u0161kola u Zagrebu, Hodo\u010da\u0161\u0107a u Vo\u0107in i Majalesa.<\/p>\n","protected":false},"excerpt":{"rendered":"<p>Zaklju\u010dci s 2. sjednice Razrednog vije\u0107a razrednih odjela 1.a, 1.b, 2.a, 2.b, 3.a, 3.b, 4.a i 4.b u \u0161kolskoj godini 2018.\/2019. odr\u017eane 27. prosinca 2018. godine: Usvaja se Zapisnik s prethodne sjednice Razrednog vije\u0107a odr\u017eane 5. studenoga 2018. godine. Analizira se odgoj i obrazovanje u\u010denika a, 1.b, 2.a, 2.b, 3.a, 3.b, 4.a i 4.b razrednog [&hellip;]<\/p>\n","protected":false},"author":2,"featured_media":0,"comment_status":"closed","ping_status":"closed","sticky":false,"template":"","format":"standard","meta":{"footnotes":""},"categories":[2],"tags":[],"class_list":["post-15492","post","type-post","status-publish","format-standard","hentry","category-vijesti"],"_links":{"self":[{"href":"https:\/\/katolicka-gimnazija.hr\/index.php\/wp-json\/wp\/v2\/posts\/15492","targetHints":{"allow":["GET"]}}],"collection":[{"href":"https:\/\/katolicka-gimnazija.hr\/index.php\/wp-json\/wp\/v2\/posts"}],"about":[{"href":"https:\/\/katolicka-gimnazija.hr\/index.php\/wp-json\/wp\/v2\/types\/post"}],"author":[{"embeddable":true,"href":"https:\/\/katolicka-gimnazija.hr\/index.php\/wp-json\/wp\/v2\/users\/2"}],"replies":[{"embeddable":true,"href":"https:\/\/katolicka-gimnazija.hr\/index.php\/wp-json\/wp\/v2\/comments?post=15492"}],"version-history":[{"count":1,"href":"https:\/\/katolicka-gimnazija.hr\/index.php\/wp-json\/wp\/v2\/posts\/15492\/revisions"}],"predecessor-version":[{"id":15493,"href":"https:\/\/katolicka-gimnazija.hr\/index.php\/wp-json\/wp\/v2\/posts\/15492\/revisions\/15493"}],"wp:attachment":[{"href":"https:\/\/katolicka-gimnazija.hr\/index.php\/wp-json\/wp\/v2\/media?parent=15492"}],"wp:term":[{"taxonomy":"category","embeddable":true,"href":"https:\/\/katolicka-gimnazija.hr\/index.php\/wp-json\/wp\/v2\/categories?post=15492"},{"taxonomy":"post_tag","embeddable":true,"href":"https:\/\/katolicka-gimnazija.hr\/index.php\/wp-json\/wp\/v2\/tags?post=15492"}],"curies":[{"name":"wp","href":"https:\/\/api.w.org\/{rel}","templated":true}]}}