{"id":15494,"date":"2019-02-21T23:09:24","date_gmt":"2019-02-21T23:09:24","guid":{"rendered":"http:\/\/katolicka-gimnazija.hr\/?p=15494"},"modified":"2019-02-21T23:09:24","modified_gmt":"2019-02-21T23:09:24","slug":"zakljucci-s-3-sjednice-nastavnickog-vijeca-4","status":"publish","type":"post","link":"https:\/\/katolicka-gimnazija.hr\/index.php\/2019\/02\/21\/zakljucci-s-3-sjednice-nastavnickog-vijeca-4\/","title":{"rendered":"Zaklju\u010dci s 3. sjednice Nastavni\u010dkog vije\u0107a"},"content":{"rendered":"<p>Zaklju\u010dci s 3. sjednice Nastavni\u010dkog vije\u0107a u \u0161kolskoj godini 2018.\/2019. odr\u017eane 6. velja\u010de 2019. godine:<\/p>\n<ul>\n<li>Usvaja se Zapisnik s prethodne sjednice Nastavni\u010dkog vije\u0107a odr\u017eane 24. listopada 2018. godine bez primjedbi.<\/li>\n<\/ul>\n<ul>\n<li>Predla\u017ee se primjerenim programom srednjeg obrazovanja za u\u010denicu 2.a razrednog odjela Katoli\u010dke gimnazije s pravom javnosti s te\u0161ko\u0107ama u razvoju redovit program uz individualizirane postupke.<\/li>\n<\/ul>\n<ul>\n<li>Osloba\u0111a se od poha\u0111anja nastave nastavnog predmeta Tjelesne i zdravstvene kulture u\u010denica 4.a razrednog odjela Katoli\u010dke gimnazije s pravom javnosti tijekom cijeloga drugoga polugodi\u0161ta nastavne godine 2018.\/2019. zbog zdravstvenog stanja.<\/li>\n<\/ul>\n<ul>\n<li>Informira se nastavnike i stru\u010dne suradnike o zdravstvenom stanju u\u010denika te se dogovara dodatno individualiziranje postupaka u radu s u\u010denikom i pru\u017eanje razli\u010ditih oblika potpore u\u010denikub razrednog odjela Katoli\u010dke gimnazije s pravom javnosti.<\/li>\n<\/ul>\n<p>Podsje\u0107a se nastavnike na pravovremeno informiranje stru\u010dne slu\u017ebe o planiranim roditeljskim sastancima te na redovito vrednovanje i opisivanje u\u010deni\u010dkih postignu\u0107a u e-Dnevniku.<\/p>\n","protected":false},"excerpt":{"rendered":"<p>Zaklju\u010dci s 3. sjednice Nastavni\u010dkog vije\u0107a u \u0161kolskoj godini 2018.\/2019. odr\u017eane 6. velja\u010de 2019. godine: Usvaja se Zapisnik s prethodne sjednice Nastavni\u010dkog vije\u0107a odr\u017eane 24. listopada 2018. godine bez primjedbi. Predla\u017ee se primjerenim programom srednjeg obrazovanja za u\u010denicu 2.a razrednog odjela Katoli\u010dke gimnazije s pravom javnosti s te\u0161ko\u0107ama u razvoju redovit program uz individualizirane postupke. [&hellip;]<\/p>\n","protected":false},"author":2,"featured_media":0,"comment_status":"closed","ping_status":"closed","sticky":false,"template":"","format":"standard","meta":{"footnotes":""},"categories":[2],"tags":[],"class_list":["post-15494","post","type-post","status-publish","format-standard","hentry","category-vijesti"],"_links":{"self":[{"href":"https:\/\/katolicka-gimnazija.hr\/index.php\/wp-json\/wp\/v2\/posts\/15494","targetHints":{"allow":["GET"]}}],"collection":[{"href":"https:\/\/katolicka-gimnazija.hr\/index.php\/wp-json\/wp\/v2\/posts"}],"about":[{"href":"https:\/\/katolicka-gimnazija.hr\/index.php\/wp-json\/wp\/v2\/types\/post"}],"author":[{"embeddable":true,"href":"https:\/\/katolicka-gimnazija.hr\/index.php\/wp-json\/wp\/v2\/users\/2"}],"replies":[{"embeddable":true,"href":"https:\/\/katolicka-gimnazija.hr\/index.php\/wp-json\/wp\/v2\/comments?post=15494"}],"version-history":[{"count":1,"href":"https:\/\/katolicka-gimnazija.hr\/index.php\/wp-json\/wp\/v2\/posts\/15494\/revisions"}],"predecessor-version":[{"id":15495,"href":"https:\/\/katolicka-gimnazija.hr\/index.php\/wp-json\/wp\/v2\/posts\/15494\/revisions\/15495"}],"wp:attachment":[{"href":"https:\/\/katolicka-gimnazija.hr\/index.php\/wp-json\/wp\/v2\/media?parent=15494"}],"wp:term":[{"taxonomy":"category","embeddable":true,"href":"https:\/\/katolicka-gimnazija.hr\/index.php\/wp-json\/wp\/v2\/categories?post=15494"},{"taxonomy":"post_tag","embeddable":true,"href":"https:\/\/katolicka-gimnazija.hr\/index.php\/wp-json\/wp\/v2\/tags?post=15494"}],"curies":[{"name":"wp","href":"https:\/\/api.w.org\/{rel}","templated":true}]}}