{"id":15510,"date":"2019-02-22T21:03:28","date_gmt":"2019-02-22T21:03:28","guid":{"rendered":"http:\/\/katolicka-gimnazija.hr\/?p=15510"},"modified":"2019-03-22T22:24:25","modified_gmt":"2019-03-22T22:24:25","slug":"nasilje-medu-djecom","status":"publish","type":"post","link":"https:\/\/katolicka-gimnazija.hr\/index.php\/2019\/02\/22\/nasilje-medu-djecom\/","title":{"rendered":"Nasilje me\u0111u djecom"},"content":{"rendered":"<p><a href=\"http:\/\/katolicka-gimnazija.hr\/wp-content\/uploads\/2019\/02\/nasilje.jpg\"><img loading=\"lazy\" decoding=\"async\" class=\"alignleft size-medium wp-image-15511\" src=\"http:\/\/katolicka-gimnazija.hr\/wp-content\/uploads\/2019\/02\/nasilje-300x169.jpg\" alt=\"nasilje\" width=\"300\" height=\"169\" srcset=\"https:\/\/katolicka-gimnazija.hr\/wp-content\/uploads\/2019\/02\/nasilje-300x169.jpg 300w, https:\/\/katolicka-gimnazija.hr\/wp-content\/uploads\/2019\/02\/nasilje-400x225.jpg 400w, https:\/\/katolicka-gimnazija.hr\/wp-content\/uploads\/2019\/02\/nasilje.jpg 640w\" sizes=\"auto, (max-width: 300px) 100vw, 300px\" \/><\/a>U okviru \u0160kolskog preventivnog programa Katoli\u010dke gimnazije te ususret nadolaze\u0107em Danu ru\u017ei\u010dastih majica kojime se obilje\u017eava nacionalni dan borbe protiv vr\u0161nja\u010dkog nasilja, odr\u017eane su u na\u0161oj \u0161koli radionice o vr\u0161nja\u010dkom nasilju za u\u010denike prvih razreda.<\/p>\n<p>Cilj radionica bio je osvijestiti kod u\u010denika problematiku vr\u0161nja\u010dkog nasilja, upoznati u\u010denike sa vrstama nasilja, sa osobinama zlostavlja\u010da i \u017ertve te objasniti model po kojemu se nasilje vr\u0161i i prenosi generacijski. Istaknuto je da je nasilje svaka situacija kada jedno ili vi\u0161e djece namjerno uznemiruje, ozlje\u0111uje ili napada drugo dijete, koje je u poziciji manje mo\u0107i. Nasilje mo\u017ee biti izravno i neizravno. Pet osnovnih oblika nasilja su fizi\u010dko, verbalno, emocionalno, seksualno i ekonomsko nasilje. Danas se mnogi od ovih oblika nasilja vr\u0161e posredstvom interneta i dru\u0161tvenih mre\u017ea.<\/p>\n<p>Nasilnici su djeca koja imaju potrebu za mo\u0107i, prkosni su, vole se suprotstavljati, kr\u0161iti pravila, vole nasilje u filmovima i igricama, a od emocija \u010desto osje\u0107aju ljutnju i frustraciju. \u017drtve su naj\u010de\u0161\u0107e djeca koja su slabija i razli\u010dita po bilo kojoj osobini od ostalih (po imenu, boji ko\u017ee, nacionalnosti i sl.), djeca koja su mirna i povu\u010dena, ni\u017eeg socio-ekonomskog statusa, dijete s posebnim potrebama ili dijete razvedenih roditelja. Neka su djeca istodobno i \u017ertve i nasilnici.<\/p>\n<p>U\u010denici su educirani o neprihvatljivosti nasilnog pona\u0161anja u bilo kojim okolnostima, pozvani da prijave nasilno pona\u0161anje i da razvijaju empatiju za \u017ertve.<\/p>\n<p>U okviru radionica u\u010denici su sudjelovali u istra\u017eivanju zastupljenosti vr\u0161nja\u010dkog nasilja u na\u0161oj \u0161koli te \u0107e rezultati ovog istra\u017eivanja uskoro biti predstavljeni u\u010denicima i njihovim roditeljima.<\/p>\n","protected":false},"excerpt":{"rendered":"<p>U okviru \u0160kolskog preventivnog programa Katoli\u010dke gimnazije te ususret nadolaze\u0107em Danu ru\u017ei\u010dastih majica kojime se obilje\u017eava nacionalni dan borbe protiv vr\u0161nja\u010dkog nasilja, odr\u017eane su u na\u0161oj \u0161koli radionice o vr\u0161nja\u010dkom nasilju za u\u010denike prvih razreda. Cilj radionica bio je osvijestiti kod u\u010denika problematiku vr\u0161nja\u010dkog nasilja, upoznati u\u010denike sa vrstama nasilja, sa osobinama zlostavlja\u010da i \u017ertve [&hellip;]<\/p>\n","protected":false},"author":2,"featured_media":15511,"comment_status":"closed","ping_status":"closed","sticky":false,"template":"","format":"standard","meta":{"footnotes":""},"categories":[208,2],"tags":[],"class_list":["post-15510","post","type-post","status-publish","format-standard","has-post-thumbnail","hentry","category-humanitarno","category-vijesti"],"_links":{"self":[{"href":"https:\/\/katolicka-gimnazija.hr\/index.php\/wp-json\/wp\/v2\/posts\/15510","targetHints":{"allow":["GET"]}}],"collection":[{"href":"https:\/\/katolicka-gimnazija.hr\/index.php\/wp-json\/wp\/v2\/posts"}],"about":[{"href":"https:\/\/katolicka-gimnazija.hr\/index.php\/wp-json\/wp\/v2\/types\/post"}],"author":[{"embeddable":true,"href":"https:\/\/katolicka-gimnazija.hr\/index.php\/wp-json\/wp\/v2\/users\/2"}],"replies":[{"embeddable":true,"href":"https:\/\/katolicka-gimnazija.hr\/index.php\/wp-json\/wp\/v2\/comments?post=15510"}],"version-history":[{"count":1,"href":"https:\/\/katolicka-gimnazija.hr\/index.php\/wp-json\/wp\/v2\/posts\/15510\/revisions"}],"predecessor-version":[{"id":15512,"href":"https:\/\/katolicka-gimnazija.hr\/index.php\/wp-json\/wp\/v2\/posts\/15510\/revisions\/15512"}],"wp:featuredmedia":[{"embeddable":true,"href":"https:\/\/katolicka-gimnazija.hr\/index.php\/wp-json\/wp\/v2\/media\/15511"}],"wp:attachment":[{"href":"https:\/\/katolicka-gimnazija.hr\/index.php\/wp-json\/wp\/v2\/media?parent=15510"}],"wp:term":[{"taxonomy":"category","embeddable":true,"href":"https:\/\/katolicka-gimnazija.hr\/index.php\/wp-json\/wp\/v2\/categories?post=15510"},{"taxonomy":"post_tag","embeddable":true,"href":"https:\/\/katolicka-gimnazija.hr\/index.php\/wp-json\/wp\/v2\/tags?post=15510"}],"curies":[{"name":"wp","href":"https:\/\/api.w.org\/{rel}","templated":true}]}}