{"id":15527,"date":"2019-02-26T07:07:57","date_gmt":"2019-02-26T07:07:57","guid":{"rendered":"http:\/\/katolicka-gimnazija.hr\/?p=15527"},"modified":"2019-03-09T22:50:31","modified_gmt":"2019-03-09T22:50:31","slug":"vrijeme-natjecanja","status":"publish","type":"post","link":"https:\/\/katolicka-gimnazija.hr\/index.php\/2019\/02\/26\/vrijeme-natjecanja\/","title":{"rendered":"Vrijeme natjecanja"},"content":{"rendered":"<figure id=\"attachment_125\" aria-describedby=\"caption-attachment-125\" style=\"width: 150px\" class=\"wp-caption alignright\"><a href=\"http:\/\/katolicka-gimnazija.hr\/wp-content\/uploads\/2015\/09\/Ivica-Bedeni--ic.jpg\"><img loading=\"lazy\" decoding=\"async\" class=\"size-thumbnail wp-image-125\" src=\"http:\/\/katolicka-gimnazija.hr\/wp-content\/uploads\/2015\/09\/Ivica-Bedeni--ic-150x150.jpg\" alt=\"Prof. latinskog i gr\u010dkog jezika\" width=\"150\" height=\"150\" srcset=\"https:\/\/katolicka-gimnazija.hr\/wp-content\/uploads\/2015\/09\/Ivica-Bedeni--ic-150x150.jpg 150w, https:\/\/katolicka-gimnazija.hr\/wp-content\/uploads\/2015\/09\/Ivica-Bedeni--ic-768x768.jpg 768w, https:\/\/katolicka-gimnazija.hr\/wp-content\/uploads\/2015\/09\/Ivica-Bedeni--ic-300x300.jpg 300w, https:\/\/katolicka-gimnazija.hr\/wp-content\/uploads\/2015\/09\/Ivica-Bedeni--ic-1024x1024.jpg 1024w, https:\/\/katolicka-gimnazija.hr\/wp-content\/uploads\/2015\/09\/Ivica-Bedeni--ic-360x360.jpg 360w, https:\/\/katolicka-gimnazija.hr\/wp-content\/uploads\/2015\/09\/Ivica-Bedeni--ic-750x750.jpg 750w, https:\/\/katolicka-gimnazija.hr\/wp-content\/uploads\/2015\/09\/Ivica-Bedeni--ic-400x400.jpg 400w, https:\/\/katolicka-gimnazija.hr\/wp-content\/uploads\/2015\/09\/Ivica-Bedeni--ic-430x430.jpg 430w, https:\/\/katolicka-gimnazija.hr\/wp-content\/uploads\/2015\/09\/Ivica-Bedeni--ic-100x100.jpg 100w, https:\/\/katolicka-gimnazija.hr\/wp-content\/uploads\/2015\/09\/Ivica-Bedeni--ic.jpg 1200w\" sizes=\"auto, (max-width: 150px) 100vw, 150px\" \/><\/a><figcaption id=\"caption-attachment-125\" class=\"wp-caption-text\">Prof. latinskog i gr\u010dkog jezika<\/figcaption><\/figure>\n<p>Zahuktala se i zavr\u0161ila \u0161kolska natjecanja. Gotovo bez predaha nastavljaju se \u017eupanijska, a za one izabrane (lumene) nastavit \u0107e se i dr\u017eavna. Ponosni na pojedince i ekipe svaki \u0107e se od nas rado pohvaliti ovim uspjesima. I dobro je da tomu tako!<\/p>\n<p>Svaki se od nas rado okiti kakvom pohvalom (pa i nezaslu\u017eenom), a i moderna pedagogija na svakom koraku opominje i upozorava koliko je pohvala jak i gotovo nezamjenjiv \u010dimbenik motivacije. Stoga valja i meni hvaliti ono \u0161to je pohvale vrijedno!!!<!--more--><\/p>\n<p>Ponosan sam na na\u0161u profesorsku zajednicu, stru\u010dne, administrativne i tehni\u010dke slu\u017ebe \u0161to s tolikim marom i ljubavlju sudjeluju u \u017eivotu i radu \u0161kole. Mo\u017eda ponajbolje mogu to opisati osje\u0107ajem zadovoljstva i ugode kada ujutro kre\u0107em put na\u0161e gimnazije, kada se radujem svakom pojedina\u010dnom susretu, ideji, gesti dobrodo\u0161lice, smijehu\u2026<\/p>\n<p>Ponosan sam i na na\u0161u u\u010deni\u010dku zajednicu koja svojim raspolo\u017eenjem i otvoreno\u0161\u0107u prepoznaje i nagra\u0111uje trud i napor svojih profesora, odgojitelja i pratitelja.<\/p>\n<p>A ponosan sam i na roditeljsku zajednicu koja svojim povjerenjem u zacrtane programe i osoblje \u0161kole potpoma\u017ee zajedni\u010dki trud oko izgradnje na\u0161e djece u dobre, odgovorne, bogobojazne i po\u0161tene ljude.<\/p>\n<p>\u017delio bih u ovo (pred)korizmeno vrijeme u svima nama pobuditi jo\u0161 jednu dimenziju natjecanja koje je tako lijepo na\u0161 osniva\u010d, biskup \u0160kvor\u010devi\u0107, izrekao citiranom evan\u0111eoskom sintagmom \u201eDuc in altum\u201c. Htio bih da to uklesano geslo na ulaznim vratima na\u0161e \u0161kole bude jednom i razlogom pohvale kada stanemo su\u010delice Gospodinu! Da odjekne nebeskom visinom pohvala tvojoj\/mojoj\/na\u0161oj odva\u017enosti da krenemo dublje, dalje i \u0161ire!<\/p>\n<p>Evo nam prilike da se uvje\u017ebamo u ovom korizmenom (i ne samo tom!) vremenu za mjere koje su Bo\u017eje, koje nas otvaraju praliku na\u0161e \u010dovje\u010dnosti stvorene za vje\u010dnost.<\/p>\n<p>Nastavimo graditi zajednicu koja prihva\u0107a i shva\u0107a Krista kao svoj temelj! Bit \u0107e i suza i padova, nerazumijevanja i pitanja, ali bit \u0107e i pohvala ljudskih\/vremenitih i pohvala Bo\u017ejih\/svevremenskih. Radujmo se i veselimo prolaznome, ali ne zaboravimo cilj i luku gdje nas ra\u0161irenih ruku \u010deka na\u0161 Otac!<\/p>\n<p>Laudetur Iesus Christus!<br \/>\nRavnatelj<\/p>\n","protected":false},"excerpt":{"rendered":"<p>Zahuktala se i zavr\u0161ila \u0161kolska natjecanja. Gotovo bez predaha nastavljaju se \u017eupanijska, a za one izabrane (lumene) nastavit \u0107e se i dr\u017eavna. Ponosni na pojedince i ekipe svaki \u0107e se od nas rado pohvaliti ovim uspjesima. I dobro je da tomu tako! Svaki se od nas rado okiti kakvom pohvalom (pa i nezaslu\u017eenom), a i [&hellip;]<\/p>\n","protected":false},"author":41,"featured_media":0,"comment_status":"closed","ping_status":"closed","sticky":false,"template":"","format":"standard","meta":{"footnotes":""},"categories":[179],"tags":[],"class_list":["post-15527","post","type-post","status-publish","format-standard","hentry","category-rijec-ravnatelja"],"_links":{"self":[{"href":"https:\/\/katolicka-gimnazija.hr\/index.php\/wp-json\/wp\/v2\/posts\/15527","targetHints":{"allow":["GET"]}}],"collection":[{"href":"https:\/\/katolicka-gimnazija.hr\/index.php\/wp-json\/wp\/v2\/posts"}],"about":[{"href":"https:\/\/katolicka-gimnazija.hr\/index.php\/wp-json\/wp\/v2\/types\/post"}],"author":[{"embeddable":true,"href":"https:\/\/katolicka-gimnazija.hr\/index.php\/wp-json\/wp\/v2\/users\/41"}],"replies":[{"embeddable":true,"href":"https:\/\/katolicka-gimnazija.hr\/index.php\/wp-json\/wp\/v2\/comments?post=15527"}],"version-history":[{"count":3,"href":"https:\/\/katolicka-gimnazija.hr\/index.php\/wp-json\/wp\/v2\/posts\/15527\/revisions"}],"predecessor-version":[{"id":15805,"href":"https:\/\/katolicka-gimnazija.hr\/index.php\/wp-json\/wp\/v2\/posts\/15527\/revisions\/15805"}],"wp:attachment":[{"href":"https:\/\/katolicka-gimnazija.hr\/index.php\/wp-json\/wp\/v2\/media?parent=15527"}],"wp:term":[{"taxonomy":"category","embeddable":true,"href":"https:\/\/katolicka-gimnazija.hr\/index.php\/wp-json\/wp\/v2\/categories?post=15527"},{"taxonomy":"post_tag","embeddable":true,"href":"https:\/\/katolicka-gimnazija.hr\/index.php\/wp-json\/wp\/v2\/tags?post=15527"}],"curies":[{"name":"wp","href":"https:\/\/api.w.org\/{rel}","templated":true}]}}