{"id":15540,"date":"2019-02-27T09:47:28","date_gmt":"2019-02-27T09:47:28","guid":{"rendered":"http:\/\/katolicka-gimnazija.hr\/?p=15540"},"modified":"2019-03-22T22:23:20","modified_gmt":"2019-03-22T22:23:20","slug":"plaut-i-terencije-s-kg-ovcima","status":"publish","type":"post","link":"https:\/\/katolicka-gimnazija.hr\/index.php\/2019\/02\/27\/plaut-i-terencije-s-kg-ovcima\/","title":{"rendered":"Plaut i Terencije s KG-ovcima"},"content":{"rendered":"<p>Drugu godinu za redom \u0161kola je ugostila <a href=\"http:\/\/katolicka-gimnazija.hr\/wp-content\/uploads\/2019\/02\/52818232_2372174226134967_2962508582098042880_o.jpg\"><img loading=\"lazy\" decoding=\"async\" class=\"alignright wp-image-15535 size-medium\" src=\"http:\/\/katolicka-gimnazija.hr\/wp-content\/uploads\/2019\/02\/52818232_2372174226134967_2962508582098042880_o-300x200.jpg\" alt=\"52818232_2372174226134967_2962508582098042880_o\" width=\"300\" height=\"200\" srcset=\"https:\/\/katolicka-gimnazija.hr\/wp-content\/uploads\/2019\/02\/52818232_2372174226134967_2962508582098042880_o-300x200.jpg 300w, https:\/\/katolicka-gimnazija.hr\/wp-content\/uploads\/2019\/02\/52818232_2372174226134967_2962508582098042880_o-400x267.jpg 400w, https:\/\/katolicka-gimnazija.hr\/wp-content\/uploads\/2019\/02\/52818232_2372174226134967_2962508582098042880_o-768x512.jpg 768w, https:\/\/katolicka-gimnazija.hr\/wp-content\/uploads\/2019\/02\/52818232_2372174226134967_2962508582098042880_o-1024x683.jpg 1024w, https:\/\/katolicka-gimnazija.hr\/wp-content\/uploads\/2019\/02\/52818232_2372174226134967_2962508582098042880_o.jpg 1800w\" sizes=\"auto, (max-width: 300px) 100vw, 300px\" \/><\/a>Kazali\u0161ni studio iz Rijeke koji putuju\u0107i osnovnim i srednjim \u0161kolama diljem Lijepe Na\u0161e predstavljaju cvijet anti\u010dkoga kazali\u0161ta. Nakon pro\u0161logodi\u0161nje premijere s Dr\u017ei\u0107em, ove godine svim u\u010denicima predstavili su rimsku komediju na \u010delu s Plautom. S gluma\u010dkim parom, Darko Kavain i Nerma Kreso Kavain, razgovarale su Barbara Rezo i Martina grbe\u0161.<\/p>\n<p><strong>U na\u0161oj \u0161koli gostujete ve\u0107 drugu godinu za redom, no koliko ve\u0107 dugo radite na ovakvoj suradnji sa \u0161kolama?<\/strong><\/p>\n<p>Ovaj projekt koji smo mi nazvali \u201eSav svijet je pozornica\u201c ostvarujemo u suradnji sa \u0161kolama od 2001. godine.<\/p>\n<p><strong>Jesu li hrvatske \u0161kole, i to srednje, prepoznale i podr\u017eale va\u0161 projekt?<\/strong><\/p>\n<p>S velikim brojem \u0161kola zaista jako lijepo sura\u0111ujemo tako da mo\u017eemo re\u0107i da jesu i zahvaljuju\u0107i upravo \u0161kolama, nastavnicima, u\u010denicima i ravnateljima na\u0161 projekt i jest opstao ovako dugo.<\/p>\n<p><strong>Mo\u017eete li nam re\u0107i tko je sve uklju\u010den u projekt?<\/strong><\/p>\n<p><a href=\"http:\/\/katolicka-gimnazija.hr\/wp-content\/uploads\/2019\/02\/52696044_2372174309468292_4866890690233106432_o.jpg\"><img loading=\"lazy\" decoding=\"async\" class=\"alignleft wp-image-15533 size-medium\" src=\"http:\/\/katolicka-gimnazija.hr\/wp-content\/uploads\/2019\/02\/52696044_2372174309468292_4866890690233106432_o-300x200.jpg\" alt=\"52696044_2372174309468292_4866890690233106432_o\" width=\"300\" height=\"200\" srcset=\"https:\/\/katolicka-gimnazija.hr\/wp-content\/uploads\/2019\/02\/52696044_2372174309468292_4866890690233106432_o-300x200.jpg 300w, https:\/\/katolicka-gimnazija.hr\/wp-content\/uploads\/2019\/02\/52696044_2372174309468292_4866890690233106432_o-400x267.jpg 400w, https:\/\/katolicka-gimnazija.hr\/wp-content\/uploads\/2019\/02\/52696044_2372174309468292_4866890690233106432_o-768x512.jpg 768w, https:\/\/katolicka-gimnazija.hr\/wp-content\/uploads\/2019\/02\/52696044_2372174309468292_4866890690233106432_o-1024x683.jpg 1024w, https:\/\/katolicka-gimnazija.hr\/wp-content\/uploads\/2019\/02\/52696044_2372174309468292_4866890690233106432_o.jpg 1800w\" sizes=\"auto, (max-width: 300px) 100vw, 300px\" \/><\/a>To je na\u0161 autorski projekt, zna\u010di Darko Kavain i ja, Nerma Kreso Kavain. Budu\u0107i da \u010desto putujemo, moramo do\u0107i u svaku \u0161kolu, prilago\u0111avati se terminima i uvjetima, na\u017ealost, ne mo\u017ee biti uklju\u010deno puno vi\u0161e ljudi. Va\u0161a \u0161kola ima na raspolaganju ovakvu krasnu dvoranu, ve\u0107ina \u0161kola nema niti kakvih ve\u0107ih u\u010dionica. Moramo ulo\u017eiti jako puno energije upravo u dogovaranje kako, gdje i kada uop\u0107e mo\u017eemo odr\u017eati predstavu.<\/p>\n<p><strong>Kako ste do\u0161li na ideju da trebate do\u0107i u \u0161kole, a ne \u0161kole vama?<\/strong><\/p>\n<p>\u010cini se da zbog razloga na koje mi osobno ne mo\u017eemo utjecati. Ima dio djece u Hrvatskoj koji odrastaju u takvim okolnostima, u takvom okru\u017eenju koje naro\u010dito ne njeguje ne\u0161to \u0161to bi mogli nazvati kulturnom aktivno\u0161\u0107u. Tako da si ne mo\u017eemo priu\u0161titi taj luksuz da o\u010dekujemo da svatko bude raspolo\u017een do\u0107i k nama. S druge strane mislim da mladi ljudi ne bi smjeli propu\u0161tati tu priliku da pogledaju, \u010dak i sudjeluju u predstavi koja im je ve\u0107 omogu\u0107ena. Pogotovo jer uglavnom pozitivno reagiraju kad do\u0111u u situaciju da budu dio predstave.<\/p>\n<p><strong>Kako u\u010denici reagiraju na va\u0161 neposredan pristup?<\/strong><\/p>\n<p>Uglavnom dobro. Odli\u010dno.<\/p>\n<p><strong>\u0160to mislite da posti\u017eete kod u\u010denika ovakvim predstavljanjem poznatih i manje poznatih djela i autora?<\/strong><\/p>\n<p><a href=\"http:\/\/katolicka-gimnazija.hr\/wp-content\/uploads\/2019\/02\/52914610_2372171169468606_3738303980699123712_o.jpg\"><img loading=\"lazy\" decoding=\"async\" class=\"alignright wp-image-15537 size-medium\" src=\"http:\/\/katolicka-gimnazija.hr\/wp-content\/uploads\/2019\/02\/52914610_2372171169468606_3738303980699123712_o-300x200.jpg\" alt=\"52914610_2372171169468606_3738303980699123712_o\" width=\"300\" height=\"200\" srcset=\"https:\/\/katolicka-gimnazija.hr\/wp-content\/uploads\/2019\/02\/52914610_2372171169468606_3738303980699123712_o-300x200.jpg 300w, https:\/\/katolicka-gimnazija.hr\/wp-content\/uploads\/2019\/02\/52914610_2372171169468606_3738303980699123712_o-400x267.jpg 400w, https:\/\/katolicka-gimnazija.hr\/wp-content\/uploads\/2019\/02\/52914610_2372171169468606_3738303980699123712_o-768x512.jpg 768w, https:\/\/katolicka-gimnazija.hr\/wp-content\/uploads\/2019\/02\/52914610_2372171169468606_3738303980699123712_o-1024x683.jpg 1024w, https:\/\/katolicka-gimnazija.hr\/wp-content\/uploads\/2019\/02\/52914610_2372171169468606_3738303980699123712_o.jpg 1800w\" sizes=\"auto, (max-width: 300px) 100vw, 300px\" \/><\/a>Nama je zanimljivo, budu\u0107i da se bavimo, mo\u017eemo re\u0107i, starijom dramskom knji\u017eevno\u0161\u0107u, a ne ne\u010dim \u0161to je suvremeno i njima sigurno zanimljivo i aktualno, da se mladi ljudi i u njima mogu prepoznati. Mi poku\u0161avamo pribli\u017eiti taj svijet. Kad odgledate recimo ovaj prizor iz Plauta kako ga mi igramo ili iz Dr\u017ei\u0107a, da taj svijet zapravo izgleda puno bli\u017ei nego kad ga \u010ditate ili kad gledate neku predstavu koja ba\u0161 nije najbolja. \u010cesto predstave nisu ba\u0161 najbolje pa onda vam ni\u0161ta vi\u0161e ne bude jasno. Nama je va\u017eno da imate osje\u0107aj na kraju da mo\u017eete to ipak razumjeti, shvatiti \u0161to se doga\u0111a.<\/p>\n<p><strong>Je li vam dra\u017ee vi\u0161e uprizoriti djela hrvatskih ili stranih autora?<\/strong><\/p>\n<p>Pa nemamo nekakvu razliku, bitno je da je zanimljivo.<\/p>\n<p><strong>Ho\u0107ete li se vi morati prilagoditi najavljenoj reformi \u0161kolstva pa tako i lektiri?<\/strong><\/p>\n<p>Mi se bavimo klasi\u010dnom knji\u017eevnosti, mi se ne trebamo prilago\u0111avati jer nam je bitno da kroz na\u0161a djela upoznamo djecu s onime \u0161to je zaista vrijedno.<\/p>\n<p><strong>Je li naporno putovati?<\/strong><br \/>\n<a href=\"http:\/\/katolicka-gimnazija.hr\/wp-content\/uploads\/2019\/02\/53510719_2372172049468518_5762041507708141568_o.jpg\"><img loading=\"lazy\" decoding=\"async\" class=\"alignright wp-image-15539 size-medium\" src=\"http:\/\/katolicka-gimnazija.hr\/wp-content\/uploads\/2019\/02\/53510719_2372172049468518_5762041507708141568_o-300x200.jpg\" alt=\"53510719_2372172049468518_5762041507708141568_o\" width=\"300\" height=\"200\" srcset=\"https:\/\/katolicka-gimnazija.hr\/wp-content\/uploads\/2019\/02\/53510719_2372172049468518_5762041507708141568_o-300x200.jpg 300w, https:\/\/katolicka-gimnazija.hr\/wp-content\/uploads\/2019\/02\/53510719_2372172049468518_5762041507708141568_o-400x267.jpg 400w, https:\/\/katolicka-gimnazija.hr\/wp-content\/uploads\/2019\/02\/53510719_2372172049468518_5762041507708141568_o-768x512.jpg 768w, https:\/\/katolicka-gimnazija.hr\/wp-content\/uploads\/2019\/02\/53510719_2372172049468518_5762041507708141568_o-1024x683.jpg 1024w, https:\/\/katolicka-gimnazija.hr\/wp-content\/uploads\/2019\/02\/53510719_2372172049468518_5762041507708141568_o.jpg 1800w\" sizes=\"auto, (max-width: 300px) 100vw, 300px\" \/><\/a>Nije. Kad \u010dovjek ne\u0161to radi sa srcem i kad se veseli, nije ni\u0161ta te\u0161ko. Imate osje\u0107aj da mo\u017eete dignuti nebo.<\/p>\n<p><strong>Danas ste imali radionicu s na\u0161im u\u010denicima, jesu li oni dobili priliku pokazati \u0161to znaju?<\/strong><\/p>\n<p>Pokazali su dio onoga \u0161to znaju. Znaju jako puno jer se s njima radi jako puno i jako dobro.<\/p>\n<p>Dojmovi su odli\u010dni. Bili smo jako sretni.<\/p>\n<p><strong>Vidimo li se dogodine?<\/strong><\/p>\n<p>Mi \u0107emo se svakako javiti ako nas se uspije ubaciti u raspored, kurikulum.<\/p>\n<p>Foto: Karlo Frankovi\u0107 i don Marijan<\/p>\n","protected":false},"excerpt":{"rendered":"<p>Drugu godinu za redom \u0161kola je ugostila Kazali\u0161ni studio iz Rijeke koji putuju\u0107i osnovnim i srednjim \u0161kolama diljem Lijepe Na\u0161e predstavljaju cvijet anti\u010dkoga kazali\u0161ta. Nakon pro\u0161logodi\u0161nje premijere s Dr\u017ei\u0107em, ove godine svim u\u010denicima predstavili su rimsku komediju na \u010delu s Plautom. S gluma\u010dkim parom, Darko Kavain i Nerma Kreso Kavain, razgovarale su Barbara Rezo i [&hellip;]<\/p>\n","protected":false},"author":68,"featured_media":15535,"comment_status":"closed","ping_status":"closed","sticky":false,"template":"","format":"standard","meta":{"footnotes":""},"categories":[212,211,2],"tags":[],"class_list":["post-15540","post","type-post","status-publish","format-standard","has-post-thumbnail","hentry","category-intervjui","category-predavanja","category-vijesti"],"_links":{"self":[{"href":"https:\/\/katolicka-gimnazija.hr\/index.php\/wp-json\/wp\/v2\/posts\/15540","targetHints":{"allow":["GET"]}}],"collection":[{"href":"https:\/\/katolicka-gimnazija.hr\/index.php\/wp-json\/wp\/v2\/posts"}],"about":[{"href":"https:\/\/katolicka-gimnazija.hr\/index.php\/wp-json\/wp\/v2\/types\/post"}],"author":[{"embeddable":true,"href":"https:\/\/katolicka-gimnazija.hr\/index.php\/wp-json\/wp\/v2\/users\/68"}],"replies":[{"embeddable":true,"href":"https:\/\/katolicka-gimnazija.hr\/index.php\/wp-json\/wp\/v2\/comments?post=15540"}],"version-history":[{"count":1,"href":"https:\/\/katolicka-gimnazija.hr\/index.php\/wp-json\/wp\/v2\/posts\/15540\/revisions"}],"predecessor-version":[{"id":15541,"href":"https:\/\/katolicka-gimnazija.hr\/index.php\/wp-json\/wp\/v2\/posts\/15540\/revisions\/15541"}],"wp:featuredmedia":[{"embeddable":true,"href":"https:\/\/katolicka-gimnazija.hr\/index.php\/wp-json\/wp\/v2\/media\/15535"}],"wp:attachment":[{"href":"https:\/\/katolicka-gimnazija.hr\/index.php\/wp-json\/wp\/v2\/media?parent=15540"}],"wp:term":[{"taxonomy":"category","embeddable":true,"href":"https:\/\/katolicka-gimnazija.hr\/index.php\/wp-json\/wp\/v2\/categories?post=15540"},{"taxonomy":"post_tag","embeddable":true,"href":"https:\/\/katolicka-gimnazija.hr\/index.php\/wp-json\/wp\/v2\/tags?post=15540"}],"curies":[{"name":"wp","href":"https:\/\/api.w.org\/{rel}","templated":true}]}}