{"id":15544,"date":"2019-02-28T21:38:54","date_gmt":"2019-02-28T21:38:54","guid":{"rendered":"http:\/\/katolicka-gimnazija.hr\/?p=15544"},"modified":"2019-03-22T22:22:29","modified_gmt":"2019-03-22T22:22:29","slug":"dan-ruzicastih-majica-3","status":"publish","type":"post","link":"https:\/\/katolicka-gimnazija.hr\/index.php\/2019\/02\/28\/dan-ruzicastih-majica-3\/","title":{"rendered":"Dan ru\u017ei\u010dastih majica"},"content":{"rendered":"<p>Dana 27. velja\u010de 2019. godine obilje\u017een je DAN RU\u017dI\u010cASTIH MAJICA, to\u010dnije obilje\u017een je Nacionalni dan borbe protiv vr\u0161nja\u010dkog nasilja. U obilje\u017eavanju su sudjelovali u\u010denici Katoli\u010dke osnovne \u0161kole i Katoli\u010dke gimnazije s pravom javnosti te <a href=\"http:\/\/katolicka-gimnazija.hr\/wp-content\/uploads\/2019\/02\/53264642_2373721242646932_5118946137398575104_n.jpg\"><img loading=\"lazy\" decoding=\"async\" class=\"alignright wp-image-15545 size-medium\" src=\"http:\/\/katolicka-gimnazija.hr\/wp-content\/uploads\/2019\/02\/53264642_2373721242646932_5118946137398575104_n-300x201.jpg\" alt=\"53264642_2373721242646932_5118946137398575104_n\" width=\"300\" height=\"201\" srcset=\"https:\/\/katolicka-gimnazija.hr\/wp-content\/uploads\/2019\/02\/53264642_2373721242646932_5118946137398575104_n-300x201.jpg 300w, https:\/\/katolicka-gimnazija.hr\/wp-content\/uploads\/2019\/02\/53264642_2373721242646932_5118946137398575104_n-400x268.jpg 400w, https:\/\/katolicka-gimnazija.hr\/wp-content\/uploads\/2019\/02\/53264642_2373721242646932_5118946137398575104_n-768x514.jpg 768w, https:\/\/katolicka-gimnazija.hr\/wp-content\/uploads\/2019\/02\/53264642_2373721242646932_5118946137398575104_n.jpg 960w\" sizes=\"auto, (max-width: 300px) 100vw, 300px\" \/><\/a>djelatnici ustanove. Obukav\u0161i majice ru\u017ei\u010daste boje u\u010denici i profesori izrazili su podr\u0161ku protiv vr\u0161nja\u010dkog nasilja koje se svakodnevno doga\u0111a na razne na\u010dine. Dan ru\u017ei\u010dastih majica ili Pink Shirt Day obilje\u017eava se u svijetu ve\u0107 dugi niz godina, a sve je po\u010delo u Kanadi 2007. godine. \u017drtva nasilja bio je dje\u010dak koji je na prvi dan \u0161kole do\u0161ao u ru\u017ei\u010dastoj majici u znak podr\u0161ke lije\u010denju te\u0161ko bolesne majke.\u00a0 Ru\u017ei\u010daste majice, koje su s dje\u010dakom nosile njegove \u0161kolske kolege, postale su prepoznatljiv simbol protiv vr\u0161nja\u010dkog nasilja. Pink Shirt Day obilje\u017eava se na razli\u010dite datume u svijetu, no u Hrvatskoj obilje\u017eio se ve\u0107 drugu godinu za redom zadnje srijede u velja\u010di. Nositelj cijele ideje u Hrvatskoj je Centar za edukaciju i prevenciju nasilja iz \u0110akova. Centar za edukaciju i prevenciju nasilja prvi je centar u Republici Hrvatskoj osnovan 2007. godine kojem je cilj sprje\u010davanje vr\u0161nja\u010dkog i elektroni\u010dkog nasilja. Nasilje u raznim oblicima dio je na\u0161e svakodnevnice, iz tog razloga ovakvi programi i akcije su potrebni kako bi novi nara\u0161taji rasli u spoznaji da nasilje nije rje\u0161enje nikakvih problema te da upotreba nasilja nije nikome pomogla.<\/p>\n<p>Tekst: \u017dana Julari\u0107<\/p>\n<p>Foto: Marijan Paveli\u0107<\/p>\n<p>&nbsp;<\/p>\n<p>&nbsp;<\/p>\n","protected":false},"excerpt":{"rendered":"<p>Dana 27. velja\u010de 2019. godine obilje\u017een je DAN RU\u017dI\u010cASTIH MAJICA, to\u010dnije obilje\u017een je Nacionalni dan borbe protiv vr\u0161nja\u010dkog nasilja. U obilje\u017eavanju su sudjelovali u\u010denici Katoli\u010dke osnovne \u0161kole i Katoli\u010dke gimnazije s pravom javnosti te djelatnici ustanove. Obukav\u0161i majice ru\u017ei\u010daste boje u\u010denici i profesori izrazili su podr\u0161ku protiv vr\u0161nja\u010dkog nasilja koje se svakodnevno doga\u0111a na razne [&hellip;]<\/p>\n","protected":false},"author":2,"featured_media":15545,"comment_status":"closed","ping_status":"closed","sticky":false,"template":"","format":"standard","meta":{"footnotes":""},"categories":[208,2],"tags":[],"class_list":["post-15544","post","type-post","status-publish","format-standard","has-post-thumbnail","hentry","category-humanitarno","category-vijesti"],"_links":{"self":[{"href":"https:\/\/katolicka-gimnazija.hr\/index.php\/wp-json\/wp\/v2\/posts\/15544","targetHints":{"allow":["GET"]}}],"collection":[{"href":"https:\/\/katolicka-gimnazija.hr\/index.php\/wp-json\/wp\/v2\/posts"}],"about":[{"href":"https:\/\/katolicka-gimnazija.hr\/index.php\/wp-json\/wp\/v2\/types\/post"}],"author":[{"embeddable":true,"href":"https:\/\/katolicka-gimnazija.hr\/index.php\/wp-json\/wp\/v2\/users\/2"}],"replies":[{"embeddable":true,"href":"https:\/\/katolicka-gimnazija.hr\/index.php\/wp-json\/wp\/v2\/comments?post=15544"}],"version-history":[{"count":2,"href":"https:\/\/katolicka-gimnazija.hr\/index.php\/wp-json\/wp\/v2\/posts\/15544\/revisions"}],"predecessor-version":[{"id":15919,"href":"https:\/\/katolicka-gimnazija.hr\/index.php\/wp-json\/wp\/v2\/posts\/15544\/revisions\/15919"}],"wp:featuredmedia":[{"embeddable":true,"href":"https:\/\/katolicka-gimnazija.hr\/index.php\/wp-json\/wp\/v2\/media\/15545"}],"wp:attachment":[{"href":"https:\/\/katolicka-gimnazija.hr\/index.php\/wp-json\/wp\/v2\/media?parent=15544"}],"wp:term":[{"taxonomy":"category","embeddable":true,"href":"https:\/\/katolicka-gimnazija.hr\/index.php\/wp-json\/wp\/v2\/categories?post=15544"},{"taxonomy":"post_tag","embeddable":true,"href":"https:\/\/katolicka-gimnazija.hr\/index.php\/wp-json\/wp\/v2\/tags?post=15544"}],"curies":[{"name":"wp","href":"https:\/\/api.w.org\/{rel}","templated":true}]}}