{"id":15612,"date":"2019-03-04T15:10:49","date_gmt":"2019-03-04T15:10:49","guid":{"rendered":"http:\/\/katolicka-gimnazija.hr\/?p=15612"},"modified":"2019-03-22T22:21:44","modified_gmt":"2019-03-22T22:21:44","slug":"meduzupanijsko-natjecanje-iz-filozofije","status":"publish","type":"post","link":"https:\/\/katolicka-gimnazija.hr\/index.php\/2019\/03\/04\/meduzupanijsko-natjecanje-iz-filozofije\/","title":{"rendered":"Mu\u0111u\u017eupanijsko natjecanje iz filozofije"},"content":{"rendered":"<p><a href=\"http:\/\/katolicka-gimnazija.hr\/wp-content\/uploads\/2019\/03\/53003688_2376729865679403_794804876608536576_n.jpg\"><img loading=\"lazy\" decoding=\"async\" class=\"alignright wp-image-15613 size-medium\" src=\"http:\/\/katolicka-gimnazija.hr\/wp-content\/uploads\/2019\/03\/53003688_2376729865679403_794804876608536576_n-223x300.jpg\" alt=\"53003688_2376729865679403_794804876608536576_n\" width=\"223\" height=\"300\" srcset=\"https:\/\/katolicka-gimnazija.hr\/wp-content\/uploads\/2019\/03\/53003688_2376729865679403_794804876608536576_n-223x300.jpg 223w, https:\/\/katolicka-gimnazija.hr\/wp-content\/uploads\/2019\/03\/53003688_2376729865679403_794804876608536576_n.jpg 714w\" sizes=\"auto, (max-width: 223px) 100vw, 223px\" \/><\/a>U petak, 1.3.2019. odr\u017eano je Me\u0111u\u017eupanijsko natjecanje iz filozofije i logike u II. gimnaziji u Osijeku. Tema ovogodi\u0161njeg natjecanja bila je <em>\u201ePrirodne znanosti i filozofija\u201c<\/em>. U\u010denici su imali priliku prou\u010davati tekstove Descartesa, Kanta, Humea i Bacona o navedenoj temi. Natjecanje se sastojalo od dva dijela, pisanja testa i eseja. Na\u0161u \u0161kolu predstavljali su Antonio Kljaji\u0107 (13. mjesto), Marko \u0110oki\u0107 (19.) te Gabrijel Marovi\u0107 (26.) uz pratnju mentora prof. Stefana Bunjevca.<\/p>\n<p>&nbsp;<\/p>\n","protected":false},"excerpt":{"rendered":"<p>U petak, 1.3.2019. odr\u017eano je Me\u0111u\u017eupanijsko natjecanje iz filozofije i logike u II. gimnaziji u Osijeku. Tema ovogodi\u0161njeg natjecanja bila je \u201ePrirodne znanosti i filozofija\u201c. U\u010denici su imali priliku prou\u010davati tekstove Descartesa, Kanta, Humea i Bacona o navedenoj temi. Natjecanje se sastojalo od dva dijela, pisanja testa i eseja. Na\u0161u \u0161kolu predstavljali su Antonio Kljaji\u0107 [&hellip;]<\/p>\n","protected":false},"author":15,"featured_media":15613,"comment_status":"closed","ping_status":"closed","sticky":false,"template":"","format":"standard","meta":{"footnotes":""},"categories":[209,2],"tags":[202],"class_list":["post-15612","post","type-post","status-publish","format-standard","has-post-thumbnail","hentry","category-natjecanja","category-vijesti","tag-natjecanja"],"_links":{"self":[{"href":"https:\/\/katolicka-gimnazija.hr\/index.php\/wp-json\/wp\/v2\/posts\/15612","targetHints":{"allow":["GET"]}}],"collection":[{"href":"https:\/\/katolicka-gimnazija.hr\/index.php\/wp-json\/wp\/v2\/posts"}],"about":[{"href":"https:\/\/katolicka-gimnazija.hr\/index.php\/wp-json\/wp\/v2\/types\/post"}],"author":[{"embeddable":true,"href":"https:\/\/katolicka-gimnazija.hr\/index.php\/wp-json\/wp\/v2\/users\/15"}],"replies":[{"embeddable":true,"href":"https:\/\/katolicka-gimnazija.hr\/index.php\/wp-json\/wp\/v2\/comments?post=15612"}],"version-history":[{"count":2,"href":"https:\/\/katolicka-gimnazija.hr\/index.php\/wp-json\/wp\/v2\/posts\/15612\/revisions"}],"predecessor-version":[{"id":15917,"href":"https:\/\/katolicka-gimnazija.hr\/index.php\/wp-json\/wp\/v2\/posts\/15612\/revisions\/15917"}],"wp:featuredmedia":[{"embeddable":true,"href":"https:\/\/katolicka-gimnazija.hr\/index.php\/wp-json\/wp\/v2\/media\/15613"}],"wp:attachment":[{"href":"https:\/\/katolicka-gimnazija.hr\/index.php\/wp-json\/wp\/v2\/media?parent=15612"}],"wp:term":[{"taxonomy":"category","embeddable":true,"href":"https:\/\/katolicka-gimnazija.hr\/index.php\/wp-json\/wp\/v2\/categories?post=15612"},{"taxonomy":"post_tag","embeddable":true,"href":"https:\/\/katolicka-gimnazija.hr\/index.php\/wp-json\/wp\/v2\/tags?post=15612"}],"curies":[{"name":"wp","href":"https:\/\/api.w.org\/{rel}","templated":true}]}}