{"id":15782,"date":"2019-03-09T21:33:22","date_gmt":"2019-03-09T21:33:22","guid":{"rendered":"http:\/\/katolicka-gimnazija.hr\/?p=15782"},"modified":"2019-03-09T21:33:22","modified_gmt":"2019-03-09T21:33:22","slug":"izjava-4","status":"publish","type":"post","link":"https:\/\/katolicka-gimnazija.hr\/index.php\/2019\/03\/09\/izjava-4\/","title":{"rendered":"Izjava 4"},"content":{"rendered":"<p>\u017deli\u0161 li znati, znati \u017eivjeti, biti prijatelj i drag u o\u010dima drugih ljudi te \u017eivjeti onako kako Bog \u017eeli, Katoli\u010dka gimnazija idealno je mjesto za to!<\/p>\n","protected":false},"excerpt":{"rendered":"<p>\u017deli\u0161 li znati, znati \u017eivjeti, biti prijatelj i drag u o\u010dima drugih ljudi te \u017eivjeti onako kako Bog \u017eeli, Katoli\u010dka gimnazija idealno je mjesto za to!<\/p>\n","protected":false},"author":2,"featured_media":0,"comment_status":"closed","ping_status":"closed","sticky":false,"template":"","format":"standard","meta":{"footnotes":""},"categories":[200],"tags":[],"class_list":["post-15782","post","type-post","status-publish","format-standard","hentry","category-bivsi-ucenici"],"_links":{"self":[{"href":"https:\/\/katolicka-gimnazija.hr\/index.php\/wp-json\/wp\/v2\/posts\/15782","targetHints":{"allow":["GET"]}}],"collection":[{"href":"https:\/\/katolicka-gimnazija.hr\/index.php\/wp-json\/wp\/v2\/posts"}],"about":[{"href":"https:\/\/katolicka-gimnazija.hr\/index.php\/wp-json\/wp\/v2\/types\/post"}],"author":[{"embeddable":true,"href":"https:\/\/katolicka-gimnazija.hr\/index.php\/wp-json\/wp\/v2\/users\/2"}],"replies":[{"embeddable":true,"href":"https:\/\/katolicka-gimnazija.hr\/index.php\/wp-json\/wp\/v2\/comments?post=15782"}],"version-history":[{"count":1,"href":"https:\/\/katolicka-gimnazija.hr\/index.php\/wp-json\/wp\/v2\/posts\/15782\/revisions"}],"predecessor-version":[{"id":15785,"href":"https:\/\/katolicka-gimnazija.hr\/index.php\/wp-json\/wp\/v2\/posts\/15782\/revisions\/15785"}],"wp:attachment":[{"href":"https:\/\/katolicka-gimnazija.hr\/index.php\/wp-json\/wp\/v2\/media?parent=15782"}],"wp:term":[{"taxonomy":"category","embeddable":true,"href":"https:\/\/katolicka-gimnazija.hr\/index.php\/wp-json\/wp\/v2\/categories?post=15782"},{"taxonomy":"post_tag","embeddable":true,"href":"https:\/\/katolicka-gimnazija.hr\/index.php\/wp-json\/wp\/v2\/tags?post=15782"}],"curies":[{"name":"wp","href":"https:\/\/api.w.org\/{rel}","templated":true}]}}