{"id":15783,"date":"2019-03-09T21:31:09","date_gmt":"2019-03-09T21:31:09","guid":{"rendered":"http:\/\/katolicka-gimnazija.hr\/?p=15783"},"modified":"2019-03-09T21:31:09","modified_gmt":"2019-03-09T21:31:09","slug":"izjava-2","status":"publish","type":"post","link":"https:\/\/katolicka-gimnazija.hr\/index.php\/2019\/03\/09\/izjava-2\/","title":{"rendered":"Izjava 2"},"content":{"rendered":"<p>\u0160kola ima kvalitetne i obrazovane profesore koji se trude usmjeravati u\u010denike u pravom smjeru te imaju individualan pristup svakom od u\u010denika.<\/p>\n","protected":false},"excerpt":{"rendered":"<p>\u0160kola ima kvalitetne i obrazovane profesore koji se trude usmjeravati u\u010denike u pravom smjeru te imaju individualan pristup svakom od u\u010denika.<\/p>\n","protected":false},"author":2,"featured_media":0,"comment_status":"closed","ping_status":"closed","sticky":false,"template":"","format":"standard","meta":{"footnotes":""},"categories":[200],"tags":[],"class_list":["post-15783","post","type-post","status-publish","format-standard","hentry","category-bivsi-ucenici"],"_links":{"self":[{"href":"https:\/\/katolicka-gimnazija.hr\/index.php\/wp-json\/wp\/v2\/posts\/15783","targetHints":{"allow":["GET"]}}],"collection":[{"href":"https:\/\/katolicka-gimnazija.hr\/index.php\/wp-json\/wp\/v2\/posts"}],"about":[{"href":"https:\/\/katolicka-gimnazija.hr\/index.php\/wp-json\/wp\/v2\/types\/post"}],"author":[{"embeddable":true,"href":"https:\/\/katolicka-gimnazija.hr\/index.php\/wp-json\/wp\/v2\/users\/2"}],"replies":[{"embeddable":true,"href":"https:\/\/katolicka-gimnazija.hr\/index.php\/wp-json\/wp\/v2\/comments?post=15783"}],"version-history":[{"count":2,"href":"https:\/\/katolicka-gimnazija.hr\/index.php\/wp-json\/wp\/v2\/posts\/15783\/revisions"}],"predecessor-version":[{"id":15886,"href":"https:\/\/katolicka-gimnazija.hr\/index.php\/wp-json\/wp\/v2\/posts\/15783\/revisions\/15886"}],"wp:attachment":[{"href":"https:\/\/katolicka-gimnazija.hr\/index.php\/wp-json\/wp\/v2\/media?parent=15783"}],"wp:term":[{"taxonomy":"category","embeddable":true,"href":"https:\/\/katolicka-gimnazija.hr\/index.php\/wp-json\/wp\/v2\/categories?post=15783"},{"taxonomy":"post_tag","embeddable":true,"href":"https:\/\/katolicka-gimnazija.hr\/index.php\/wp-json\/wp\/v2\/tags?post=15783"}],"curies":[{"name":"wp","href":"https:\/\/api.w.org\/{rel}","templated":true}]}}