{"id":16070,"date":"2019-03-22T07:07:04","date_gmt":"2019-03-22T07:07:04","guid":{"rendered":"http:\/\/katolicka-gimnazija.hr\/?p=16070"},"modified":"2019-03-25T07:07:34","modified_gmt":"2019-03-25T07:07:34","slug":"potreba-za-profesorom-grckog-jezika","status":"publish","type":"post","link":"https:\/\/katolicka-gimnazija.hr\/index.php\/2019\/03\/22\/potreba-za-profesorom-grckog-jezika\/","title":{"rendered":"Potreba za profesorom gr\u010dkog jezika"},"content":{"rendered":"<p>Na temelju \u010dlanka 107. Zakona o odgoju i obrazovanju u osnovnoj i srednjoj \u0161koli (Narodne novine brojevi 87\/2008, 86\/2009, 92\/2010, 105\/2010-Ispravak, 90\/2011, 16\/2012, 86\/2012, 94\/2013, 152\/2014, 7\/2017 i 68\/2018), KATOLI\u010cKA GIMNAZIJA S PRAVOM JAVNOSTI objavljuje<\/p>\n<p>&nbsp;<\/p>\n<p style=\"text-align: center;\"><strong>NATJE\u010cAJ<\/strong><\/p>\n<p style=\"text-align: center;\"><strong>ZA ZASNIVANJE RADNOG ODNOSA<\/strong><\/p>\n<p><strong>\u00a0<\/strong><\/p>\n<ol>\n<li>PROFESOR GR\u010cKOG JEZIKA, 1 izvr\u0161itelj\/izvr\u0161iteljica, s 12 sati nastave tjedno, na odre\u0111eno vrijeme, zbog zamjene, do povratka privremeno nenazo\u010dne radnice na rad, u nepunom radnom vremenu<\/li>\n<\/ol>\n<p>&nbsp;<\/p>\n<p>Uz prijavu na natje\u010daj i \u017eivotopis, kandidat\/kandidatkinja treba dostaviti:<\/p>\n<ul>\n<li>presliku rodnog lista ili elektroni\u010dki zapis iz matice ro\u0111enih,<\/li>\n<li>presliku domovnice ili elektroni\u010dki zapis iz knjige dr\u017eavljana,<\/li>\n<li>presliku dokaza o zavr\u0161enom studiju,<\/li>\n<li>potvrdu o podacima evidentiranim u mati\u010dnoj evidenciji Hrvatskog zavoda za mirovinsko osiguranje ne stariju od dana objave ovog Natje\u010daja,<\/li>\n<li>dokaz o nepostojanju zapreka za zasnivanje radnog odnosa u \u0161kolskoj ustanovi iz \u010dlanka 106. Zakona o odgoju i obrazovanju u osnovnoj i srednjoj \u0161koli (Narodne novine brojevi 87\/2008, 86\/2009, 92\/2010, 105\/2010-Ispravak, 90\/2011, 16\/2012, 86\/2012, 94\/2013, 152\/2014, 7\/2017 i 68\/2018) izdan od ustanove i ne stariji od dana objave ovog Natje\u010daja.<\/li>\n<\/ul>\n<p>&nbsp;<\/p>\n<p>Kandidat\/Kandidatkinja koji\/koja se poziva na pravo prednosti pri zapo\u0161ljavanju prema posebnom zakonu du\u017ean\/du\u017ena je u prijavi na natje\u010daj pozvati se na to pravo te osim dokaza o ispunjavanju tra\u017eenih uvjeta iz ovog Natje\u010daja prilo\u017eiti i dokaze o ostvarivanju prava prednosti pri zapo\u0161ljavanju.<\/p>\n<p>Kandidat\/Kandidatkinja koji\/koja se poziva na pravo prednosti pri zapo\u0161ljavanju na temelju \u010dlanka 102. Zakona o hrvatskim braniteljima iz Domovinskog rata i \u010dlanovima njihovih obitelji (Narodne novine broj 121\/2017) du\u017ean\/du\u017ena je uz prijavu na natje\u010daj, osim dokaza o ispunjavanju tra\u017eenih uvjeta iz ovog Natje\u010daja, prilo\u017eiti i dokaze ure\u0111ene \u010dlankom 103. stavkom 1. Zakona o hrvatskim braniteljima iz Domovinskog rata i \u010dlanovima njihovih obitelji (Narodne novine broj 121\/2017), a koji su navedeni na poveznici na internetsku stranicu Ministarstva hrvatskih branitelja <a href=\"https:\/\/branitelji.gov.hr\/UserDocsImages\/NG\/12%20Prosinac\/Zapo\u0161ljavanje\/Popis%20dokaza%20za%20ostvarivanje%20prava%20prednosti%20pri%20zapo\u0161ljavanju.pdf\">https:\/\/branitelji.gov.hr\/UserDocsImages\/\/NG\/12%20Prosinac\/Zapo\u0161ljavanje\/\/Popis%20dokaza%20za%20ostvarivanje%20prava%20prednosti%20pri%20zapo\u0161ljavanju.pdf<\/a> .<\/p>\n<p>&nbsp;<\/p>\n<p>Prijava i \u017eivotopis s dokazima o ispunjavanju uvjeta iz ovog Natje\u010daja i pravu prednosti pri zapo\u0161ljavanju dostavljaju se na adresu: Katoli\u010dka gimnazija s pravom javnosti, Pape Ivana Pavla II. 6, 34000 Po\u017eega, s naznakom &#8220;za natje\u010daj&#8221;. Rok za primanje prijava kandidata\/kandidatkinja je osam (8) dana od dana objave ovog Natje\u010daja, od 22.3.2019. do 30.3.2019. godine. Nepravovremene i nepotpune prijave ne\u0107e biti razmatrane.<\/p>\n<p>&nbsp;<\/p>\n<p>Uvjeti su prema Zakonu o odgoju i obrazovanju u osnovnoj i srednjoj \u0161koli i Pravilniku o stru\u010dnoj spremi i pedago\u0161ko-psiholo\u0161kom obrazovanju nastavnika u srednjem \u0161kolstvu.<\/p>\n<p>&nbsp;<\/p>\n<p>Od kandidata\/kandidatkinje koji\/koja \u0107e zasnovati radni odnos bit \u0107e izvr\u0161en uvid u originalnu ili ovjerenu dokumentaciju u svrhu utvr\u0111ivanja vjerodostojnosti dokumentacije.<\/p>\n<p>&nbsp;<\/p>\n<p>KLASA: 112-01\/19-01\/19<\/p>\n<p>URBROJ: 2177-2-01\/1-19-03<\/p>\n<p>&nbsp;<\/p>\n<p>U Po\u017eegi 21. o\u017eujka 2019. godine<\/p>\n","protected":false},"excerpt":{"rendered":"<p>Na temelju \u010dlanka 107. Zakona o odgoju i obrazovanju u osnovnoj i srednjoj \u0161koli (Narodne novine brojevi 87\/2008, 86\/2009, 92\/2010, 105\/2010-Ispravak, 90\/2011, 16\/2012, 86\/2012, 94\/2013, 152\/2014, 7\/2017 i 68\/2018), KATOLI\u010cKA GIMNAZIJA S PRAVOM JAVNOSTI objavljuje &nbsp; NATJE\u010cAJ ZA ZASNIVANJE RADNOG ODNOSA \u00a0 PROFESOR GR\u010cKOG JEZIKA, 1 izvr\u0161itelj\/izvr\u0161iteljica, s 12 sati nastave tjedno, na odre\u0111eno vrijeme, [&hellip;]<\/p>\n","protected":false},"author":2,"featured_media":0,"comment_status":"closed","ping_status":"closed","sticky":false,"template":"","format":"standard","meta":{"footnotes":""},"categories":[192],"tags":[],"class_list":["post-16070","post","type-post","status-publish","format-standard","hentry","category-natjecaji"],"_links":{"self":[{"href":"https:\/\/katolicka-gimnazija.hr\/index.php\/wp-json\/wp\/v2\/posts\/16070","targetHints":{"allow":["GET"]}}],"collection":[{"href":"https:\/\/katolicka-gimnazija.hr\/index.php\/wp-json\/wp\/v2\/posts"}],"about":[{"href":"https:\/\/katolicka-gimnazija.hr\/index.php\/wp-json\/wp\/v2\/types\/post"}],"author":[{"embeddable":true,"href":"https:\/\/katolicka-gimnazija.hr\/index.php\/wp-json\/wp\/v2\/users\/2"}],"replies":[{"embeddable":true,"href":"https:\/\/katolicka-gimnazija.hr\/index.php\/wp-json\/wp\/v2\/comments?post=16070"}],"version-history":[{"count":1,"href":"https:\/\/katolicka-gimnazija.hr\/index.php\/wp-json\/wp\/v2\/posts\/16070\/revisions"}],"predecessor-version":[{"id":16071,"href":"https:\/\/katolicka-gimnazija.hr\/index.php\/wp-json\/wp\/v2\/posts\/16070\/revisions\/16071"}],"wp:attachment":[{"href":"https:\/\/katolicka-gimnazija.hr\/index.php\/wp-json\/wp\/v2\/media?parent=16070"}],"wp:term":[{"taxonomy":"category","embeddable":true,"href":"https:\/\/katolicka-gimnazija.hr\/index.php\/wp-json\/wp\/v2\/categories?post=16070"},{"taxonomy":"post_tag","embeddable":true,"href":"https:\/\/katolicka-gimnazija.hr\/index.php\/wp-json\/wp\/v2\/tags?post=16070"}],"curies":[{"name":"wp","href":"https:\/\/api.w.org\/{rel}","templated":true}]}}