{"id":16072,"date":"2019-03-25T12:25:30","date_gmt":"2019-03-25T12:25:30","guid":{"rendered":"http:\/\/katolicka-gimnazija.hr\/?p=16072"},"modified":"2019-03-25T12:25:30","modified_gmt":"2019-03-25T12:25:30","slug":"zakljucci-s-3-sjednice-razrednog-vijeca-2","status":"publish","type":"post","link":"https:\/\/katolicka-gimnazija.hr\/index.php\/2019\/03\/25\/zakljucci-s-3-sjednice-razrednog-vijeca-2\/","title":{"rendered":"Zaklju\u010dci s 3. sjednice Razrednog vije\u0107a"},"content":{"rendered":"<p>Zaklju\u010dci s 3. sjednice Razrednog vije\u0107a razrednog odjela 3.b u \u0161kolskoj godini 2018.\/2019. odr\u017eane 18. o\u017eujka 2019. godine:<\/p>\n<ul>\n<li>Usvaja se Zapisnik s prethodne sjednice Razrednog vije\u0107a odr\u017eane 27. prosinca 2018. godine.<\/li>\n<li>Odre\u0111uju se u\u010deniku 3.b razrednog odjela Katoli\u010dke gimnazije s pravom javnosti s te\u0161ko\u0107ama u razvoju individualizirani postupci u redovitom programu obrazovanja: vrijeme i metode rada, provjeravanje znanja, pra\u0107enje i vrednovanje, podr\u0161ka u radu i drugo iz vi\u0161e nastavnih predmeta.<\/li>\n<\/ul>\n","protected":false},"excerpt":{"rendered":"<p>Zaklju\u010dci s 3. sjednice Razrednog vije\u0107a razrednog odjela 3.b u \u0161kolskoj godini 2018.\/2019. odr\u017eane 18. o\u017eujka 2019. godine: Usvaja se Zapisnik s prethodne sjednice Razrednog vije\u0107a odr\u017eane 27. prosinca 2018. godine. Odre\u0111uju se u\u010deniku 3.b razrednog odjela Katoli\u010dke gimnazije s pravom javnosti s te\u0161ko\u0107ama u razvoju individualizirani postupci u redovitom programu obrazovanja: vrijeme i metode [&hellip;]<\/p>\n","protected":false},"author":2,"featured_media":0,"comment_status":"closed","ping_status":"closed","sticky":false,"template":"","format":"standard","meta":{"footnotes":""},"categories":[2],"tags":[],"class_list":["post-16072","post","type-post","status-publish","format-standard","hentry","category-vijesti"],"_links":{"self":[{"href":"https:\/\/katolicka-gimnazija.hr\/index.php\/wp-json\/wp\/v2\/posts\/16072","targetHints":{"allow":["GET"]}}],"collection":[{"href":"https:\/\/katolicka-gimnazija.hr\/index.php\/wp-json\/wp\/v2\/posts"}],"about":[{"href":"https:\/\/katolicka-gimnazija.hr\/index.php\/wp-json\/wp\/v2\/types\/post"}],"author":[{"embeddable":true,"href":"https:\/\/katolicka-gimnazija.hr\/index.php\/wp-json\/wp\/v2\/users\/2"}],"replies":[{"embeddable":true,"href":"https:\/\/katolicka-gimnazija.hr\/index.php\/wp-json\/wp\/v2\/comments?post=16072"}],"version-history":[{"count":1,"href":"https:\/\/katolicka-gimnazija.hr\/index.php\/wp-json\/wp\/v2\/posts\/16072\/revisions"}],"predecessor-version":[{"id":16075,"href":"https:\/\/katolicka-gimnazija.hr\/index.php\/wp-json\/wp\/v2\/posts\/16072\/revisions\/16075"}],"wp:attachment":[{"href":"https:\/\/katolicka-gimnazija.hr\/index.php\/wp-json\/wp\/v2\/media?parent=16072"}],"wp:term":[{"taxonomy":"category","embeddable":true,"href":"https:\/\/katolicka-gimnazija.hr\/index.php\/wp-json\/wp\/v2\/categories?post=16072"},{"taxonomy":"post_tag","embeddable":true,"href":"https:\/\/katolicka-gimnazija.hr\/index.php\/wp-json\/wp\/v2\/tags?post=16072"}],"curies":[{"name":"wp","href":"https:\/\/api.w.org\/{rel}","templated":true}]}}