{"id":16073,"date":"2019-03-25T12:24:54","date_gmt":"2019-03-25T12:24:54","guid":{"rendered":"http:\/\/katolicka-gimnazija.hr\/?p=16073"},"modified":"2019-03-25T12:24:54","modified_gmt":"2019-03-25T12:24:54","slug":"zakljucci-s-4-sjednice-nastavnickog-vijeca-4","status":"publish","type":"post","link":"https:\/\/katolicka-gimnazija.hr\/index.php\/2019\/03\/25\/zakljucci-s-4-sjednice-nastavnickog-vijeca-4\/","title":{"rendered":"Zaklju\u010dci s 4. sjednice Nastavni\u010dkog vije\u0107a"},"content":{"rendered":"<p>Zaklju\u010dci s 4. sjednice Nastavni\u010dkog vije\u0107a u \u0161kolskoj godini 2018.\/2019. odr\u017eane 18. o\u017eujka 2019. godine:<\/p>\n<p>Uvodno je odr\u017eala predavanje profesorica psihologije i stru\u010dna suradnica \u2013 psihologinja Nikolina Bodolovi\u0107 na temu &#8220;Problemi mentalnog zdravlja u adolescenciji&#8221;.<\/p>\n<ul>\n<li>Usvaja se Zapisnik s prethodne sjednice Nastavni\u010dkog vije\u0107a odr\u017eane 6. velja\u010de 2019. godine bez primjedbi.<\/li>\n<li>Dogovara se organizacija i provedba Dana otvorenih vrata Katoli\u010dke gimnazije s pravom javnosti 2019.: promjena datuma odr\u017eavanja, naziv teme pod kojom \u0107e biti odr\u017ean, obveze, odnosno zadu\u017eenja djelatnika i prijevoz u\u010denika osnovnih \u0161kola Po\u017ee\u0161ko-slavonske \u017eupanije do i od Katoli\u010dke gimnazije s pravom javnosti toga dana te izra\u0111ivanje okvirnog tro\u0161kovnika za taj dan.<\/li>\n<li>Osloba\u0111aju se od poha\u0111anja nastave nastavnog predmeta Tjelesne i zdravstvene kulture u\u010denik i u\u010denica 2.a razrednog odjela Katoli\u010dke gimnazije s pravom javnosti do zavr\u0161etka drugoga polugodi\u0161ta nastavne godine 2018.\/2019. zbog zdravstvenog stanja.<\/li>\n<li>Raspravljalo se o raznome: promjeni rasporeda sati 15. travnja 2019. godine, planiranju odre\u0111enih tema za sat razrednika u sljede\u0107oj nastavnoj godini, provedenoj anketi o duhovnim aktivnostima u\u010denika Katoli\u010dke gimnazije s pravom javnosti, prijedlogu da se provede anketa o \u0161kolskim zada\u0107ama i provedenoj humanitarnoj akciji &#8220;Nisi sam&#8221;.<\/li>\n<\/ul>\n","protected":false},"excerpt":{"rendered":"<p>Zaklju\u010dci s 4. sjednice Nastavni\u010dkog vije\u0107a u \u0161kolskoj godini 2018.\/2019. odr\u017eane 18. o\u017eujka 2019. godine: Uvodno je odr\u017eala predavanje profesorica psihologije i stru\u010dna suradnica \u2013 psihologinja Nikolina Bodolovi\u0107 na temu &#8220;Problemi mentalnog zdravlja u adolescenciji&#8221;. Usvaja se Zapisnik s prethodne sjednice Nastavni\u010dkog vije\u0107a odr\u017eane 6. velja\u010de 2019. godine bez primjedbi. Dogovara se organizacija i provedba [&hellip;]<\/p>\n","protected":false},"author":2,"featured_media":0,"comment_status":"closed","ping_status":"closed","sticky":false,"template":"","format":"standard","meta":{"footnotes":""},"categories":[2],"tags":[],"class_list":["post-16073","post","type-post","status-publish","format-standard","hentry","category-vijesti"],"_links":{"self":[{"href":"https:\/\/katolicka-gimnazija.hr\/index.php\/wp-json\/wp\/v2\/posts\/16073","targetHints":{"allow":["GET"]}}],"collection":[{"href":"https:\/\/katolicka-gimnazija.hr\/index.php\/wp-json\/wp\/v2\/posts"}],"about":[{"href":"https:\/\/katolicka-gimnazija.hr\/index.php\/wp-json\/wp\/v2\/types\/post"}],"author":[{"embeddable":true,"href":"https:\/\/katolicka-gimnazija.hr\/index.php\/wp-json\/wp\/v2\/users\/2"}],"replies":[{"embeddable":true,"href":"https:\/\/katolicka-gimnazija.hr\/index.php\/wp-json\/wp\/v2\/comments?post=16073"}],"version-history":[{"count":1,"href":"https:\/\/katolicka-gimnazija.hr\/index.php\/wp-json\/wp\/v2\/posts\/16073\/revisions"}],"predecessor-version":[{"id":16074,"href":"https:\/\/katolicka-gimnazija.hr\/index.php\/wp-json\/wp\/v2\/posts\/16073\/revisions\/16074"}],"wp:attachment":[{"href":"https:\/\/katolicka-gimnazija.hr\/index.php\/wp-json\/wp\/v2\/media?parent=16073"}],"wp:term":[{"taxonomy":"category","embeddable":true,"href":"https:\/\/katolicka-gimnazija.hr\/index.php\/wp-json\/wp\/v2\/categories?post=16073"},{"taxonomy":"post_tag","embeddable":true,"href":"https:\/\/katolicka-gimnazija.hr\/index.php\/wp-json\/wp\/v2\/tags?post=16073"}],"curies":[{"name":"wp","href":"https:\/\/api.w.org\/{rel}","templated":true}]}}