{"id":16125,"date":"2019-03-21T09:51:03","date_gmt":"2019-03-21T09:51:03","guid":{"rendered":"http:\/\/katolicka-gimnazija.hr\/?p=16125"},"modified":"2019-04-01T10:02:20","modified_gmt":"2019-04-01T10:02:20","slug":"16125","status":"publish","type":"post","link":"https:\/\/katolicka-gimnazija.hr\/index.php\/2019\/03\/21\/16125\/","title":{"rendered":"Dan djece sre\u0107e"},"content":{"rendered":"<p><a href=\"http:\/\/katolicka-gimnazija.hr\/wp-content\/uploads\/2019\/04\/60ab38e61cf93127d05ad19eb199c56a-hero.jpg\"><img loading=\"lazy\" decoding=\"async\" class=\"alignright wp-image-16126 size-medium\" src=\"http:\/\/katolicka-gimnazija.hr\/wp-content\/uploads\/2019\/04\/60ab38e61cf93127d05ad19eb199c56a-hero-300x128.jpg\" alt=\"\" width=\"300\" height=\"128\" srcset=\"https:\/\/katolicka-gimnazija.hr\/wp-content\/uploads\/2019\/04\/60ab38e61cf93127d05ad19eb199c56a-hero-300x128.jpg 300w, https:\/\/katolicka-gimnazija.hr\/wp-content\/uploads\/2019\/04\/60ab38e61cf93127d05ad19eb199c56a-hero-768x328.jpg 768w, https:\/\/katolicka-gimnazija.hr\/wp-content\/uploads\/2019\/04\/60ab38e61cf93127d05ad19eb199c56a-hero-400x171.jpg 400w, https:\/\/katolicka-gimnazija.hr\/wp-content\/uploads\/2019\/04\/60ab38e61cf93127d05ad19eb199c56a-hero.jpg 960w\" sizes=\"auto, (max-width: 300px) 100vw, 300px\" \/><\/a>Tekst: Martina Grbe\u0161 i Barbara Rezo<\/p>\n<p>Ako vam se ovoga 21. o\u017eujka u\u010dinilo da vidite ljude u \u0161etnji ili \u0161koli ili na kavi a ispod nogavica im se naziru rasparene i to uo\u010dljivo \u0161arene \u010darape, ne bojte se, nije (jo\u0161) svijet poludio. (op. U. P.) U svijetu se 21. o\u017eujka obilje\u017eava Svjetski dan Downova sindroma i to ba\u0161 na dan koji simbolizira tri reprodukcije 21. kromosoma (21. 3., ku\u017eite!), \u0161to je glavno genetsko obilje\u017eje osoba s Down sindromom.<\/p>\n<p>Downov sindrom je genetski poreme\u0107aj koji je uzrokovan prisutno\u0161\u0107u jednog kromosoma vi\u0161ka, a nastaje u trenutku za\u010de\u0107a. Simbol Dana Down sindroma upravo su \u0161arene \u010darape (koje ste mo\u017eda imali priliku na ne\u010dijim nogama vidjeti) jer ih osobe s Down sindromom ne mogu upariti. No\u0161enjem \u0161arenih \u010darapa pokazuje se podr\u0161ka borbi osoba s Down sindromom kako bi se \u0161to bolje uklopili u dru\u0161tvo.<\/p>\n<p><a href=\"http:\/\/katolicka-gimnazija.hr\/wp-content\/uploads\/2019\/04\/downov-sindrom-550x309.png\"><img loading=\"lazy\" decoding=\"async\" class=\"alignleft size-medium wp-image-16128\" src=\"http:\/\/katolicka-gimnazija.hr\/wp-content\/uploads\/2019\/04\/downov-sindrom-550x309-300x169.png\" alt=\"\" width=\"300\" height=\"169\" srcset=\"https:\/\/katolicka-gimnazija.hr\/wp-content\/uploads\/2019\/04\/downov-sindrom-550x309-300x169.png 300w, https:\/\/katolicka-gimnazija.hr\/wp-content\/uploads\/2019\/04\/downov-sindrom-550x309-400x225.png 400w, https:\/\/katolicka-gimnazija.hr\/wp-content\/uploads\/2019\/04\/downov-sindrom-550x309.png 550w\" sizes=\"auto, (max-width: 300px) 100vw, 300px\" \/><\/a>Djeca sa sindromom Down izrazito su emotivno topla, vesela, otvorena, slobodna, gotovo uvijek unose vedrinu u sredinu u kojoj se na\u0111u, vrlo su tolerantna, blage naravi i poti\u010du izrazitu naklonost sviju onih koji s njima dolaze u kontakt, ali nisu samostalni, vezani su za roditelje te ovisni o drugima (roditelji, skrbnici ili prijatelji). Odrasle osobe sa sindromom Down mogu stupati u veze, od kojih neke \u010dak zavr\u0161avaju i brakom. Mogu imati i djecu, no valja imati na umu da u tom slu\u010daju postoje 50-postotni izgledi da \u0107e i dijete imati Down sindrom.<\/p>\n<p>Prosje\u010dno jedno od 650 novoro\u0111ene djece ra\u0111a se sa sindromom Down, a sindrom poga\u0111a sve rasne skupine i mo\u017ee se javiti u bilo kojoj obitelji, bez obzira na zdravlje roditelja, ekonomsku situaciju ili na\u010din \u017eivota, dok se u\u010destalost povisuje i vi\u0161e puta s porastom dobi majke.<\/p>\n<p>U Hrvatskoj, napomenimo, \u017eivi oko 1.650 osoba s Downovim sindromom.<\/p>\n<p><a href=\"http:\/\/katolicka-gimnazija.hr\/wp-content\/uploads\/2019\/04\/b5a8b1fe57bf3a21d754c5e8c498ed12a0a00304.jpg\"><img loading=\"lazy\" decoding=\"async\" class=\"size-medium wp-image-16127 alignright\" src=\"http:\/\/katolicka-gimnazija.hr\/wp-content\/uploads\/2019\/04\/b5a8b1fe57bf3a21d754c5e8c498ed12a0a00304-300x164.jpg\" alt=\"\" width=\"300\" height=\"164\" srcset=\"https:\/\/katolicka-gimnazija.hr\/wp-content\/uploads\/2019\/04\/b5a8b1fe57bf3a21d754c5e8c498ed12a0a00304-300x164.jpg 300w, https:\/\/katolicka-gimnazija.hr\/wp-content\/uploads\/2019\/04\/b5a8b1fe57bf3a21d754c5e8c498ed12a0a00304-400x218.jpg 400w, https:\/\/katolicka-gimnazija.hr\/wp-content\/uploads\/2019\/04\/b5a8b1fe57bf3a21d754c5e8c498ed12a0a00304.jpg 665w\" sizes=\"auto, (max-width: 300px) 100vw, 300px\" \/><\/a>Osobe sa sindromom Down mogu\u0107e je zaposliti na velikom broju radnih mjesta. U Vinkovcima je otvoren kafi\u0107 pod nazivom\u00a0&#8220;Buba Bar&#8221; u kojem je zaposleno pet osoba s ovim sindromom. Tako\u0111er ih mo\u017eemo zate\u0107i kako rade kao kuhari, cvje\u0107ari i dr.<\/p>\n<p>Ako niste sigurni \u0161to je Downov sindrom, sigurni smo da ste ih barem jednom u \u017eivotu sreli. Osim po njihovu zaraznom smje\u0161ku, mo\u017eemo ih prepoznati i po karakteristi\u010dnu izgledu:<\/p>\n<ul>\n<li>mi\u0161i\u0107na hipotonija (smanjena napetost tonusa mi\u0161i\u0107a)<\/li>\n<li>\u0161iroki vrat<\/li>\n<li>kosi polo\u017eaj o\u010diju (o\u010dnih otvora)<\/li>\n<li>okruglo lice izravnanog profila<\/li>\n<li>kratke \u0161ake<\/li>\n<li>malena usta i nos<\/li>\n<li>kratke i \u0161iroke ruke i noge<\/li>\n<li>kra\u0107i prsni ko\u0161<\/li>\n<li>malena glava.<\/li>\n<\/ul>\n<p><a href=\"http:\/\/katolicka-gimnazija.hr\/wp-content\/uploads\/2019\/04\/1351156502olimpijada_starih_sportova_vinkovci_2011god__3-e1554112845767.jpg\"><img loading=\"lazy\" decoding=\"async\" class=\"size-medium wp-image-16129 alignright\" src=\"http:\/\/katolicka-gimnazija.hr\/wp-content\/uploads\/2019\/04\/1351156502olimpijada_starih_sportova_vinkovci_2011god__3-e1554112845767-300x228.jpg\" alt=\"\" width=\"300\" height=\"228\" srcset=\"https:\/\/katolicka-gimnazija.hr\/wp-content\/uploads\/2019\/04\/1351156502olimpijada_starih_sportova_vinkovci_2011god__3-e1554112845767-300x228.jpg 300w, https:\/\/katolicka-gimnazija.hr\/wp-content\/uploads\/2019\/04\/1351156502olimpijada_starih_sportova_vinkovci_2011god__3-e1554112845767-395x300.jpg 395w, https:\/\/katolicka-gimnazija.hr\/wp-content\/uploads\/2019\/04\/1351156502olimpijada_starih_sportova_vinkovci_2011god__3-e1554112845767.jpg 724w\" sizes=\"auto, (max-width: 300px) 100vw, 300px\" \/><\/a>Mo\u017eda nismo svjesni no i mi mo\u017eemo pomo\u0107i ovim posebnim, veselim ljudima tako \u0161to se mo\u017eemo uklju\u010diti u volonterski rad. U na\u0161em gradu postoji udruga MI koja okuplja oko 50 obitelji, djece i osoba s razli\u010ditim pote\u0161ko\u0107ama u razvoju.<\/p>\n","protected":false},"excerpt":{"rendered":"<p>Tekst: Martina Grbe\u0161 i Barbara Rezo Ako vam se ovoga 21. o\u017eujka u\u010dinilo da vidite ljude u \u0161etnji ili \u0161koli ili na kavi a ispod nogavica im se naziru rasparene i to uo\u010dljivo \u0161arene \u010darape, ne bojte se, nije (jo\u0161) svijet poludio. (op. U. P.) U svijetu se 21. o\u017eujka obilje\u017eava Svjetski dan Downova sindroma [&hellip;]<\/p>\n","protected":false},"author":2,"featured_media":16126,"comment_status":"closed","ping_status":"closed","sticky":false,"template":"","format":"standard","meta":{"footnotes":""},"categories":[2],"tags":[],"class_list":["post-16125","post","type-post","status-publish","format-standard","has-post-thumbnail","hentry","category-vijesti"],"_links":{"self":[{"href":"https:\/\/katolicka-gimnazija.hr\/index.php\/wp-json\/wp\/v2\/posts\/16125","targetHints":{"allow":["GET"]}}],"collection":[{"href":"https:\/\/katolicka-gimnazija.hr\/index.php\/wp-json\/wp\/v2\/posts"}],"about":[{"href":"https:\/\/katolicka-gimnazija.hr\/index.php\/wp-json\/wp\/v2\/types\/post"}],"author":[{"embeddable":true,"href":"https:\/\/katolicka-gimnazija.hr\/index.php\/wp-json\/wp\/v2\/users\/2"}],"replies":[{"embeddable":true,"href":"https:\/\/katolicka-gimnazija.hr\/index.php\/wp-json\/wp\/v2\/comments?post=16125"}],"version-history":[{"count":2,"href":"https:\/\/katolicka-gimnazija.hr\/index.php\/wp-json\/wp\/v2\/posts\/16125\/revisions"}],"predecessor-version":[{"id":16131,"href":"https:\/\/katolicka-gimnazija.hr\/index.php\/wp-json\/wp\/v2\/posts\/16125\/revisions\/16131"}],"wp:featuredmedia":[{"embeddable":true,"href":"https:\/\/katolicka-gimnazija.hr\/index.php\/wp-json\/wp\/v2\/media\/16126"}],"wp:attachment":[{"href":"https:\/\/katolicka-gimnazija.hr\/index.php\/wp-json\/wp\/v2\/media?parent=16125"}],"wp:term":[{"taxonomy":"category","embeddable":true,"href":"https:\/\/katolicka-gimnazija.hr\/index.php\/wp-json\/wp\/v2\/categories?post=16125"},{"taxonomy":"post_tag","embeddable":true,"href":"https:\/\/katolicka-gimnazija.hr\/index.php\/wp-json\/wp\/v2\/tags?post=16125"}],"curies":[{"name":"wp","href":"https:\/\/api.w.org\/{rel}","templated":true}]}}