{"id":16132,"date":"2019-03-19T10:02:55","date_gmt":"2019-03-19T10:02:55","guid":{"rendered":"http:\/\/katolicka-gimnazija.hr\/?p=16132"},"modified":"2019-04-01T12:06:50","modified_gmt":"2019-04-01T12:06:50","slug":"deset-godina-pozeskog-kos-a","status":"publish","type":"post","link":"https:\/\/katolicka-gimnazija.hr\/index.php\/2019\/03\/19\/deset-godina-pozeskog-kos-a\/","title":{"rendered":"Deset godina po\u017ee\u0161kog KO\u0160-a"},"content":{"rendered":"<p><a href=\"http:\/\/katolicka-gimnazija.hr\/wp-content\/uploads\/2019\/04\/53870556_2402513096434413_7264735364965728256_o.jpg\"><img loading=\"lazy\" decoding=\"async\" class=\"size-medium wp-image-16133 alignright\" src=\"http:\/\/katolicka-gimnazija.hr\/wp-content\/uploads\/2019\/04\/53870556_2402513096434413_7264735364965728256_o-300x200.jpg\" alt=\"\" width=\"300\" height=\"200\" srcset=\"https:\/\/katolicka-gimnazija.hr\/wp-content\/uploads\/2019\/04\/53870556_2402513096434413_7264735364965728256_o-300x200.jpg 300w, https:\/\/katolicka-gimnazija.hr\/wp-content\/uploads\/2019\/04\/53870556_2402513096434413_7264735364965728256_o-768x512.jpg 768w, https:\/\/katolicka-gimnazija.hr\/wp-content\/uploads\/2019\/04\/53870556_2402513096434413_7264735364965728256_o-1024x683.jpg 1024w, https:\/\/katolicka-gimnazija.hr\/wp-content\/uploads\/2019\/04\/53870556_2402513096434413_7264735364965728256_o-400x267.jpg 400w, https:\/\/katolicka-gimnazija.hr\/wp-content\/uploads\/2019\/04\/53870556_2402513096434413_7264735364965728256_o.jpg 1800w\" sizes=\"auto, (max-width: 300px) 100vw, 300px\" \/><\/a>Kako su pro\u0161le godine katoli\u010dke gimnazije na podru\u010dju Po\u017ee\u0161ke biskupije proslavile desetu godinu postojanja, tako je ove godine 19. o\u017eujka, na blagdan svoga nebeskoga za\u0161titnika, sv. Josipa, Katoli\u010dka osnovna \u0161kola u Po\u017eegi, popularni KO\u0160, tako\u0111er obilje\u017eio svojih prvih deset godina postojanja. Budu\u0107i da obje \u0161kole, i KO\u0160 i gimnazija, pripadaju jedinstvenom Odgojno-obrazovnom centru, nemali je broj dana\u0161njih gimnazijalaca poniknuo iz prve dvije generacije KO\u0160-ovaca, a nadamo se da \u0107e se takav obi\u010daj i nastaviti. Upravo su na\u0161i gimnazijalci koji su prvi i drugi zakora\u010dili u Katoli\u010dku osnovnu \u0161kolu prije deset, odnosno devet godina sudjelovali u obilje\u017eavanju ove prve i znakovite obljetnice bilo kao pjeva\u010di, bilo kao glumci u igrokazu koji je tematizirao, \u0161to drugo nego same po\u010detke Katoli\u010dke osnovne \u0161kole u Po\u017eegi. Simboli\u010dno je i to da je ravnateljsku stolicu od ove \u0161kolske godine preuzeo na\u0161 donedavni gimnazijski profesor i kolega, Frano Bari\u0161i\u0107 pred kojim je izazovan zadatak da \u0161kolu u ne ba\u0161 zavidnim vremenima povede u idu\u0107ih deset godina. Sretno im bilo!<\/p>\n","protected":false},"excerpt":{"rendered":"<p>Kako su pro\u0161le godine katoli\u010dke gimnazije na podru\u010dju Po\u017ee\u0161ke biskupije proslavile desetu godinu postojanja, tako je ove godine 19. o\u017eujka, na blagdan svoga nebeskoga za\u0161titnika, sv. Josipa, Katoli\u010dka osnovna \u0161kola u Po\u017eegi, popularni KO\u0160, tako\u0111er obilje\u017eio svojih prvih deset godina postojanja. Budu\u0107i da obje \u0161kole, i KO\u0160 i gimnazija, pripadaju jedinstvenom Odgojno-obrazovnom centru, nemali je [&hellip;]<\/p>\n","protected":false},"author":2,"featured_media":16134,"comment_status":"closed","ping_status":"closed","sticky":false,"template":"","format":"standard","meta":{"footnotes":""},"categories":[2],"tags":[],"class_list":["post-16132","post","type-post","status-publish","format-standard","has-post-thumbnail","hentry","category-vijesti"],"_links":{"self":[{"href":"https:\/\/katolicka-gimnazija.hr\/index.php\/wp-json\/wp\/v2\/posts\/16132","targetHints":{"allow":["GET"]}}],"collection":[{"href":"https:\/\/katolicka-gimnazija.hr\/index.php\/wp-json\/wp\/v2\/posts"}],"about":[{"href":"https:\/\/katolicka-gimnazija.hr\/index.php\/wp-json\/wp\/v2\/types\/post"}],"author":[{"embeddable":true,"href":"https:\/\/katolicka-gimnazija.hr\/index.php\/wp-json\/wp\/v2\/users\/2"}],"replies":[{"embeddable":true,"href":"https:\/\/katolicka-gimnazija.hr\/index.php\/wp-json\/wp\/v2\/comments?post=16132"}],"version-history":[{"count":1,"href":"https:\/\/katolicka-gimnazija.hr\/index.php\/wp-json\/wp\/v2\/posts\/16132\/revisions"}],"predecessor-version":[{"id":16136,"href":"https:\/\/katolicka-gimnazija.hr\/index.php\/wp-json\/wp\/v2\/posts\/16132\/revisions\/16136"}],"wp:featuredmedia":[{"embeddable":true,"href":"https:\/\/katolicka-gimnazija.hr\/index.php\/wp-json\/wp\/v2\/media\/16134"}],"wp:attachment":[{"href":"https:\/\/katolicka-gimnazija.hr\/index.php\/wp-json\/wp\/v2\/media?parent=16132"}],"wp:term":[{"taxonomy":"category","embeddable":true,"href":"https:\/\/katolicka-gimnazija.hr\/index.php\/wp-json\/wp\/v2\/categories?post=16132"},{"taxonomy":"post_tag","embeddable":true,"href":"https:\/\/katolicka-gimnazija.hr\/index.php\/wp-json\/wp\/v2\/tags?post=16132"}],"curies":[{"name":"wp","href":"https:\/\/api.w.org\/{rel}","templated":true}]}}