{"id":16142,"date":"2019-03-15T16:26:00","date_gmt":"2019-03-15T16:26:00","guid":{"rendered":"http:\/\/katolicka-gimnazija.hr\/?p=16142"},"modified":"2019-04-03T18:06:34","modified_gmt":"2019-04-03T18:06:34","slug":"zupanijsko-natjecanje-iz-hrvatskoga-jezika","status":"publish","type":"post","link":"https:\/\/katolicka-gimnazija.hr\/index.php\/2019\/03\/15\/zupanijsko-natjecanje-iz-hrvatskoga-jezika\/","title":{"rendered":"\u017dupanijsko natjecanje iz hrvatskoga jezika"},"content":{"rendered":"<p>Da je materinji jezik jedini kojim se do kraja mo\u017eemo izraziti i ostvariti te da je vrijedno njegovati sve vidove svojega jezika, ma kako se \u010desto \u010dinio nepo\u0161teno te\u0161kim, dokazuje iz godine u godinu sve ve\u0107i broj natjecatelja iz hrvatskoga jezika kako na \u0161kolskim tako i na \u017eupanijskoj razini. Tako se 14. o\u017eujka u O\u0160 Antuna Kani\u017eli\u0107a ogledalo \u010dak 75 u\u010denica i u\u010denika me\u0111u kojima je na\u0161u \u0161kolu predstavljalo 12 u\u010denica, a donosimo samo najbolje rezultate:<\/p>\n<p>U kategoriji prvih razreda:<\/p>\n<p>2. mjesto Hana Boban<\/p>\n<p>3. mjesto Lorena Lipovac<\/p>\n<p>U kategoriji tre\u0107ih razreda:<\/p>\n<p>2. mjesto Ana \u0160imunovi\u0107.<\/p>\n<p><a href=\"http:\/\/katolicka-gimnazija.hr\/wp-content\/uploads\/2019\/04\/54434016_2393701867315536_4351023770333347840_n.jpg\"><img loading=\"lazy\" decoding=\"async\" class=\"alignleft size-medium wp-image-16143\" src=\"http:\/\/katolicka-gimnazija.hr\/wp-content\/uploads\/2019\/04\/54434016_2393701867315536_4351023770333347840_n-300x225.jpg\" alt=\"\" width=\"300\" height=\"225\" srcset=\"https:\/\/katolicka-gimnazija.hr\/wp-content\/uploads\/2019\/04\/54434016_2393701867315536_4351023770333347840_n-300x225.jpg 300w, https:\/\/katolicka-gimnazija.hr\/wp-content\/uploads\/2019\/04\/54434016_2393701867315536_4351023770333347840_n-768x576.jpg 768w, https:\/\/katolicka-gimnazija.hr\/wp-content\/uploads\/2019\/04\/54434016_2393701867315536_4351023770333347840_n-400x300.jpg 400w, https:\/\/katolicka-gimnazija.hr\/wp-content\/uploads\/2019\/04\/54434016_2393701867315536_4351023770333347840_n.jpg 960w\" sizes=\"auto, (max-width: 300px) 100vw, 300px\" \/><\/a><\/p>\n","protected":false},"excerpt":{"rendered":"<p>Da je materinji jezik jedini kojim se do kraja mo\u017eemo izraziti i ostvariti te da je vrijedno njegovati sve vidove svojega jezika, ma kako se \u010desto \u010dinio nepo\u0161teno te\u0161kim, dokazuje iz godine u godinu sve ve\u0107i broj natjecatelja iz hrvatskoga jezika kako na \u0161kolskim tako i na \u017eupanijskoj razini. Tako se 14. o\u017eujka u O\u0160 [&hellip;]<\/p>\n","protected":false},"author":2,"featured_media":16144,"comment_status":"closed","ping_status":"closed","sticky":false,"template":"","format":"standard","meta":{"footnotes":""},"categories":[209,2],"tags":[],"class_list":["post-16142","post","type-post","status-publish","format-standard","has-post-thumbnail","hentry","category-natjecanja","category-vijesti"],"_links":{"self":[{"href":"https:\/\/katolicka-gimnazija.hr\/index.php\/wp-json\/wp\/v2\/posts\/16142","targetHints":{"allow":["GET"]}}],"collection":[{"href":"https:\/\/katolicka-gimnazija.hr\/index.php\/wp-json\/wp\/v2\/posts"}],"about":[{"href":"https:\/\/katolicka-gimnazija.hr\/index.php\/wp-json\/wp\/v2\/types\/post"}],"author":[{"embeddable":true,"href":"https:\/\/katolicka-gimnazija.hr\/index.php\/wp-json\/wp\/v2\/users\/2"}],"replies":[{"embeddable":true,"href":"https:\/\/katolicka-gimnazija.hr\/index.php\/wp-json\/wp\/v2\/comments?post=16142"}],"version-history":[{"count":1,"href":"https:\/\/katolicka-gimnazija.hr\/index.php\/wp-json\/wp\/v2\/posts\/16142\/revisions"}],"predecessor-version":[{"id":16145,"href":"https:\/\/katolicka-gimnazija.hr\/index.php\/wp-json\/wp\/v2\/posts\/16142\/revisions\/16145"}],"wp:featuredmedia":[{"embeddable":true,"href":"https:\/\/katolicka-gimnazija.hr\/index.php\/wp-json\/wp\/v2\/media\/16144"}],"wp:attachment":[{"href":"https:\/\/katolicka-gimnazija.hr\/index.php\/wp-json\/wp\/v2\/media?parent=16142"}],"wp:term":[{"taxonomy":"category","embeddable":true,"href":"https:\/\/katolicka-gimnazija.hr\/index.php\/wp-json\/wp\/v2\/categories?post=16142"},{"taxonomy":"post_tag","embeddable":true,"href":"https:\/\/katolicka-gimnazija.hr\/index.php\/wp-json\/wp\/v2\/tags?post=16142"}],"curies":[{"name":"wp","href":"https:\/\/api.w.org\/{rel}","templated":true}]}}