{"id":16147,"date":"2019-04-01T20:58:55","date_gmt":"2019-04-01T20:58:55","guid":{"rendered":"http:\/\/katolicka-gimnazija.hr\/?p=16147"},"modified":"2019-04-01T21:00:53","modified_gmt":"2019-04-01T21:00:53","slug":"16147","status":"publish","type":"post","link":"https:\/\/katolicka-gimnazija.hr\/index.php\/2019\/04\/01\/16147\/","title":{"rendered":"Dan otvorenih vrata \u0161kole"},"content":{"rendered":"<div class=\"\" data-block=\"true\" data-editor=\"b39v\" data-offset-key=\"dhjjb-0-0\">\n<div class=\"_1mf _1mj\" data-offset-key=\"dhjjb-0-0\"><span data-offset-key=\"dhjjb-0-0\">I ove godine Katoli\u010dka gimnazija \u0107e otvoriti vrata i predstaviti se kroz razne radionice. Tema je &#8220;U\u010denik nekad i sad\u201c.<\/span><\/div>\n<div data-offset-key=\"dhjjb-0-0\"><\/div>\n<\/div>\n<div class=\"\" data-block=\"true\" data-editor=\"b39v\" data-offset-key=\"dbv7b-0-0\">\n<div class=\"_1mf _1mj\" style=\"text-align: center;\" data-offset-key=\"dbv7b-0-0\"><strong>Dan otvorenih vrata Katoli\u010dke gimnazije u Po\u017eegi odr\u017eava se u utorak 16. travnja 2019. godine.<\/strong><\/div>\n<\/div>\n<div class=\"\" data-block=\"true\" data-editor=\"b39v\" data-offset-key=\"ashin-0-0\">\n<div class=\"_1mf _1mj\" style=\"text-align: center;\" data-offset-key=\"ashin-0-0\"><strong>Program zapo\u010dinje u 9, a traje do 15 sati.<\/strong><\/div>\n<\/div>\n<div class=\"\" data-block=\"true\" data-editor=\"b39v\" data-offset-key=\"9tqus-0-0\">\n<div class=\"_1mf _1mj\" data-offset-key=\"9tqus-0-0\"><span data-offset-key=\"9tqus-0-0\">\u00a0<\/span><\/div>\n<\/div>\n<div class=\"\" data-block=\"true\" data-editor=\"b39v\" data-offset-key=\"bpl0q-0-0\">\n<div class=\"_1mf _1mj\" data-offset-key=\"bpl0q-0-0\"><span data-offset-key=\"bpl0q-0-0\">Cilj <\/span><span class=\"_5zk7\" spellcheck=\"false\" data-offset-key=\"bpl0q-1-0\"><span data-offset-key=\"bpl0q-1-0\">#DOV2019<\/span><\/span><span data-offset-key=\"bpl0q-2-0\"> je pokazati prostore na\u0161e \u0161kole, ali jo\u0161 vi\u0161e \u017eelimo posvjedo\u010diti otvorenost na\u0161ih u\u010denika, profesora i djelatnika koji se raduju susretu s posjetiteljima. Na neformalan, zabavan i raznolik na\u010din \u017eelimo predstaviti na\u0161e aktivnosti i \u017eivot \u0161kole. Bit \u0107e tu vjeronau\u010dna radionica, jezi\u010dna radionica, novinarska radionica, upoznavanje anti\u010dke kulture i jezika, zabavna matematika, nagradna natjecanja i kvizovi, predstava, dru\u0161tvene igre, obilazak zgrade, kemijski i fizikalni eksperimenti i jo\u0161 mnogo toga.<\/span><\/div>\n<\/div>\n<div class=\"\" data-block=\"true\" data-editor=\"b39v\" data-offset-key=\"3ekrb-0-0\">\n<div class=\"_1mf _1mj\" data-offset-key=\"3ekrb-0-0\"><span data-offset-key=\"3ekrb-0-0\">\u00a0<\/span><\/div>\n<\/div>\n<div class=\"\" data-block=\"true\" data-editor=\"b39v\" data-offset-key=\"eqo8s-0-0\">\n<div class=\"_1mf _1mj\" data-offset-key=\"eqo8s-0-0\"><span data-offset-key=\"eqo8s-0-0\">VA\u017dNO!!! I ove godine organiziramo prijevoz u\u010denika iz Brestovca, Jak\u0161i\u0107a, Kaptola, Kutjeva, Pleternice, Velike i Trenkova. Radi \u0161to bolje organizacije molimo vas da nas obavijestite do petka 12. travnja o broju zainteresiranih u\u010denika koji bi koristili predlo\u017eeni prijevoz na email <a href=\"mailto:marijan.pavelic@gmail.com\">marijan.pavelic@gmail.com<\/a>.<\/span><\/div>\n<\/div>\n","protected":false},"excerpt":{"rendered":"<p>I ove godine Katoli\u010dka gimnazija \u0107e otvoriti vrata i predstaviti se kroz razne radionice. Tema je &#8220;U\u010denik nekad i sad\u201c. Dan otvorenih vrata Katoli\u010dke gimnazije u Po\u017eegi odr\u017eava se u utorak 16. travnja 2019. godine. Program zapo\u010dinje u 9, a traje do 15 sati. \u00a0 Cilj #DOV2019 je pokazati prostore na\u0161e \u0161kole, ali jo\u0161 vi\u0161e [&hellip;]<\/p>\n","protected":false},"author":2,"featured_media":16148,"comment_status":"closed","ping_status":"closed","sticky":false,"template":"","format":"standard","meta":{"footnotes":""},"categories":[3],"tags":[],"class_list":["post-16147","post","type-post","status-publish","format-standard","has-post-thumbnail","hentry","category-obavijesti"],"_links":{"self":[{"href":"https:\/\/katolicka-gimnazija.hr\/index.php\/wp-json\/wp\/v2\/posts\/16147","targetHints":{"allow":["GET"]}}],"collection":[{"href":"https:\/\/katolicka-gimnazija.hr\/index.php\/wp-json\/wp\/v2\/posts"}],"about":[{"href":"https:\/\/katolicka-gimnazija.hr\/index.php\/wp-json\/wp\/v2\/types\/post"}],"author":[{"embeddable":true,"href":"https:\/\/katolicka-gimnazija.hr\/index.php\/wp-json\/wp\/v2\/users\/2"}],"replies":[{"embeddable":true,"href":"https:\/\/katolicka-gimnazija.hr\/index.php\/wp-json\/wp\/v2\/comments?post=16147"}],"version-history":[{"count":4,"href":"https:\/\/katolicka-gimnazija.hr\/index.php\/wp-json\/wp\/v2\/posts\/16147\/revisions"}],"predecessor-version":[{"id":16152,"href":"https:\/\/katolicka-gimnazija.hr\/index.php\/wp-json\/wp\/v2\/posts\/16147\/revisions\/16152"}],"wp:featuredmedia":[{"embeddable":true,"href":"https:\/\/katolicka-gimnazija.hr\/index.php\/wp-json\/wp\/v2\/media\/16148"}],"wp:attachment":[{"href":"https:\/\/katolicka-gimnazija.hr\/index.php\/wp-json\/wp\/v2\/media?parent=16147"}],"wp:term":[{"taxonomy":"category","embeddable":true,"href":"https:\/\/katolicka-gimnazija.hr\/index.php\/wp-json\/wp\/v2\/categories?post=16147"},{"taxonomy":"post_tag","embeddable":true,"href":"https:\/\/katolicka-gimnazija.hr\/index.php\/wp-json\/wp\/v2\/tags?post=16147"}],"curies":[{"name":"wp","href":"https:\/\/api.w.org\/{rel}","templated":true}]}}