{"id":16171,"date":"2019-04-03T20:05:06","date_gmt":"2019-04-03T20:05:06","guid":{"rendered":"http:\/\/katolicka-gimnazija.hr\/?p=16171"},"modified":"2019-04-03T20:05:06","modified_gmt":"2019-04-03T20:05:06","slug":"ucitelju-gdje-stanujes","status":"publish","type":"post","link":"https:\/\/katolicka-gimnazija.hr\/index.php\/2019\/04\/03\/ucitelju-gdje-stanujes\/","title":{"rendered":"U\u010ditelju, gdje stanuje\u0161?"},"content":{"rendered":"<p><strong><em>\u201eU\u010ditelju, gdje stanuje\u0161?\u201c<\/em><\/strong><\/p>\n<p><a href=\"http:\/\/katolicka-gimnazija.hr\/wp-content\/uploads\/2019\/04\/56331095_795300950869855_5242167293126901760_n.jpg\"><img loading=\"lazy\" decoding=\"async\" class=\"size-medium wp-image-16216 alignright\" src=\"http:\/\/katolicka-gimnazija.hr\/wp-content\/uploads\/2019\/04\/56331095_795300950869855_5242167293126901760_n-300x200.jpg\" alt=\"\" width=\"300\" height=\"200\" srcset=\"https:\/\/katolicka-gimnazija.hr\/wp-content\/uploads\/2019\/04\/56331095_795300950869855_5242167293126901760_n-300x200.jpg 300w, https:\/\/katolicka-gimnazija.hr\/wp-content\/uploads\/2019\/04\/56331095_795300950869855_5242167293126901760_n-768x512.jpg 768w, https:\/\/katolicka-gimnazija.hr\/wp-content\/uploads\/2019\/04\/56331095_795300950869855_5242167293126901760_n-400x267.jpg 400w, https:\/\/katolicka-gimnazija.hr\/wp-content\/uploads\/2019\/04\/56331095_795300950869855_5242167293126901760_n.jpg 960w\" sizes=\"auto, (max-width: 300px) 100vw, 300px\" \/><\/a>XXI. kri\u017eni put mladih (KPM) u organizaciji Po\u017ee\u0161ke biskupije odr\u017ean je 30. i 31. o\u017eujka na relaciji Podravska Moslavina \u2013 \u010ca\u010dinci \u2013 Slatina. Na ovogodi\u0161njem kri\u017enom putu mladih, \u010dije je geslo bilo \u201e<em>U\u010ditelju, gdje stanuje\u0161?\u201c<\/em>, sudjelovalo je vi\u0161e od 1000 mladih. Kao i prethodnih godina, u\u010denici na\u0161e \u0161kole zajedno s vjerou\u010diteljem vl\u010d. Marijanom Paveli\u0107em na kri\u017enom su putu sudjelovali oba dana. Napomenimo da su glavni organizatori kri\u017enoga puta bili vl\u010d. Krunoslav Siroglavi\u0107, povjerenik za mlade Po\u017ee\u0161ke biskupije, i vl\u010d. Robert Kup\u010dak, predstojnik Katehetskog ureda Po\u017ee\u0161ke biskupije.<\/p>\n<p><strong>Podravska Moslavina \u2013 \u010ca\u010dinci<\/strong><\/p>\n<p><a href=\"http:\/\/katolicka-gimnazija.hr\/wp-content\/uploads\/2019\/04\/55882236_795236957542921_375334816880525312_n.jpg\"><img loading=\"lazy\" decoding=\"async\" class=\"alignleft size-medium wp-image-16196\" src=\"http:\/\/katolicka-gimnazija.hr\/wp-content\/uploads\/2019\/04\/55882236_795236957542921_375334816880525312_n-300x200.jpg\" alt=\"\" width=\"300\" height=\"200\" srcset=\"https:\/\/katolicka-gimnazija.hr\/wp-content\/uploads\/2019\/04\/55882236_795236957542921_375334816880525312_n-300x200.jpg 300w, https:\/\/katolicka-gimnazija.hr\/wp-content\/uploads\/2019\/04\/55882236_795236957542921_375334816880525312_n-768x512.jpg 768w, https:\/\/katolicka-gimnazija.hr\/wp-content\/uploads\/2019\/04\/55882236_795236957542921_375334816880525312_n-400x267.jpg 400w, https:\/\/katolicka-gimnazija.hr\/wp-content\/uploads\/2019\/04\/55882236_795236957542921_375334816880525312_n.jpg 960w\" sizes=\"auto, (max-width: 300px) 100vw, 300px\" \/><\/a>Prvoga dana oko 600 mladih okupilo se u Podravskoj Moslavini gdje su u 8,00 h u crkvi Ro\u0111enja Bla\u017eene Djevice Marije izmolili prvu postaju kri\u017enoga puta i tako zapo\u010deli dvodnevno putovanje dugo 49 kilometara. Nakon svake postaje svi mladi pjevali su pjesmu \u201e<em>U\u010ditelju, gdje stanuje\u0161?\u201c <\/em>koja je bila i geslo kri\u017enoga puta. Nakon formiranja podu\u017ee kolone, uputili smo se prema drugoj postaji na\u0161eg kri\u017enog puta, selu Kr\u010denik. Sljede\u0107a postaja bila je crkva sv. Ivana Krstitelja u selu Crnac gdje su nas doma\u0107ini do\u010dekali s hranom i pi\u0107em te smo dobili priliku odmoriti se. \u010cetvrtu postaju molili smo u selu Milanovac, a put od \u010detvrte prema petoj postaji, koja je bila u Rajinu Polju, bio je obilje\u017een \u0161utnjom koju su organizatori predvidjeli kako bi mladi u ti\u0161ini razgovarati s Isusom.<\/p>\n<p>Nakon \u0161utnje i pete postaje, na putu prema \u0161estoj i predzadnjoj postaji orila se pjesma te zvuk gitara i tamburica. <a href=\"http:\/\/katolicka-gimnazija.hr\/wp-content\/uploads\/2019\/04\/56161356_795301567536460_4854084936002437120_n.jpg\"><img loading=\"lazy\" decoding=\"async\" class=\"size-medium wp-image-16205 alignright\" src=\"http:\/\/katolicka-gimnazija.hr\/wp-content\/uploads\/2019\/04\/56161356_795301567536460_4854084936002437120_n-300x200.jpg\" alt=\"\" width=\"300\" height=\"200\" srcset=\"https:\/\/katolicka-gimnazija.hr\/wp-content\/uploads\/2019\/04\/56161356_795301567536460_4854084936002437120_n-300x200.jpg 300w, https:\/\/katolicka-gimnazija.hr\/wp-content\/uploads\/2019\/04\/56161356_795301567536460_4854084936002437120_n-768x512.jpg 768w, https:\/\/katolicka-gimnazija.hr\/wp-content\/uploads\/2019\/04\/56161356_795301567536460_4854084936002437120_n-400x267.jpg 400w, https:\/\/katolicka-gimnazija.hr\/wp-content\/uploads\/2019\/04\/56161356_795301567536460_4854084936002437120_n.jpg 960w\" sizes=\"auto, (max-width: 300px) 100vw, 300px\" \/><\/a>\u0160esta postaja bila je u Pau\u0161incima iz kojih smo se zaputili prema \u010ca\u010dincima, mjestu sedme postaje, zadnje toga dana i mjestu odmora. Kako bi prikratili put i barem malo poku\u0161ali skrenuti misli s bolova, pri\u010dali smo, pjevali i molili. Po dolasku u \u010ca\u010dince u crkvi Svetog Trojstva izmolili smo sedmu postaju kri\u017enog puta, zadnju predvi\u0111enu za taj dan. Nakon kratkog slobodnog vremena predvi\u0111enog za osvje\u017eenje i okrjepu, za mlade je organizirana sveta misa koju je predvodio vl\u010d. Krunoslav Siroglavi\u0107 i tijekom koje su se svi koji su to htjeli imali priliku ispovijediti. Nakon svete mise na\u0161i doma\u0107ini u \u010ca\u010dincima pripremili su nam ve\u010deru koja nas je okrijepila za idu\u0107i dan. Ipak, iste je ve\u010deri u 21h u crkvi Svetog Trojstva organizirano klanjanje koje je predvodio vl\u010d. Siroglavi\u0107. Spavanje je bilo organizirano u O\u0160 A. G. Mato\u0161a gdje smo, raspore\u0111eni po u\u010dionicama, spavaju\u0107i u svojim vre\u0107ama za spavanje poku\u0161ali odmoriti mi\u0161i\u0107e i tijelo za idu\u0107i dan.<\/p>\n<p><strong>\u010ca\u010dinci \u2013 Slatina<\/strong><\/p>\n<p>Drugi dan zapo\u010deo je doru\u010dkom u \u010ca\u010dincima. Doma\u0107ini su nam priredili pi\u0107e i sendvi\u010de koje smo si ponijeli u <a href=\"http:\/\/katolicka-gimnazija.hr\/wp-content\/uploads\/2019\/04\/55467797_795304440869506_307018375580614656_n.jpg\"><img loading=\"lazy\" decoding=\"async\" class=\"alignleft size-medium wp-image-16174\" src=\"http:\/\/katolicka-gimnazija.hr\/wp-content\/uploads\/2019\/04\/55467797_795304440869506_307018375580614656_n-300x200.jpg\" alt=\"\" width=\"300\" height=\"200\" srcset=\"https:\/\/katolicka-gimnazija.hr\/wp-content\/uploads\/2019\/04\/55467797_795304440869506_307018375580614656_n-300x200.jpg 300w, https:\/\/katolicka-gimnazija.hr\/wp-content\/uploads\/2019\/04\/55467797_795304440869506_307018375580614656_n-768x512.jpg 768w, https:\/\/katolicka-gimnazija.hr\/wp-content\/uploads\/2019\/04\/55467797_795304440869506_307018375580614656_n-400x267.jpg 400w, https:\/\/katolicka-gimnazija.hr\/wp-content\/uploads\/2019\/04\/55467797_795304440869506_307018375580614656_n.jpg 960w\" sizes=\"auto, (max-width: 300px) 100vw, 300px\" \/><\/a>ruksacima za okrjepu tijekom puta. Jo\u0161 prije 8h pridru\u017eili su nam se novi hodo\u010dasnici, tako da nas je pred polazak prema Slatini bilo vi\u0161e od 1000. U crkvi Svetog Trojstva okupili smo se zadnji put kako bismo izmolili osmu postaju i nastavili svoj put prema Slatini. Deveta postaja bila je u Breziku. Zada\u0107a izme\u0111u devete i desete postaje bila je ponijeti ne\u010diji kri\u017e, \u0161to je u na\u0161oj situaciji zna\u010dilo ponijeti ne\u010diji ruksak, jaknu, gitaru\u2026 Iznena\u0111enje izme\u0111u devete i desete postaje bilo je u selu Miljevci gdje su nas seljani do\u010dekali s pripremljenim kiflicama, kola\u010dima, vodom, sokovima, ali i pjesmom. Naime, u njihovu selu postoji slova\u010dka zajednica pa su nas po\u010dastili jednom pjesmom. Punih srca i trbuha nastavili smo prema Breziku, na\u0161oj desetoj postaji. Crvka Uznesenja BDM u Novoj Bukovici bila je mjesto na\u0161e jedanaeste postaje nakon koje smo se zaputili prema Kozicama gdje smo izmolili dvanaestu postaju kri\u017enoga puta. Crkva sv. Josipa u Slatini bila je mjesto trinaeste postaje. \u017dupljani te \u017eupe pripremili su nam grah i mno\u0161tvo pekarskih proizvoda.<\/p>\n<p><a href=\"http:\/\/katolicka-gimnazija.hr\/wp-content\/uploads\/2019\/04\/55882179_795310977535519_3470708508633071616_n.jpg\"><img loading=\"lazy\" decoding=\"async\" class=\"size-medium wp-image-16230 alignright\" src=\"http:\/\/katolicka-gimnazija.hr\/wp-content\/uploads\/2019\/04\/55882179_795310977535519_3470708508633071616_n-300x200.jpg\" alt=\"\" width=\"300\" height=\"200\" srcset=\"https:\/\/katolicka-gimnazija.hr\/wp-content\/uploads\/2019\/04\/55882179_795310977535519_3470708508633071616_n-300x200.jpg 300w, https:\/\/katolicka-gimnazija.hr\/wp-content\/uploads\/2019\/04\/55882179_795310977535519_3470708508633071616_n-768x512.jpg 768w, https:\/\/katolicka-gimnazija.hr\/wp-content\/uploads\/2019\/04\/55882179_795310977535519_3470708508633071616_n-400x267.jpg 400w, https:\/\/katolicka-gimnazija.hr\/wp-content\/uploads\/2019\/04\/55882179_795310977535519_3470708508633071616_n.jpg 960w\" sizes=\"auto, (max-width: 300px) 100vw, 300px\" \/><\/a><\/p>\n<p><strong>Slatina &#8211; bl. Ivan Merz<\/strong><\/p>\n<p>Bli\u017eio se kraj na\u0161eg kri\u017enog puta dok smo kroz Slatinu prolazili do crkve bl. Ivana Merza. Na\u0161a pjesma bila je najglasnija u ta dva dana, cijela je kolona pjevala, ljudi su nam iz svojih dvori\u0161ta mahali, nudili vodu i pozdravljali nas. Bili smo izmoreni, noge su nas boljele, a \u017euljevi su samo rasli. Kona\u010dno smo stigli na kraj kri\u017enog puta u novoizgra\u0111enu crkvu bl. Ivana Merza u Slatini gdje je kao kruna svega organizirana sveta misa koju je predvodio biskup Antun \u0160kvor\u010devi\u0107. Nakon mise, dok smo se autobusima vra\u0107ali u svoja mjesta, umorni, bolnih i \u017euljevitih stopala, ali i sretni i ispunjeni, zaklju\u010dili smo da \u0107emo na kri\u017enom putu sudjelovati i idu\u0107e godine.<\/p>\n<div id='gallery-1' class='gallery galleryid-16171 gallery-columns-3 gallery-size-medium'><figure class='gallery-item'>\n\t\t\t<div class='gallery-icon landscape'>\n\t\t\t\t<a href='https:\/\/katolicka-gimnazija.hr\/wp-content\/uploads\/2019\/04\/56395166_795241950875755_1474610479153283072_n.jpg'><img loading=\"lazy\" decoding=\"async\" width=\"300\" height=\"200\" src=\"https:\/\/katolicka-gimnazija.hr\/wp-content\/uploads\/2019\/04\/56395166_795241950875755_1474610479153283072_n-300x200.jpg\" class=\"attachment-medium size-medium\" alt=\"\" srcset=\"https:\/\/katolicka-gimnazija.hr\/wp-content\/uploads\/2019\/04\/56395166_795241950875755_1474610479153283072_n-300x200.jpg 300w, https:\/\/katolicka-gimnazija.hr\/wp-content\/uploads\/2019\/04\/56395166_795241950875755_1474610479153283072_n-768x512.jpg 768w, https:\/\/katolicka-gimnazija.hr\/wp-content\/uploads\/2019\/04\/56395166_795241950875755_1474610479153283072_n-400x267.jpg 400w, https:\/\/katolicka-gimnazija.hr\/wp-content\/uploads\/2019\/04\/56395166_795241950875755_1474610479153283072_n.jpg 960w\" sizes=\"auto, (max-width: 300px) 100vw, 300px\" \/><\/a>\n\t\t\t<\/div><\/figure><figure class='gallery-item'>\n\t\t\t<div class='gallery-icon landscape'>\n\t\t\t\t<a href='https:\/\/katolicka-gimnazija.hr\/wp-content\/uploads\/2019\/04\/55961897_795238987542718_2815433822252826624_n.jpg'><img loading=\"lazy\" decoding=\"async\" width=\"300\" height=\"200\" src=\"https:\/\/katolicka-gimnazija.hr\/wp-content\/uploads\/2019\/04\/55961897_795238987542718_2815433822252826624_n-300x200.jpg\" class=\"attachment-medium size-medium\" alt=\"\" srcset=\"https:\/\/katolicka-gimnazija.hr\/wp-content\/uploads\/2019\/04\/55961897_795238987542718_2815433822252826624_n-300x200.jpg 300w, https:\/\/katolicka-gimnazija.hr\/wp-content\/uploads\/2019\/04\/55961897_795238987542718_2815433822252826624_n-768x512.jpg 768w, https:\/\/katolicka-gimnazija.hr\/wp-content\/uploads\/2019\/04\/55961897_795238987542718_2815433822252826624_n-400x267.jpg 400w, https:\/\/katolicka-gimnazija.hr\/wp-content\/uploads\/2019\/04\/55961897_795238987542718_2815433822252826624_n.jpg 960w\" sizes=\"auto, (max-width: 300px) 100vw, 300px\" \/><\/a>\n\t\t\t<\/div><\/figure><figure class='gallery-item'>\n\t\t\t<div class='gallery-icon landscape'>\n\t\t\t\t<a href='https:\/\/katolicka-gimnazija.hr\/wp-content\/uploads\/2019\/04\/55881990_795309637535653_8588203973582782464_n.jpg'><img loading=\"lazy\" decoding=\"async\" width=\"300\" height=\"200\" src=\"https:\/\/katolicka-gimnazija.hr\/wp-content\/uploads\/2019\/04\/55881990_795309637535653_8588203973582782464_n-300x200.jpg\" class=\"attachment-medium size-medium\" alt=\"\" srcset=\"https:\/\/katolicka-gimnazija.hr\/wp-content\/uploads\/2019\/04\/55881990_795309637535653_8588203973582782464_n-300x200.jpg 300w, https:\/\/katolicka-gimnazija.hr\/wp-content\/uploads\/2019\/04\/55881990_795309637535653_8588203973582782464_n-768x512.jpg 768w, https:\/\/katolicka-gimnazija.hr\/wp-content\/uploads\/2019\/04\/55881990_795309637535653_8588203973582782464_n-400x267.jpg 400w, https:\/\/katolicka-gimnazija.hr\/wp-content\/uploads\/2019\/04\/55881990_795309637535653_8588203973582782464_n.jpg 960w\" sizes=\"auto, (max-width: 300px) 100vw, 300px\" \/><\/a>\n\t\t\t<\/div><\/figure><figure class='gallery-item'>\n\t\t\t<div class='gallery-icon landscape'>\n\t\t\t\t<a href='https:\/\/katolicka-gimnazija.hr\/wp-content\/uploads\/2019\/04\/56398238_795312697535347_2234416483310501888_n.jpg'><img loading=\"lazy\" decoding=\"async\" width=\"300\" height=\"200\" src=\"https:\/\/katolicka-gimnazija.hr\/wp-content\/uploads\/2019\/04\/56398238_795312697535347_2234416483310501888_n-300x200.jpg\" class=\"attachment-medium size-medium\" alt=\"\" srcset=\"https:\/\/katolicka-gimnazija.hr\/wp-content\/uploads\/2019\/04\/56398238_795312697535347_2234416483310501888_n-300x200.jpg 300w, https:\/\/katolicka-gimnazija.hr\/wp-content\/uploads\/2019\/04\/56398238_795312697535347_2234416483310501888_n-768x512.jpg 768w, https:\/\/katolicka-gimnazija.hr\/wp-content\/uploads\/2019\/04\/56398238_795312697535347_2234416483310501888_n-400x267.jpg 400w, https:\/\/katolicka-gimnazija.hr\/wp-content\/uploads\/2019\/04\/56398238_795312697535347_2234416483310501888_n.jpg 960w\" sizes=\"auto, (max-width: 300px) 100vw, 300px\" \/><\/a>\n\t\t\t<\/div><\/figure><figure class='gallery-item'>\n\t\t\t<div class='gallery-icon landscape'>\n\t\t\t\t<a href='https:\/\/katolicka-gimnazija.hr\/wp-content\/uploads\/2019\/04\/55887828_795312367535380_7290024922678558720_n.jpg'><img loading=\"lazy\" decoding=\"async\" width=\"300\" height=\"200\" src=\"https:\/\/katolicka-gimnazija.hr\/wp-content\/uploads\/2019\/04\/55887828_795312367535380_7290024922678558720_n-300x200.jpg\" class=\"attachment-medium size-medium\" alt=\"\" srcset=\"https:\/\/katolicka-gimnazija.hr\/wp-content\/uploads\/2019\/04\/55887828_795312367535380_7290024922678558720_n-300x200.jpg 300w, https:\/\/katolicka-gimnazija.hr\/wp-content\/uploads\/2019\/04\/55887828_795312367535380_7290024922678558720_n-768x512.jpg 768w, https:\/\/katolicka-gimnazija.hr\/wp-content\/uploads\/2019\/04\/55887828_795312367535380_7290024922678558720_n-400x267.jpg 400w, https:\/\/katolicka-gimnazija.hr\/wp-content\/uploads\/2019\/04\/55887828_795312367535380_7290024922678558720_n.jpg 960w\" sizes=\"auto, (max-width: 300px) 100vw, 300px\" \/><\/a>\n\t\t\t<\/div><\/figure><figure class='gallery-item'>\n\t\t\t<div class='gallery-icon landscape'>\n\t\t\t\t<a href='https:\/\/katolicka-gimnazija.hr\/wp-content\/uploads\/2019\/04\/54519517_795305100869440_4012306135221534720_n.jpg'><img loading=\"lazy\" decoding=\"async\" width=\"300\" height=\"200\" src=\"https:\/\/katolicka-gimnazija.hr\/wp-content\/uploads\/2019\/04\/54519517_795305100869440_4012306135221534720_n-300x200.jpg\" class=\"attachment-medium size-medium\" alt=\"\" srcset=\"https:\/\/katolicka-gimnazija.hr\/wp-content\/uploads\/2019\/04\/54519517_795305100869440_4012306135221534720_n-300x200.jpg 300w, https:\/\/katolicka-gimnazija.hr\/wp-content\/uploads\/2019\/04\/54519517_795305100869440_4012306135221534720_n-768x512.jpg 768w, https:\/\/katolicka-gimnazija.hr\/wp-content\/uploads\/2019\/04\/54519517_795305100869440_4012306135221534720_n-400x267.jpg 400w, https:\/\/katolicka-gimnazija.hr\/wp-content\/uploads\/2019\/04\/54519517_795305100869440_4012306135221534720_n.jpg 960w\" sizes=\"auto, (max-width: 300px) 100vw, 300px\" \/><\/a>\n\t\t\t<\/div><\/figure><figure class='gallery-item'>\n\t\t\t<div class='gallery-icon landscape'>\n\t\t\t\t<a href='https:\/\/katolicka-gimnazija.hr\/wp-content\/uploads\/2019\/04\/55674694_795305327536084_3713672034018918400_n.jpg'><img loading=\"lazy\" decoding=\"async\" width=\"300\" height=\"200\" src=\"https:\/\/katolicka-gimnazija.hr\/wp-content\/uploads\/2019\/04\/55674694_795305327536084_3713672034018918400_n-300x200.jpg\" class=\"attachment-medium size-medium\" alt=\"\" srcset=\"https:\/\/katolicka-gimnazija.hr\/wp-content\/uploads\/2019\/04\/55674694_795305327536084_3713672034018918400_n-300x200.jpg 300w, https:\/\/katolicka-gimnazija.hr\/wp-content\/uploads\/2019\/04\/55674694_795305327536084_3713672034018918400_n-768x512.jpg 768w, https:\/\/katolicka-gimnazija.hr\/wp-content\/uploads\/2019\/04\/55674694_795305327536084_3713672034018918400_n-400x267.jpg 400w, https:\/\/katolicka-gimnazija.hr\/wp-content\/uploads\/2019\/04\/55674694_795305327536084_3713672034018918400_n.jpg 960w\" sizes=\"auto, (max-width: 300px) 100vw, 300px\" \/><\/a>\n\t\t\t<\/div><\/figure><figure class='gallery-item'>\n\t\t\t<div class='gallery-icon landscape'>\n\t\t\t\t<a href='https:\/\/katolicka-gimnazija.hr\/wp-content\/uploads\/2019\/04\/56247893_795236450876305_4243267129685573632_n.jpg'><img loading=\"lazy\" decoding=\"async\" width=\"300\" height=\"200\" src=\"https:\/\/katolicka-gimnazija.hr\/wp-content\/uploads\/2019\/04\/56247893_795236450876305_4243267129685573632_n-300x200.jpg\" class=\"attachment-medium size-medium\" alt=\"\" srcset=\"https:\/\/katolicka-gimnazija.hr\/wp-content\/uploads\/2019\/04\/56247893_795236450876305_4243267129685573632_n-300x200.jpg 300w, https:\/\/katolicka-gimnazija.hr\/wp-content\/uploads\/2019\/04\/56247893_795236450876305_4243267129685573632_n-768x512.jpg 768w, https:\/\/katolicka-gimnazija.hr\/wp-content\/uploads\/2019\/04\/56247893_795236450876305_4243267129685573632_n-400x267.jpg 400w, https:\/\/katolicka-gimnazija.hr\/wp-content\/uploads\/2019\/04\/56247893_795236450876305_4243267129685573632_n.jpg 960w\" sizes=\"auto, (max-width: 300px) 100vw, 300px\" \/><\/a>\n\t\t\t<\/div><\/figure><figure class='gallery-item'>\n\t\t\t<div class='gallery-icon landscape'>\n\t\t\t\t<a href='https:\/\/katolicka-gimnazija.hr\/wp-content\/uploads\/2019\/04\/55786359_795241737542443_5014092907527798784_n.jpg'><img loading=\"lazy\" decoding=\"async\" width=\"300\" height=\"200\" src=\"https:\/\/katolicka-gimnazija.hr\/wp-content\/uploads\/2019\/04\/55786359_795241737542443_5014092907527798784_n-300x200.jpg\" class=\"attachment-medium size-medium\" alt=\"\" srcset=\"https:\/\/katolicka-gimnazija.hr\/wp-content\/uploads\/2019\/04\/55786359_795241737542443_5014092907527798784_n-300x200.jpg 300w, https:\/\/katolicka-gimnazija.hr\/wp-content\/uploads\/2019\/04\/55786359_795241737542443_5014092907527798784_n-768x512.jpg 768w, https:\/\/katolicka-gimnazija.hr\/wp-content\/uploads\/2019\/04\/55786359_795241737542443_5014092907527798784_n-400x267.jpg 400w, https:\/\/katolicka-gimnazija.hr\/wp-content\/uploads\/2019\/04\/55786359_795241737542443_5014092907527798784_n.jpg 960w\" sizes=\"auto, (max-width: 300px) 100vw, 300px\" \/><\/a>\n\t\t\t<\/div><\/figure><figure class='gallery-item'>\n\t\t\t<div class='gallery-icon landscape'>\n\t\t\t\t<a href='https:\/\/katolicka-gimnazija.hr\/wp-content\/uploads\/2019\/04\/56167984_795240814209202_7730229817496305664_n.jpg'><img loading=\"lazy\" decoding=\"async\" width=\"300\" height=\"200\" src=\"https:\/\/katolicka-gimnazija.hr\/wp-content\/uploads\/2019\/04\/56167984_795240814209202_7730229817496305664_n-300x200.jpg\" class=\"attachment-medium size-medium\" alt=\"\" srcset=\"https:\/\/katolicka-gimnazija.hr\/wp-content\/uploads\/2019\/04\/56167984_795240814209202_7730229817496305664_n-300x200.jpg 300w, https:\/\/katolicka-gimnazija.hr\/wp-content\/uploads\/2019\/04\/56167984_795240814209202_7730229817496305664_n-768x512.jpg 768w, https:\/\/katolicka-gimnazija.hr\/wp-content\/uploads\/2019\/04\/56167984_795240814209202_7730229817496305664_n-400x267.jpg 400w, https:\/\/katolicka-gimnazija.hr\/wp-content\/uploads\/2019\/04\/56167984_795240814209202_7730229817496305664_n.jpg 960w\" sizes=\"auto, (max-width: 300px) 100vw, 300px\" \/><\/a>\n\t\t\t<\/div><\/figure><figure class='gallery-item'>\n\t\t\t<div class='gallery-icon landscape'>\n\t\t\t\t<a href='https:\/\/katolicka-gimnazija.hr\/wp-content\/uploads\/2019\/04\/55829625_795311100868840_3044272261059051520_n.jpg'><img loading=\"lazy\" decoding=\"async\" width=\"300\" height=\"200\" src=\"https:\/\/katolicka-gimnazija.hr\/wp-content\/uploads\/2019\/04\/55829625_795311100868840_3044272261059051520_n-300x200.jpg\" class=\"attachment-medium size-medium\" alt=\"\" srcset=\"https:\/\/katolicka-gimnazija.hr\/wp-content\/uploads\/2019\/04\/55829625_795311100868840_3044272261059051520_n-300x200.jpg 300w, https:\/\/katolicka-gimnazija.hr\/wp-content\/uploads\/2019\/04\/55829625_795311100868840_3044272261059051520_n-768x512.jpg 768w, https:\/\/katolicka-gimnazija.hr\/wp-content\/uploads\/2019\/04\/55829625_795311100868840_3044272261059051520_n-400x267.jpg 400w, https:\/\/katolicka-gimnazija.hr\/wp-content\/uploads\/2019\/04\/55829625_795311100868840_3044272261059051520_n.jpg 960w\" sizes=\"auto, (max-width: 300px) 100vw, 300px\" \/><\/a>\n\t\t\t<\/div><\/figure><figure class='gallery-item'>\n\t\t\t<div class='gallery-icon landscape'>\n\t\t\t\t<a href='https:\/\/katolicka-gimnazija.hr\/wp-content\/uploads\/2019\/04\/56184309_795304504202833_2250425157862555648_n.jpg'><img loading=\"lazy\" decoding=\"async\" width=\"300\" height=\"200\" src=\"https:\/\/katolicka-gimnazija.hr\/wp-content\/uploads\/2019\/04\/56184309_795304504202833_2250425157862555648_n-300x200.jpg\" class=\"attachment-medium size-medium\" alt=\"\" srcset=\"https:\/\/katolicka-gimnazija.hr\/wp-content\/uploads\/2019\/04\/56184309_795304504202833_2250425157862555648_n-300x200.jpg 300w, https:\/\/katolicka-gimnazija.hr\/wp-content\/uploads\/2019\/04\/56184309_795304504202833_2250425157862555648_n-768x512.jpg 768w, https:\/\/katolicka-gimnazija.hr\/wp-content\/uploads\/2019\/04\/56184309_795304504202833_2250425157862555648_n-400x267.jpg 400w, https:\/\/katolicka-gimnazija.hr\/wp-content\/uploads\/2019\/04\/56184309_795304504202833_2250425157862555648_n.jpg 960w\" sizes=\"auto, (max-width: 300px) 100vw, 300px\" \/><\/a>\n\t\t\t<\/div><\/figure><figure class='gallery-item'>\n\t\t\t<div class='gallery-icon landscape'>\n\t\t\t\t<a href='https:\/\/katolicka-gimnazija.hr\/wp-content\/uploads\/2019\/04\/55764175_795237724209511_6593353554793070592_n.jpg'><img loading=\"lazy\" decoding=\"async\" width=\"300\" height=\"200\" src=\"https:\/\/katolicka-gimnazija.hr\/wp-content\/uploads\/2019\/04\/55764175_795237724209511_6593353554793070592_n-300x200.jpg\" class=\"attachment-medium size-medium\" alt=\"\" srcset=\"https:\/\/katolicka-gimnazija.hr\/wp-content\/uploads\/2019\/04\/55764175_795237724209511_6593353554793070592_n-300x200.jpg 300w, https:\/\/katolicka-gimnazija.hr\/wp-content\/uploads\/2019\/04\/55764175_795237724209511_6593353554793070592_n-768x512.jpg 768w, https:\/\/katolicka-gimnazija.hr\/wp-content\/uploads\/2019\/04\/55764175_795237724209511_6593353554793070592_n-400x267.jpg 400w, https:\/\/katolicka-gimnazija.hr\/wp-content\/uploads\/2019\/04\/55764175_795237724209511_6593353554793070592_n.jpg 960w\" sizes=\"auto, (max-width: 300px) 100vw, 300px\" \/><\/a>\n\t\t\t<\/div><\/figure><figure class='gallery-item'>\n\t\t\t<div class='gallery-icon landscape'>\n\t\t\t\t<a href='https:\/\/katolicka-gimnazija.hr\/wp-content\/uploads\/2019\/04\/55942641_795308927535724_1135007694231437312_n.jpg'><img loading=\"lazy\" decoding=\"async\" width=\"300\" height=\"200\" src=\"https:\/\/katolicka-gimnazija.hr\/wp-content\/uploads\/2019\/04\/55942641_795308927535724_1135007694231437312_n-300x200.jpg\" class=\"attachment-medium size-medium\" alt=\"\" srcset=\"https:\/\/katolicka-gimnazija.hr\/wp-content\/uploads\/2019\/04\/55942641_795308927535724_1135007694231437312_n-300x200.jpg 300w, https:\/\/katolicka-gimnazija.hr\/wp-content\/uploads\/2019\/04\/55942641_795308927535724_1135007694231437312_n-768x512.jpg 768w, https:\/\/katolicka-gimnazija.hr\/wp-content\/uploads\/2019\/04\/55942641_795308927535724_1135007694231437312_n-400x267.jpg 400w, https:\/\/katolicka-gimnazija.hr\/wp-content\/uploads\/2019\/04\/55942641_795308927535724_1135007694231437312_n.jpg 960w\" sizes=\"auto, (max-width: 300px) 100vw, 300px\" \/><\/a>\n\t\t\t<\/div><\/figure><figure class='gallery-item'>\n\t\t\t<div class='gallery-icon landscape'>\n\t\t\t\t<a href='https:\/\/katolicka-gimnazija.hr\/wp-content\/uploads\/2019\/04\/55807393_795303677536249_1313814290934792192_n.jpg'><img loading=\"lazy\" decoding=\"async\" width=\"300\" height=\"200\" src=\"https:\/\/katolicka-gimnazija.hr\/wp-content\/uploads\/2019\/04\/55807393_795303677536249_1313814290934792192_n-300x200.jpg\" class=\"attachment-medium size-medium\" alt=\"\" srcset=\"https:\/\/katolicka-gimnazija.hr\/wp-content\/uploads\/2019\/04\/55807393_795303677536249_1313814290934792192_n-300x200.jpg 300w, https:\/\/katolicka-gimnazija.hr\/wp-content\/uploads\/2019\/04\/55807393_795303677536249_1313814290934792192_n-768x512.jpg 768w, https:\/\/katolicka-gimnazija.hr\/wp-content\/uploads\/2019\/04\/55807393_795303677536249_1313814290934792192_n-400x267.jpg 400w, https:\/\/katolicka-gimnazija.hr\/wp-content\/uploads\/2019\/04\/55807393_795303677536249_1313814290934792192_n.jpg 960w\" sizes=\"auto, (max-width: 300px) 100vw, 300px\" \/><\/a>\n\t\t\t<\/div><\/figure><figure class='gallery-item'>\n\t\t\t<div class='gallery-icon landscape'>\n\t\t\t\t<a href='https:\/\/katolicka-gimnazija.hr\/wp-content\/uploads\/2019\/04\/56306590_795300540869896_2987729059556884480_n.jpg'><img loading=\"lazy\" decoding=\"async\" width=\"300\" height=\"200\" src=\"https:\/\/katolicka-gimnazija.hr\/wp-content\/uploads\/2019\/04\/56306590_795300540869896_2987729059556884480_n-300x200.jpg\" class=\"attachment-medium size-medium\" alt=\"\" srcset=\"https:\/\/katolicka-gimnazija.hr\/wp-content\/uploads\/2019\/04\/56306590_795300540869896_2987729059556884480_n-300x200.jpg 300w, https:\/\/katolicka-gimnazija.hr\/wp-content\/uploads\/2019\/04\/56306590_795300540869896_2987729059556884480_n-768x512.jpg 768w, https:\/\/katolicka-gimnazija.hr\/wp-content\/uploads\/2019\/04\/56306590_795300540869896_2987729059556884480_n-400x267.jpg 400w, https:\/\/katolicka-gimnazija.hr\/wp-content\/uploads\/2019\/04\/56306590_795300540869896_2987729059556884480_n.jpg 960w\" sizes=\"auto, (max-width: 300px) 100vw, 300px\" \/><\/a>\n\t\t\t<\/div><\/figure><figure class='gallery-item'>\n\t\t\t<div class='gallery-icon landscape'>\n\t\t\t\t<a href='https:\/\/katolicka-gimnazija.hr\/wp-content\/uploads\/2019\/04\/55752399_795303264202957_7664802939998830592_n.jpg'><img loading=\"lazy\" decoding=\"async\" width=\"300\" height=\"200\" src=\"https:\/\/katolicka-gimnazija.hr\/wp-content\/uploads\/2019\/04\/55752399_795303264202957_7664802939998830592_n-300x200.jpg\" class=\"attachment-medium size-medium\" alt=\"\" srcset=\"https:\/\/katolicka-gimnazija.hr\/wp-content\/uploads\/2019\/04\/55752399_795303264202957_7664802939998830592_n-300x200.jpg 300w, https:\/\/katolicka-gimnazija.hr\/wp-content\/uploads\/2019\/04\/55752399_795303264202957_7664802939998830592_n-768x512.jpg 768w, https:\/\/katolicka-gimnazija.hr\/wp-content\/uploads\/2019\/04\/55752399_795303264202957_7664802939998830592_n-400x267.jpg 400w, https:\/\/katolicka-gimnazija.hr\/wp-content\/uploads\/2019\/04\/55752399_795303264202957_7664802939998830592_n.jpg 960w\" sizes=\"auto, (max-width: 300px) 100vw, 300px\" \/><\/a>\n\t\t\t<\/div><\/figure><figure class='gallery-item'>\n\t\t\t<div class='gallery-icon landscape'>\n\t\t\t\t<a href='https:\/\/katolicka-gimnazija.hr\/wp-content\/uploads\/2019\/04\/56573580_795302967536320_988863297316978688_n.jpg'><img loading=\"lazy\" decoding=\"async\" width=\"300\" height=\"200\" src=\"https:\/\/katolicka-gimnazija.hr\/wp-content\/uploads\/2019\/04\/56573580_795302967536320_988863297316978688_n-300x200.jpg\" class=\"attachment-medium size-medium\" alt=\"\" srcset=\"https:\/\/katolicka-gimnazija.hr\/wp-content\/uploads\/2019\/04\/56573580_795302967536320_988863297316978688_n-300x200.jpg 300w, https:\/\/katolicka-gimnazija.hr\/wp-content\/uploads\/2019\/04\/56573580_795302967536320_988863297316978688_n-768x512.jpg 768w, https:\/\/katolicka-gimnazija.hr\/wp-content\/uploads\/2019\/04\/56573580_795302967536320_988863297316978688_n-400x267.jpg 400w, https:\/\/katolicka-gimnazija.hr\/wp-content\/uploads\/2019\/04\/56573580_795302967536320_988863297316978688_n.jpg 960w\" sizes=\"auto, (max-width: 300px) 100vw, 300px\" \/><\/a>\n\t\t\t<\/div><\/figure><figure class='gallery-item'>\n\t\t\t<div class='gallery-icon landscape'>\n\t\t\t\t<a href='https:\/\/katolicka-gimnazija.hr\/wp-content\/uploads\/2019\/04\/56158206_795309120869038_7568407119209168896_n.jpg'><img loading=\"lazy\" decoding=\"async\" width=\"300\" height=\"200\" src=\"https:\/\/katolicka-gimnazija.hr\/wp-content\/uploads\/2019\/04\/56158206_795309120869038_7568407119209168896_n-300x200.jpg\" class=\"attachment-medium size-medium\" alt=\"\" srcset=\"https:\/\/katolicka-gimnazija.hr\/wp-content\/uploads\/2019\/04\/56158206_795309120869038_7568407119209168896_n-300x200.jpg 300w, https:\/\/katolicka-gimnazija.hr\/wp-content\/uploads\/2019\/04\/56158206_795309120869038_7568407119209168896_n-768x512.jpg 768w, https:\/\/katolicka-gimnazija.hr\/wp-content\/uploads\/2019\/04\/56158206_795309120869038_7568407119209168896_n-400x267.jpg 400w, https:\/\/katolicka-gimnazija.hr\/wp-content\/uploads\/2019\/04\/56158206_795309120869038_7568407119209168896_n.jpg 960w\" sizes=\"auto, (max-width: 300px) 100vw, 300px\" \/><\/a>\n\t\t\t<\/div><\/figure><figure class='gallery-item'>\n\t\t\t<div class='gallery-icon landscape'>\n\t\t\t\t<a href='https:\/\/katolicka-gimnazija.hr\/wp-content\/uploads\/2019\/04\/56459530_795236477542969_8980709245078994944_n.jpg'><img loading=\"lazy\" decoding=\"async\" width=\"300\" height=\"200\" src=\"https:\/\/katolicka-gimnazija.hr\/wp-content\/uploads\/2019\/04\/56459530_795236477542969_8980709245078994944_n-300x200.jpg\" class=\"attachment-medium size-medium\" alt=\"\" srcset=\"https:\/\/katolicka-gimnazija.hr\/wp-content\/uploads\/2019\/04\/56459530_795236477542969_8980709245078994944_n-300x200.jpg 300w, https:\/\/katolicka-gimnazija.hr\/wp-content\/uploads\/2019\/04\/56459530_795236477542969_8980709245078994944_n-768x512.jpg 768w, https:\/\/katolicka-gimnazija.hr\/wp-content\/uploads\/2019\/04\/56459530_795236477542969_8980709245078994944_n-400x267.jpg 400w, https:\/\/katolicka-gimnazija.hr\/wp-content\/uploads\/2019\/04\/56459530_795236477542969_8980709245078994944_n.jpg 960w\" sizes=\"auto, (max-width: 300px) 100vw, 300px\" \/><\/a>\n\t\t\t<\/div><\/figure><figure class='gallery-item'>\n\t\t\t<div class='gallery-icon landscape'>\n\t\t\t\t<a href='https:\/\/katolicka-gimnazija.hr\/wp-content\/uploads\/2019\/04\/56174887_795309787535638_3565145442083667968_n.jpg'><img loading=\"lazy\" decoding=\"async\" width=\"300\" height=\"200\" src=\"https:\/\/katolicka-gimnazija.hr\/wp-content\/uploads\/2019\/04\/56174887_795309787535638_3565145442083667968_n-300x200.jpg\" class=\"attachment-medium size-medium\" alt=\"\" srcset=\"https:\/\/katolicka-gimnazija.hr\/wp-content\/uploads\/2019\/04\/56174887_795309787535638_3565145442083667968_n-300x200.jpg 300w, https:\/\/katolicka-gimnazija.hr\/wp-content\/uploads\/2019\/04\/56174887_795309787535638_3565145442083667968_n-768x512.jpg 768w, https:\/\/katolicka-gimnazija.hr\/wp-content\/uploads\/2019\/04\/56174887_795309787535638_3565145442083667968_n-400x267.jpg 400w, https:\/\/katolicka-gimnazija.hr\/wp-content\/uploads\/2019\/04\/56174887_795309787535638_3565145442083667968_n.jpg 960w\" sizes=\"auto, (max-width: 300px) 100vw, 300px\" \/><\/a>\n\t\t\t<\/div><\/figure><figure class='gallery-item'>\n\t\t\t<div class='gallery-icon landscape'>\n\t\t\t\t<a href='https:\/\/katolicka-gimnazija.hr\/wp-content\/uploads\/2019\/04\/55711634_795311207535496_6893293042585829376_n.jpg'><img loading=\"lazy\" decoding=\"async\" width=\"300\" height=\"200\" src=\"https:\/\/katolicka-gimnazija.hr\/wp-content\/uploads\/2019\/04\/55711634_795311207535496_6893293042585829376_n-300x200.jpg\" class=\"attachment-medium size-medium\" alt=\"\" srcset=\"https:\/\/katolicka-gimnazija.hr\/wp-content\/uploads\/2019\/04\/55711634_795311207535496_6893293042585829376_n-300x200.jpg 300w, https:\/\/katolicka-gimnazija.hr\/wp-content\/uploads\/2019\/04\/55711634_795311207535496_6893293042585829376_n-768x512.jpg 768w, https:\/\/katolicka-gimnazija.hr\/wp-content\/uploads\/2019\/04\/55711634_795311207535496_6893293042585829376_n-400x267.jpg 400w, https:\/\/katolicka-gimnazija.hr\/wp-content\/uploads\/2019\/04\/55711634_795311207535496_6893293042585829376_n.jpg 960w\" sizes=\"auto, (max-width: 300px) 100vw, 300px\" \/><\/a>\n\t\t\t<\/div><\/figure><figure class='gallery-item'>\n\t\t\t<div class='gallery-icon landscape'>\n\t\t\t\t<a href='https:\/\/katolicka-gimnazija.hr\/wp-content\/uploads\/2019\/04\/55935550_795241304209153_3204843440235872256_n.jpg'><img loading=\"lazy\" decoding=\"async\" width=\"300\" height=\"200\" src=\"https:\/\/katolicka-gimnazija.hr\/wp-content\/uploads\/2019\/04\/55935550_795241304209153_3204843440235872256_n-300x200.jpg\" class=\"attachment-medium size-medium\" alt=\"\" srcset=\"https:\/\/katolicka-gimnazija.hr\/wp-content\/uploads\/2019\/04\/55935550_795241304209153_3204843440235872256_n-300x200.jpg 300w, https:\/\/katolicka-gimnazija.hr\/wp-content\/uploads\/2019\/04\/55935550_795241304209153_3204843440235872256_n-768x512.jpg 768w, https:\/\/katolicka-gimnazija.hr\/wp-content\/uploads\/2019\/04\/55935550_795241304209153_3204843440235872256_n-400x267.jpg 400w, https:\/\/katolicka-gimnazija.hr\/wp-content\/uploads\/2019\/04\/55935550_795241304209153_3204843440235872256_n.jpg 960w\" sizes=\"auto, (max-width: 300px) 100vw, 300px\" \/><\/a>\n\t\t\t<\/div><\/figure><figure class='gallery-item'>\n\t\t\t<div class='gallery-icon landscape'>\n\t\t\t\t<a href='https:\/\/katolicka-gimnazija.hr\/wp-content\/uploads\/2019\/04\/55719262_795239734209310_4261720194679832576_n.jpg'><img loading=\"lazy\" decoding=\"async\" width=\"300\" height=\"200\" src=\"https:\/\/katolicka-gimnazija.hr\/wp-content\/uploads\/2019\/04\/55719262_795239734209310_4261720194679832576_n-300x200.jpg\" class=\"attachment-medium size-medium\" alt=\"\" srcset=\"https:\/\/katolicka-gimnazija.hr\/wp-content\/uploads\/2019\/04\/55719262_795239734209310_4261720194679832576_n-300x200.jpg 300w, https:\/\/katolicka-gimnazija.hr\/wp-content\/uploads\/2019\/04\/55719262_795239734209310_4261720194679832576_n-768x512.jpg 768w, https:\/\/katolicka-gimnazija.hr\/wp-content\/uploads\/2019\/04\/55719262_795239734209310_4261720194679832576_n-400x267.jpg 400w, https:\/\/katolicka-gimnazija.hr\/wp-content\/uploads\/2019\/04\/55719262_795239734209310_4261720194679832576_n.jpg 960w\" sizes=\"auto, (max-width: 300px) 100vw, 300px\" \/><\/a>\n\t\t\t<\/div><\/figure><figure class='gallery-item'>\n\t\t\t<div class='gallery-icon landscape'>\n\t\t\t\t<a href='https:\/\/katolicka-gimnazija.hr\/wp-content\/uploads\/2019\/04\/55927904_795313674201916_1985379534865694720_n.jpg'><img loading=\"lazy\" decoding=\"async\" width=\"300\" height=\"200\" src=\"https:\/\/katolicka-gimnazija.hr\/wp-content\/uploads\/2019\/04\/55927904_795313674201916_1985379534865694720_n-300x200.jpg\" class=\"attachment-medium size-medium\" alt=\"\" srcset=\"https:\/\/katolicka-gimnazija.hr\/wp-content\/uploads\/2019\/04\/55927904_795313674201916_1985379534865694720_n-300x200.jpg 300w, https:\/\/katolicka-gimnazija.hr\/wp-content\/uploads\/2019\/04\/55927904_795313674201916_1985379534865694720_n-768x512.jpg 768w, https:\/\/katolicka-gimnazija.hr\/wp-content\/uploads\/2019\/04\/55927904_795313674201916_1985379534865694720_n-400x267.jpg 400w, https:\/\/katolicka-gimnazija.hr\/wp-content\/uploads\/2019\/04\/55927904_795313674201916_1985379534865694720_n.jpg 960w\" sizes=\"auto, (max-width: 300px) 100vw, 300px\" \/><\/a>\n\t\t\t<\/div><\/figure><figure class='gallery-item'>\n\t\t\t<div class='gallery-icon landscape'>\n\t\t\t\t<a href='https:\/\/katolicka-gimnazija.hr\/wp-content\/uploads\/2019\/04\/56526760_795303834202900_6934183008144457728_n.jpg'><img loading=\"lazy\" decoding=\"async\" width=\"300\" height=\"200\" src=\"https:\/\/katolicka-gimnazija.hr\/wp-content\/uploads\/2019\/04\/56526760_795303834202900_6934183008144457728_n-300x200.jpg\" class=\"attachment-medium size-medium\" alt=\"\" srcset=\"https:\/\/katolicka-gimnazija.hr\/wp-content\/uploads\/2019\/04\/56526760_795303834202900_6934183008144457728_n-300x200.jpg 300w, https:\/\/katolicka-gimnazija.hr\/wp-content\/uploads\/2019\/04\/56526760_795303834202900_6934183008144457728_n-768x512.jpg 768w, https:\/\/katolicka-gimnazija.hr\/wp-content\/uploads\/2019\/04\/56526760_795303834202900_6934183008144457728_n-400x267.jpg 400w, https:\/\/katolicka-gimnazija.hr\/wp-content\/uploads\/2019\/04\/56526760_795303834202900_6934183008144457728_n.jpg 960w\" sizes=\"auto, (max-width: 300px) 100vw, 300px\" \/><\/a>\n\t\t\t<\/div><\/figure><figure class='gallery-item'>\n\t\t\t<div class='gallery-icon landscape'>\n\t\t\t\t<a href='https:\/\/katolicka-gimnazija.hr\/wp-content\/uploads\/2019\/04\/55752548_795304107536206_5543361809018257408_n.jpg'><img loading=\"lazy\" decoding=\"async\" width=\"300\" height=\"200\" src=\"https:\/\/katolicka-gimnazija.hr\/wp-content\/uploads\/2019\/04\/55752548_795304107536206_5543361809018257408_n-300x200.jpg\" class=\"attachment-medium size-medium\" alt=\"\" srcset=\"https:\/\/katolicka-gimnazija.hr\/wp-content\/uploads\/2019\/04\/55752548_795304107536206_5543361809018257408_n-300x200.jpg 300w, https:\/\/katolicka-gimnazija.hr\/wp-content\/uploads\/2019\/04\/55752548_795304107536206_5543361809018257408_n-768x512.jpg 768w, https:\/\/katolicka-gimnazija.hr\/wp-content\/uploads\/2019\/04\/55752548_795304107536206_5543361809018257408_n-400x267.jpg 400w, https:\/\/katolicka-gimnazija.hr\/wp-content\/uploads\/2019\/04\/55752548_795304107536206_5543361809018257408_n.jpg 960w\" sizes=\"auto, (max-width: 300px) 100vw, 300px\" \/><\/a>\n\t\t\t<\/div><\/figure><figure class='gallery-item'>\n\t\t\t<div class='gallery-icon landscape'>\n\t\t\t\t<a href='https:\/\/katolicka-gimnazija.hr\/wp-content\/uploads\/2019\/04\/56498683_795302177536399_5518584795522662400_n.jpg'><img loading=\"lazy\" decoding=\"async\" width=\"300\" height=\"200\" src=\"https:\/\/katolicka-gimnazija.hr\/wp-content\/uploads\/2019\/04\/56498683_795302177536399_5518584795522662400_n-300x200.jpg\" class=\"attachment-medium size-medium\" alt=\"\" srcset=\"https:\/\/katolicka-gimnazija.hr\/wp-content\/uploads\/2019\/04\/56498683_795302177536399_5518584795522662400_n-300x200.jpg 300w, https:\/\/katolicka-gimnazija.hr\/wp-content\/uploads\/2019\/04\/56498683_795302177536399_5518584795522662400_n-768x512.jpg 768w, https:\/\/katolicka-gimnazija.hr\/wp-content\/uploads\/2019\/04\/56498683_795302177536399_5518584795522662400_n-400x267.jpg 400w, https:\/\/katolicka-gimnazija.hr\/wp-content\/uploads\/2019\/04\/56498683_795302177536399_5518584795522662400_n.jpg 960w\" sizes=\"auto, (max-width: 300px) 100vw, 300px\" \/><\/a>\n\t\t\t<\/div><\/figure><figure class='gallery-item'>\n\t\t\t<div class='gallery-icon landscape'>\n\t\t\t\t<a href='https:\/\/katolicka-gimnazija.hr\/wp-content\/uploads\/2019\/04\/55793578_795313434201940_8035921129786834944_n.jpg'><img loading=\"lazy\" decoding=\"async\" width=\"300\" height=\"200\" src=\"https:\/\/katolicka-gimnazija.hr\/wp-content\/uploads\/2019\/04\/55793578_795313434201940_8035921129786834944_n-300x200.jpg\" class=\"attachment-medium size-medium\" alt=\"\" srcset=\"https:\/\/katolicka-gimnazija.hr\/wp-content\/uploads\/2019\/04\/55793578_795313434201940_8035921129786834944_n-300x200.jpg 300w, https:\/\/katolicka-gimnazija.hr\/wp-content\/uploads\/2019\/04\/55793578_795313434201940_8035921129786834944_n-768x512.jpg 768w, https:\/\/katolicka-gimnazija.hr\/wp-content\/uploads\/2019\/04\/55793578_795313434201940_8035921129786834944_n-400x267.jpg 400w, https:\/\/katolicka-gimnazija.hr\/wp-content\/uploads\/2019\/04\/55793578_795313434201940_8035921129786834944_n.jpg 960w\" sizes=\"auto, (max-width: 300px) 100vw, 300px\" \/><\/a>\n\t\t\t<\/div><\/figure><figure class='gallery-item'>\n\t\t\t<div class='gallery-icon portrait'>\n\t\t\t\t<a href='https:\/\/katolicka-gimnazija.hr\/wp-content\/uploads\/2019\/04\/56593654_795305850869365_7717771070853349376_n.jpg'><img loading=\"lazy\" decoding=\"async\" width=\"200\" height=\"300\" src=\"https:\/\/katolicka-gimnazija.hr\/wp-content\/uploads\/2019\/04\/56593654_795305850869365_7717771070853349376_n-200x300.jpg\" class=\"attachment-medium size-medium\" alt=\"\" srcset=\"https:\/\/katolicka-gimnazija.hr\/wp-content\/uploads\/2019\/04\/56593654_795305850869365_7717771070853349376_n-200x300.jpg 200w, https:\/\/katolicka-gimnazija.hr\/wp-content\/uploads\/2019\/04\/56593654_795305850869365_7717771070853349376_n.jpg 640w\" sizes=\"auto, (max-width: 200px) 100vw, 200px\" \/><\/a>\n\t\t\t<\/div><\/figure><figure class='gallery-item'>\n\t\t\t<div class='gallery-icon landscape'>\n\t\t\t\t<a href='https:\/\/katolicka-gimnazija.hr\/wp-content\/uploads\/2019\/04\/55837794_795313784201905_5630368023845011456_n.jpg'><img loading=\"lazy\" decoding=\"async\" width=\"300\" height=\"200\" src=\"https:\/\/katolicka-gimnazija.hr\/wp-content\/uploads\/2019\/04\/55837794_795313784201905_5630368023845011456_n-300x200.jpg\" class=\"attachment-medium size-medium\" alt=\"\" srcset=\"https:\/\/katolicka-gimnazija.hr\/wp-content\/uploads\/2019\/04\/55837794_795313784201905_5630368023845011456_n-300x200.jpg 300w, https:\/\/katolicka-gimnazija.hr\/wp-content\/uploads\/2019\/04\/55837794_795313784201905_5630368023845011456_n-768x512.jpg 768w, https:\/\/katolicka-gimnazija.hr\/wp-content\/uploads\/2019\/04\/55837794_795313784201905_5630368023845011456_n-400x267.jpg 400w, https:\/\/katolicka-gimnazija.hr\/wp-content\/uploads\/2019\/04\/55837794_795313784201905_5630368023845011456_n.jpg 960w\" sizes=\"auto, (max-width: 300px) 100vw, 300px\" \/><\/a>\n\t\t\t<\/div><\/figure><figure class='gallery-item'>\n\t\t\t<div class='gallery-icon landscape'>\n\t\t\t\t<a href='https:\/\/katolicka-gimnazija.hr\/wp-content\/uploads\/2019\/04\/56464379_795301020869848_3940280422725844992_n.jpg'><img loading=\"lazy\" decoding=\"async\" width=\"300\" height=\"200\" src=\"https:\/\/katolicka-gimnazija.hr\/wp-content\/uploads\/2019\/04\/56464379_795301020869848_3940280422725844992_n-300x200.jpg\" class=\"attachment-medium size-medium\" alt=\"\" srcset=\"https:\/\/katolicka-gimnazija.hr\/wp-content\/uploads\/2019\/04\/56464379_795301020869848_3940280422725844992_n-300x200.jpg 300w, https:\/\/katolicka-gimnazija.hr\/wp-content\/uploads\/2019\/04\/56464379_795301020869848_3940280422725844992_n-768x512.jpg 768w, https:\/\/katolicka-gimnazija.hr\/wp-content\/uploads\/2019\/04\/56464379_795301020869848_3940280422725844992_n-400x267.jpg 400w, https:\/\/katolicka-gimnazija.hr\/wp-content\/uploads\/2019\/04\/56464379_795301020869848_3940280422725844992_n.jpg 960w\" sizes=\"auto, (max-width: 300px) 100vw, 300px\" \/><\/a>\n\t\t\t<\/div><\/figure><figure class='gallery-item'>\n\t\t\t<div class='gallery-icon landscape'>\n\t\t\t\t<a href='https:\/\/katolicka-gimnazija.hr\/wp-content\/uploads\/2019\/04\/56262483_795238124209471_6179993494065512448_n.jpg'><img loading=\"lazy\" decoding=\"async\" width=\"300\" height=\"200\" src=\"https:\/\/katolicka-gimnazija.hr\/wp-content\/uploads\/2019\/04\/56262483_795238124209471_6179993494065512448_n-300x200.jpg\" class=\"attachment-medium size-medium\" alt=\"\" srcset=\"https:\/\/katolicka-gimnazija.hr\/wp-content\/uploads\/2019\/04\/56262483_795238124209471_6179993494065512448_n-300x200.jpg 300w, https:\/\/katolicka-gimnazija.hr\/wp-content\/uploads\/2019\/04\/56262483_795238124209471_6179993494065512448_n-768x512.jpg 768w, https:\/\/katolicka-gimnazija.hr\/wp-content\/uploads\/2019\/04\/56262483_795238124209471_6179993494065512448_n-400x267.jpg 400w, https:\/\/katolicka-gimnazija.hr\/wp-content\/uploads\/2019\/04\/56262483_795238124209471_6179993494065512448_n.jpg 960w\" sizes=\"auto, (max-width: 300px) 100vw, 300px\" \/><\/a>\n\t\t\t<\/div><\/figure><figure class='gallery-item'>\n\t\t\t<div class='gallery-icon landscape'>\n\t\t\t\t<a href='https:\/\/katolicka-gimnazija.hr\/wp-content\/uploads\/2019\/04\/55932370_795239084209375_7808977072205856768_n.jpg'><img loading=\"lazy\" decoding=\"async\" width=\"300\" height=\"200\" src=\"https:\/\/katolicka-gimnazija.hr\/wp-content\/uploads\/2019\/04\/55932370_795239084209375_7808977072205856768_n-300x200.jpg\" class=\"attachment-medium size-medium\" alt=\"\" srcset=\"https:\/\/katolicka-gimnazija.hr\/wp-content\/uploads\/2019\/04\/55932370_795239084209375_7808977072205856768_n-300x200.jpg 300w, https:\/\/katolicka-gimnazija.hr\/wp-content\/uploads\/2019\/04\/55932370_795239084209375_7808977072205856768_n-768x512.jpg 768w, https:\/\/katolicka-gimnazija.hr\/wp-content\/uploads\/2019\/04\/55932370_795239084209375_7808977072205856768_n-400x267.jpg 400w, https:\/\/katolicka-gimnazija.hr\/wp-content\/uploads\/2019\/04\/55932370_795239084209375_7808977072205856768_n.jpg 960w\" sizes=\"auto, (max-width: 300px) 100vw, 300px\" \/><\/a>\n\t\t\t<\/div><\/figure><figure class='gallery-item'>\n\t\t\t<div class='gallery-icon landscape'>\n\t\t\t\t<a href='https:\/\/katolicka-gimnazija.hr\/wp-content\/uploads\/2019\/04\/56120005_795302790869671_7956878918198231040_n.jpg'><img loading=\"lazy\" decoding=\"async\" width=\"300\" height=\"200\" src=\"https:\/\/katolicka-gimnazija.hr\/wp-content\/uploads\/2019\/04\/56120005_795302790869671_7956878918198231040_n-300x200.jpg\" class=\"attachment-medium size-medium\" alt=\"\" srcset=\"https:\/\/katolicka-gimnazija.hr\/wp-content\/uploads\/2019\/04\/56120005_795302790869671_7956878918198231040_n-300x200.jpg 300w, https:\/\/katolicka-gimnazija.hr\/wp-content\/uploads\/2019\/04\/56120005_795302790869671_7956878918198231040_n-768x512.jpg 768w, https:\/\/katolicka-gimnazija.hr\/wp-content\/uploads\/2019\/04\/56120005_795302790869671_7956878918198231040_n-400x267.jpg 400w, https:\/\/katolicka-gimnazija.hr\/wp-content\/uploads\/2019\/04\/56120005_795302790869671_7956878918198231040_n.jpg 960w\" sizes=\"auto, (max-width: 300px) 100vw, 300px\" \/><\/a>\n\t\t\t<\/div><\/figure><figure class='gallery-item'>\n\t\t\t<div class='gallery-icon landscape'>\n\t\t\t\t<a href='https:\/\/katolicka-gimnazija.hr\/wp-content\/uploads\/2019\/04\/55851209_795309324202351_1972167876160782336_n.jpg'><img loading=\"lazy\" decoding=\"async\" width=\"300\" height=\"200\" src=\"https:\/\/katolicka-gimnazija.hr\/wp-content\/uploads\/2019\/04\/55851209_795309324202351_1972167876160782336_n-300x200.jpg\" class=\"attachment-medium size-medium\" alt=\"\" srcset=\"https:\/\/katolicka-gimnazija.hr\/wp-content\/uploads\/2019\/04\/55851209_795309324202351_1972167876160782336_n-300x200.jpg 300w, https:\/\/katolicka-gimnazija.hr\/wp-content\/uploads\/2019\/04\/55851209_795309324202351_1972167876160782336_n-768x512.jpg 768w, https:\/\/katolicka-gimnazija.hr\/wp-content\/uploads\/2019\/04\/55851209_795309324202351_1972167876160782336_n-400x267.jpg 400w, https:\/\/katolicka-gimnazija.hr\/wp-content\/uploads\/2019\/04\/55851209_795309324202351_1972167876160782336_n.jpg 960w\" sizes=\"auto, (max-width: 300px) 100vw, 300px\" \/><\/a>\n\t\t\t<\/div><\/figure><figure class='gallery-item'>\n\t\t\t<div class='gallery-icon landscape'>\n\t\t\t\t<a href='https:\/\/katolicka-gimnazija.hr\/wp-content\/uploads\/2019\/04\/56158044_795302837536333_8863338083915923456_n.jpg'><img loading=\"lazy\" decoding=\"async\" width=\"300\" height=\"200\" src=\"https:\/\/katolicka-gimnazija.hr\/wp-content\/uploads\/2019\/04\/56158044_795302837536333_8863338083915923456_n-300x200.jpg\" class=\"attachment-medium size-medium\" alt=\"\" srcset=\"https:\/\/katolicka-gimnazija.hr\/wp-content\/uploads\/2019\/04\/56158044_795302837536333_8863338083915923456_n-300x200.jpg 300w, https:\/\/katolicka-gimnazija.hr\/wp-content\/uploads\/2019\/04\/56158044_795302837536333_8863338083915923456_n-768x512.jpg 768w, https:\/\/katolicka-gimnazija.hr\/wp-content\/uploads\/2019\/04\/56158044_795302837536333_8863338083915923456_n-400x267.jpg 400w, https:\/\/katolicka-gimnazija.hr\/wp-content\/uploads\/2019\/04\/56158044_795302837536333_8863338083915923456_n.jpg 960w\" sizes=\"auto, (max-width: 300px) 100vw, 300px\" \/><\/a>\n\t\t\t<\/div><\/figure><figure class='gallery-item'>\n\t\t\t<div class='gallery-icon landscape'>\n\t\t\t\t<a href='https:\/\/katolicka-gimnazija.hr\/wp-content\/uploads\/2019\/04\/56480358_795304480869502_1874236140706332672_n.jpg'><img loading=\"lazy\" decoding=\"async\" width=\"300\" height=\"200\" src=\"https:\/\/katolicka-gimnazija.hr\/wp-content\/uploads\/2019\/04\/56480358_795304480869502_1874236140706332672_n-300x200.jpg\" class=\"attachment-medium size-medium\" alt=\"\" srcset=\"https:\/\/katolicka-gimnazija.hr\/wp-content\/uploads\/2019\/04\/56480358_795304480869502_1874236140706332672_n-300x200.jpg 300w, https:\/\/katolicka-gimnazija.hr\/wp-content\/uploads\/2019\/04\/56480358_795304480869502_1874236140706332672_n-768x512.jpg 768w, https:\/\/katolicka-gimnazija.hr\/wp-content\/uploads\/2019\/04\/56480358_795304480869502_1874236140706332672_n-400x267.jpg 400w, https:\/\/katolicka-gimnazija.hr\/wp-content\/uploads\/2019\/04\/56480358_795304480869502_1874236140706332672_n.jpg 960w\" sizes=\"auto, (max-width: 300px) 100vw, 300px\" \/><\/a>\n\t\t\t<\/div><\/figure><figure class='gallery-item'>\n\t\t\t<div class='gallery-icon landscape'>\n\t\t\t\t<a href='https:\/\/katolicka-gimnazija.hr\/wp-content\/uploads\/2019\/04\/56331095_795300950869855_5242167293126901760_n.jpg'><img loading=\"lazy\" decoding=\"async\" width=\"300\" height=\"200\" src=\"https:\/\/katolicka-gimnazija.hr\/wp-content\/uploads\/2019\/04\/56331095_795300950869855_5242167293126901760_n-300x200.jpg\" class=\"attachment-medium size-medium\" alt=\"\" srcset=\"https:\/\/katolicka-gimnazija.hr\/wp-content\/uploads\/2019\/04\/56331095_795300950869855_5242167293126901760_n-300x200.jpg 300w, https:\/\/katolicka-gimnazija.hr\/wp-content\/uploads\/2019\/04\/56331095_795300950869855_5242167293126901760_n-768x512.jpg 768w, https:\/\/katolicka-gimnazija.hr\/wp-content\/uploads\/2019\/04\/56331095_795300950869855_5242167293126901760_n-400x267.jpg 400w, https:\/\/katolicka-gimnazija.hr\/wp-content\/uploads\/2019\/04\/56331095_795300950869855_5242167293126901760_n.jpg 960w\" sizes=\"auto, (max-width: 300px) 100vw, 300px\" \/><\/a>\n\t\t\t<\/div><\/figure><figure class='gallery-item'>\n\t\t\t<div class='gallery-icon landscape'>\n\t\t\t\t<a href='https:\/\/katolicka-gimnazija.hr\/wp-content\/uploads\/2019\/04\/56381592_795311137535503_158029486250524672_n.jpg'><img loading=\"lazy\" decoding=\"async\" width=\"300\" height=\"200\" src=\"https:\/\/katolicka-gimnazija.hr\/wp-content\/uploads\/2019\/04\/56381592_795311137535503_158029486250524672_n-300x200.jpg\" class=\"attachment-medium size-medium\" alt=\"\" srcset=\"https:\/\/katolicka-gimnazija.hr\/wp-content\/uploads\/2019\/04\/56381592_795311137535503_158029486250524672_n-300x200.jpg 300w, https:\/\/katolicka-gimnazija.hr\/wp-content\/uploads\/2019\/04\/56381592_795311137535503_158029486250524672_n-768x512.jpg 768w, https:\/\/katolicka-gimnazija.hr\/wp-content\/uploads\/2019\/04\/56381592_795311137535503_158029486250524672_n-400x267.jpg 400w, https:\/\/katolicka-gimnazija.hr\/wp-content\/uploads\/2019\/04\/56381592_795311137535503_158029486250524672_n.jpg 960w\" sizes=\"auto, (max-width: 300px) 100vw, 300px\" \/><\/a>\n\t\t\t<\/div><\/figure><figure class='gallery-item'>\n\t\t\t<div class='gallery-icon landscape'>\n\t\t\t\t<a href='https:\/\/katolicka-gimnazija.hr\/wp-content\/uploads\/2019\/04\/56310252_795302987536318_3139793085341368320_n.jpg'><img loading=\"lazy\" decoding=\"async\" width=\"300\" height=\"200\" src=\"https:\/\/katolicka-gimnazija.hr\/wp-content\/uploads\/2019\/04\/56310252_795302987536318_3139793085341368320_n-300x200.jpg\" class=\"attachment-medium size-medium\" alt=\"\" srcset=\"https:\/\/katolicka-gimnazija.hr\/wp-content\/uploads\/2019\/04\/56310252_795302987536318_3139793085341368320_n-300x200.jpg 300w, https:\/\/katolicka-gimnazija.hr\/wp-content\/uploads\/2019\/04\/56310252_795302987536318_3139793085341368320_n-768x512.jpg 768w, https:\/\/katolicka-gimnazija.hr\/wp-content\/uploads\/2019\/04\/56310252_795302987536318_3139793085341368320_n-400x267.jpg 400w, https:\/\/katolicka-gimnazija.hr\/wp-content\/uploads\/2019\/04\/56310252_795302987536318_3139793085341368320_n.jpg 960w\" sizes=\"auto, (max-width: 300px) 100vw, 300px\" \/><\/a>\n\t\t\t<\/div><\/figure><figure class='gallery-item'>\n\t\t\t<div class='gallery-icon landscape'>\n\t\t\t\t<a href='https:\/\/katolicka-gimnazija.hr\/wp-content\/uploads\/2019\/04\/55692886_795239347542682_6937816193994588160_n.jpg'><img loading=\"lazy\" decoding=\"async\" width=\"300\" height=\"200\" src=\"https:\/\/katolicka-gimnazija.hr\/wp-content\/uploads\/2019\/04\/55692886_795239347542682_6937816193994588160_n-300x200.jpg\" class=\"attachment-medium size-medium\" alt=\"\" srcset=\"https:\/\/katolicka-gimnazija.hr\/wp-content\/uploads\/2019\/04\/55692886_795239347542682_6937816193994588160_n-300x200.jpg 300w, https:\/\/katolicka-gimnazija.hr\/wp-content\/uploads\/2019\/04\/55692886_795239347542682_6937816193994588160_n-768x512.jpg 768w, https:\/\/katolicka-gimnazija.hr\/wp-content\/uploads\/2019\/04\/55692886_795239347542682_6937816193994588160_n-400x267.jpg 400w, https:\/\/katolicka-gimnazija.hr\/wp-content\/uploads\/2019\/04\/55692886_795239347542682_6937816193994588160_n.jpg 960w\" sizes=\"auto, (max-width: 300px) 100vw, 300px\" \/><\/a>\n\t\t\t<\/div><\/figure><figure class='gallery-item'>\n\t\t\t<div class='gallery-icon landscape'>\n\t\t\t\t<a href='https:\/\/katolicka-gimnazija.hr\/wp-content\/uploads\/2019\/04\/55778945_795303907536226_8899050135686742016_n.jpg'><img loading=\"lazy\" decoding=\"async\" width=\"300\" height=\"200\" src=\"https:\/\/katolicka-gimnazija.hr\/wp-content\/uploads\/2019\/04\/55778945_795303907536226_8899050135686742016_n-300x200.jpg\" class=\"attachment-medium size-medium\" alt=\"\" srcset=\"https:\/\/katolicka-gimnazija.hr\/wp-content\/uploads\/2019\/04\/55778945_795303907536226_8899050135686742016_n-300x200.jpg 300w, https:\/\/katolicka-gimnazija.hr\/wp-content\/uploads\/2019\/04\/55778945_795303907536226_8899050135686742016_n-768x512.jpg 768w, https:\/\/katolicka-gimnazija.hr\/wp-content\/uploads\/2019\/04\/55778945_795303907536226_8899050135686742016_n-400x267.jpg 400w, https:\/\/katolicka-gimnazija.hr\/wp-content\/uploads\/2019\/04\/55778945_795303907536226_8899050135686742016_n.jpg 960w\" sizes=\"auto, (max-width: 300px) 100vw, 300px\" \/><\/a>\n\t\t\t<\/div><\/figure><figure class='gallery-item'>\n\t\t\t<div class='gallery-icon landscape'>\n\t\t\t\t<a href='https:\/\/katolicka-gimnazija.hr\/wp-content\/uploads\/2019\/04\/55849342_795300984203185_5623508991138070528_n.jpg'><img loading=\"lazy\" decoding=\"async\" width=\"300\" height=\"200\" src=\"https:\/\/katolicka-gimnazija.hr\/wp-content\/uploads\/2019\/04\/55849342_795300984203185_5623508991138070528_n-300x200.jpg\" class=\"attachment-medium size-medium\" alt=\"\" srcset=\"https:\/\/katolicka-gimnazija.hr\/wp-content\/uploads\/2019\/04\/55849342_795300984203185_5623508991138070528_n-300x200.jpg 300w, https:\/\/katolicka-gimnazija.hr\/wp-content\/uploads\/2019\/04\/55849342_795300984203185_5623508991138070528_n-768x512.jpg 768w, https:\/\/katolicka-gimnazija.hr\/wp-content\/uploads\/2019\/04\/55849342_795300984203185_5623508991138070528_n-400x267.jpg 400w, https:\/\/katolicka-gimnazija.hr\/wp-content\/uploads\/2019\/04\/55849342_795300984203185_5623508991138070528_n.jpg 960w\" sizes=\"auto, (max-width: 300px) 100vw, 300px\" \/><\/a>\n\t\t\t<\/div><\/figure><figure class='gallery-item'>\n\t\t\t<div class='gallery-icon landscape'>\n\t\t\t\t<a href='https:\/\/katolicka-gimnazija.hr\/wp-content\/uploads\/2019\/04\/55857769_795240230875927_6399118297396150272_n.jpg'><img loading=\"lazy\" decoding=\"async\" width=\"300\" height=\"200\" src=\"https:\/\/katolicka-gimnazija.hr\/wp-content\/uploads\/2019\/04\/55857769_795240230875927_6399118297396150272_n-300x200.jpg\" class=\"attachment-medium size-medium\" alt=\"\" srcset=\"https:\/\/katolicka-gimnazija.hr\/wp-content\/uploads\/2019\/04\/55857769_795240230875927_6399118297396150272_n-300x200.jpg 300w, https:\/\/katolicka-gimnazija.hr\/wp-content\/uploads\/2019\/04\/55857769_795240230875927_6399118297396150272_n-768x512.jpg 768w, https:\/\/katolicka-gimnazija.hr\/wp-content\/uploads\/2019\/04\/55857769_795240230875927_6399118297396150272_n-400x267.jpg 400w, https:\/\/katolicka-gimnazija.hr\/wp-content\/uploads\/2019\/04\/55857769_795240230875927_6399118297396150272_n.jpg 960w\" sizes=\"auto, (max-width: 300px) 100vw, 300px\" \/><\/a>\n\t\t\t<\/div><\/figure><figure class='gallery-item'>\n\t\t\t<div class='gallery-icon landscape'>\n\t\t\t\t<a href='https:\/\/katolicka-gimnazija.hr\/wp-content\/uploads\/2019\/04\/56544581_795309657535651_837065258857136128_n.jpg'><img loading=\"lazy\" decoding=\"async\" width=\"300\" height=\"200\" src=\"https:\/\/katolicka-gimnazija.hr\/wp-content\/uploads\/2019\/04\/56544581_795309657535651_837065258857136128_n-300x200.jpg\" class=\"attachment-medium size-medium\" alt=\"\" srcset=\"https:\/\/katolicka-gimnazija.hr\/wp-content\/uploads\/2019\/04\/56544581_795309657535651_837065258857136128_n-300x200.jpg 300w, https:\/\/katolicka-gimnazija.hr\/wp-content\/uploads\/2019\/04\/56544581_795309657535651_837065258857136128_n-768x512.jpg 768w, https:\/\/katolicka-gimnazija.hr\/wp-content\/uploads\/2019\/04\/56544581_795309657535651_837065258857136128_n-400x267.jpg 400w, https:\/\/katolicka-gimnazija.hr\/wp-content\/uploads\/2019\/04\/56544581_795309657535651_837065258857136128_n.jpg 960w\" sizes=\"auto, (max-width: 300px) 100vw, 300px\" \/><\/a>\n\t\t\t<\/div><\/figure><figure class='gallery-item'>\n\t\t\t<div class='gallery-icon landscape'>\n\t\t\t\t<a href='https:\/\/katolicka-gimnazija.hr\/wp-content\/uploads\/2019\/04\/55897182_795313350868615_5481574684375908352_n.jpg'><img loading=\"lazy\" decoding=\"async\" width=\"300\" height=\"200\" src=\"https:\/\/katolicka-gimnazija.hr\/wp-content\/uploads\/2019\/04\/55897182_795313350868615_5481574684375908352_n-300x200.jpg\" class=\"attachment-medium size-medium\" alt=\"\" srcset=\"https:\/\/katolicka-gimnazija.hr\/wp-content\/uploads\/2019\/04\/55897182_795313350868615_5481574684375908352_n-300x200.jpg 300w, https:\/\/katolicka-gimnazija.hr\/wp-content\/uploads\/2019\/04\/55897182_795313350868615_5481574684375908352_n-768x512.jpg 768w, https:\/\/katolicka-gimnazija.hr\/wp-content\/uploads\/2019\/04\/55897182_795313350868615_5481574684375908352_n-400x267.jpg 400w, https:\/\/katolicka-gimnazija.hr\/wp-content\/uploads\/2019\/04\/55897182_795313350868615_5481574684375908352_n.jpg 960w\" sizes=\"auto, (max-width: 300px) 100vw, 300px\" \/><\/a>\n\t\t\t<\/div><\/figure><figure class='gallery-item'>\n\t\t\t<div class='gallery-icon landscape'>\n\t\t\t\t<a href='https:\/\/katolicka-gimnazija.hr\/wp-content\/uploads\/2019\/04\/55811513_795239124209371_7143610286421835776_n.jpg'><img loading=\"lazy\" decoding=\"async\" width=\"300\" height=\"200\" src=\"https:\/\/katolicka-gimnazija.hr\/wp-content\/uploads\/2019\/04\/55811513_795239124209371_7143610286421835776_n-300x200.jpg\" class=\"attachment-medium size-medium\" alt=\"\" srcset=\"https:\/\/katolicka-gimnazija.hr\/wp-content\/uploads\/2019\/04\/55811513_795239124209371_7143610286421835776_n-300x200.jpg 300w, https:\/\/katolicka-gimnazija.hr\/wp-content\/uploads\/2019\/04\/55811513_795239124209371_7143610286421835776_n-768x512.jpg 768w, https:\/\/katolicka-gimnazija.hr\/wp-content\/uploads\/2019\/04\/55811513_795239124209371_7143610286421835776_n-400x267.jpg 400w, https:\/\/katolicka-gimnazija.hr\/wp-content\/uploads\/2019\/04\/55811513_795239124209371_7143610286421835776_n.jpg 960w\" sizes=\"auto, (max-width: 300px) 100vw, 300px\" \/><\/a>\n\t\t\t<\/div><\/figure><figure class='gallery-item'>\n\t\t\t<div class='gallery-icon landscape'>\n\t\t\t\t<a href='https:\/\/katolicka-gimnazija.hr\/wp-content\/uploads\/2019\/04\/55887769_795302580869692_9217757724324921344_n.jpg'><img loading=\"lazy\" decoding=\"async\" width=\"300\" height=\"200\" src=\"https:\/\/katolicka-gimnazija.hr\/wp-content\/uploads\/2019\/04\/55887769_795302580869692_9217757724324921344_n-300x200.jpg\" class=\"attachment-medium size-medium\" alt=\"\" srcset=\"https:\/\/katolicka-gimnazija.hr\/wp-content\/uploads\/2019\/04\/55887769_795302580869692_9217757724324921344_n-300x200.jpg 300w, https:\/\/katolicka-gimnazija.hr\/wp-content\/uploads\/2019\/04\/55887769_795302580869692_9217757724324921344_n-768x512.jpg 768w, https:\/\/katolicka-gimnazija.hr\/wp-content\/uploads\/2019\/04\/55887769_795302580869692_9217757724324921344_n-400x267.jpg 400w, https:\/\/katolicka-gimnazija.hr\/wp-content\/uploads\/2019\/04\/55887769_795302580869692_9217757724324921344_n.jpg 960w\" sizes=\"auto, (max-width: 300px) 100vw, 300px\" \/><\/a>\n\t\t\t<\/div><\/figure><figure class='gallery-item'>\n\t\t\t<div class='gallery-icon landscape'>\n\t\t\t\t<a href='https:\/\/katolicka-gimnazija.hr\/wp-content\/uploads\/2019\/04\/55882236_795236957542921_375334816880525312_n.jpg'><img loading=\"lazy\" decoding=\"async\" width=\"300\" height=\"200\" src=\"https:\/\/katolicka-gimnazija.hr\/wp-content\/uploads\/2019\/04\/55882236_795236957542921_375334816880525312_n-300x200.jpg\" class=\"attachment-medium size-medium\" alt=\"\" srcset=\"https:\/\/katolicka-gimnazija.hr\/wp-content\/uploads\/2019\/04\/55882236_795236957542921_375334816880525312_n-300x200.jpg 300w, https:\/\/katolicka-gimnazija.hr\/wp-content\/uploads\/2019\/04\/55882236_795236957542921_375334816880525312_n-768x512.jpg 768w, https:\/\/katolicka-gimnazija.hr\/wp-content\/uploads\/2019\/04\/55882236_795236957542921_375334816880525312_n-400x267.jpg 400w, https:\/\/katolicka-gimnazija.hr\/wp-content\/uploads\/2019\/04\/55882236_795236957542921_375334816880525312_n.jpg 960w\" sizes=\"auto, (max-width: 300px) 100vw, 300px\" \/><\/a>\n\t\t\t<\/div><\/figure><figure class='gallery-item'>\n\t\t\t<div class='gallery-icon landscape'>\n\t\t\t\t<a href='https:\/\/katolicka-gimnazija.hr\/wp-content\/uploads\/2019\/04\/56174887_795309787535638_3565145442083667968_n-1.jpg'><img loading=\"lazy\" decoding=\"async\" width=\"300\" height=\"200\" src=\"https:\/\/katolicka-gimnazija.hr\/wp-content\/uploads\/2019\/04\/56174887_795309787535638_3565145442083667968_n-1-300x200.jpg\" class=\"attachment-medium size-medium\" alt=\"\" srcset=\"https:\/\/katolicka-gimnazija.hr\/wp-content\/uploads\/2019\/04\/56174887_795309787535638_3565145442083667968_n-1-300x200.jpg 300w, https:\/\/katolicka-gimnazija.hr\/wp-content\/uploads\/2019\/04\/56174887_795309787535638_3565145442083667968_n-1-768x512.jpg 768w, https:\/\/katolicka-gimnazija.hr\/wp-content\/uploads\/2019\/04\/56174887_795309787535638_3565145442083667968_n-1-400x267.jpg 400w, https:\/\/katolicka-gimnazija.hr\/wp-content\/uploads\/2019\/04\/56174887_795309787535638_3565145442083667968_n-1.jpg 960w\" sizes=\"auto, (max-width: 300px) 100vw, 300px\" \/><\/a>\n\t\t\t<\/div><\/figure><figure class='gallery-item'>\n\t\t\t<div class='gallery-icon landscape'>\n\t\t\t\t<a href='https:\/\/katolicka-gimnazija.hr\/wp-content\/uploads\/2019\/04\/56393210_795311394202144_3915750876655910912_n.jpg'><img loading=\"lazy\" decoding=\"async\" width=\"300\" height=\"200\" src=\"https:\/\/katolicka-gimnazija.hr\/wp-content\/uploads\/2019\/04\/56393210_795311394202144_3915750876655910912_n-300x200.jpg\" class=\"attachment-medium size-medium\" alt=\"\" srcset=\"https:\/\/katolicka-gimnazija.hr\/wp-content\/uploads\/2019\/04\/56393210_795311394202144_3915750876655910912_n-300x200.jpg 300w, https:\/\/katolicka-gimnazija.hr\/wp-content\/uploads\/2019\/04\/56393210_795311394202144_3915750876655910912_n-768x512.jpg 768w, https:\/\/katolicka-gimnazija.hr\/wp-content\/uploads\/2019\/04\/56393210_795311394202144_3915750876655910912_n-400x267.jpg 400w, https:\/\/katolicka-gimnazija.hr\/wp-content\/uploads\/2019\/04\/56393210_795311394202144_3915750876655910912_n.jpg 960w\" sizes=\"auto, (max-width: 300px) 100vw, 300px\" \/><\/a>\n\t\t\t<\/div><\/figure><figure class='gallery-item'>\n\t\t\t<div class='gallery-icon landscape'>\n\t\t\t\t<a href='https:\/\/katolicka-gimnazija.hr\/wp-content\/uploads\/2019\/04\/56189801_795310940868856_7068464078322139136_n.jpg'><img loading=\"lazy\" decoding=\"async\" width=\"300\" height=\"86\" src=\"https:\/\/katolicka-gimnazija.hr\/wp-content\/uploads\/2019\/04\/56189801_795310940868856_7068464078322139136_n-300x86.jpg\" class=\"attachment-medium size-medium\" alt=\"\" srcset=\"https:\/\/katolicka-gimnazija.hr\/wp-content\/uploads\/2019\/04\/56189801_795310940868856_7068464078322139136_n-300x86.jpg 300w, https:\/\/katolicka-gimnazija.hr\/wp-content\/uploads\/2019\/04\/56189801_795310940868856_7068464078322139136_n-768x219.jpg 768w, https:\/\/katolicka-gimnazija.hr\/wp-content\/uploads\/2019\/04\/56189801_795310940868856_7068464078322139136_n-400x114.jpg 400w, https:\/\/katolicka-gimnazija.hr\/wp-content\/uploads\/2019\/04\/56189801_795310940868856_7068464078322139136_n.jpg 960w\" sizes=\"auto, (max-width: 300px) 100vw, 300px\" \/><\/a>\n\t\t\t<\/div><\/figure><figure class='gallery-item'>\n\t\t\t<div class='gallery-icon landscape'>\n\t\t\t\t<a href='https:\/\/katolicka-gimnazija.hr\/wp-content\/uploads\/2019\/04\/55686720_795239170876033_6802186190553350144_n.jpg'><img loading=\"lazy\" decoding=\"async\" width=\"300\" height=\"200\" src=\"https:\/\/katolicka-gimnazija.hr\/wp-content\/uploads\/2019\/04\/55686720_795239170876033_6802186190553350144_n-300x200.jpg\" class=\"attachment-medium size-medium\" alt=\"\" srcset=\"https:\/\/katolicka-gimnazija.hr\/wp-content\/uploads\/2019\/04\/55686720_795239170876033_6802186190553350144_n-300x200.jpg 300w, https:\/\/katolicka-gimnazija.hr\/wp-content\/uploads\/2019\/04\/55686720_795239170876033_6802186190553350144_n-768x512.jpg 768w, https:\/\/katolicka-gimnazija.hr\/wp-content\/uploads\/2019\/04\/55686720_795239170876033_6802186190553350144_n-400x267.jpg 400w, https:\/\/katolicka-gimnazija.hr\/wp-content\/uploads\/2019\/04\/55686720_795239170876033_6802186190553350144_n.jpg 960w\" sizes=\"auto, (max-width: 300px) 100vw, 300px\" \/><\/a>\n\t\t\t<\/div><\/figure><figure class='gallery-item'>\n\t\t\t<div class='gallery-icon landscape'>\n\t\t\t\t<a href='https:\/\/katolicka-gimnazija.hr\/wp-content\/uploads\/2019\/04\/56255429_795237634209520_706988326007078912_n.jpg'><img loading=\"lazy\" decoding=\"async\" width=\"300\" height=\"200\" src=\"https:\/\/katolicka-gimnazija.hr\/wp-content\/uploads\/2019\/04\/56255429_795237634209520_706988326007078912_n-300x200.jpg\" class=\"attachment-medium size-medium\" alt=\"\" srcset=\"https:\/\/katolicka-gimnazija.hr\/wp-content\/uploads\/2019\/04\/56255429_795237634209520_706988326007078912_n-300x200.jpg 300w, https:\/\/katolicka-gimnazija.hr\/wp-content\/uploads\/2019\/04\/56255429_795237634209520_706988326007078912_n-768x512.jpg 768w, https:\/\/katolicka-gimnazija.hr\/wp-content\/uploads\/2019\/04\/56255429_795237634209520_706988326007078912_n-400x267.jpg 400w, https:\/\/katolicka-gimnazija.hr\/wp-content\/uploads\/2019\/04\/56255429_795237634209520_706988326007078912_n.jpg 960w\" sizes=\"auto, (max-width: 300px) 100vw, 300px\" \/><\/a>\n\t\t\t<\/div><\/figure><figure class='gallery-item'>\n\t\t\t<div class='gallery-icon landscape'>\n\t\t\t\t<a href='https:\/\/katolicka-gimnazija.hr\/wp-content\/uploads\/2019\/04\/56161356_795301567536460_4854084936002437120_n.jpg'><img loading=\"lazy\" decoding=\"async\" width=\"300\" height=\"200\" src=\"https:\/\/katolicka-gimnazija.hr\/wp-content\/uploads\/2019\/04\/56161356_795301567536460_4854084936002437120_n-300x200.jpg\" class=\"attachment-medium size-medium\" alt=\"\" srcset=\"https:\/\/katolicka-gimnazija.hr\/wp-content\/uploads\/2019\/04\/56161356_795301567536460_4854084936002437120_n-300x200.jpg 300w, https:\/\/katolicka-gimnazija.hr\/wp-content\/uploads\/2019\/04\/56161356_795301567536460_4854084936002437120_n-768x512.jpg 768w, https:\/\/katolicka-gimnazija.hr\/wp-content\/uploads\/2019\/04\/56161356_795301567536460_4854084936002437120_n-400x267.jpg 400w, https:\/\/katolicka-gimnazija.hr\/wp-content\/uploads\/2019\/04\/56161356_795301567536460_4854084936002437120_n.jpg 960w\" sizes=\"auto, (max-width: 300px) 100vw, 300px\" \/><\/a>\n\t\t\t<\/div><\/figure><figure class='gallery-item'>\n\t\t\t<div class='gallery-icon landscape'>\n\t\t\t\t<a href='https:\/\/katolicka-gimnazija.hr\/wp-content\/uploads\/2019\/04\/55861117_795241407542476_8237920511233884160_n.jpg'><img loading=\"lazy\" decoding=\"async\" width=\"300\" height=\"200\" src=\"https:\/\/katolicka-gimnazija.hr\/wp-content\/uploads\/2019\/04\/55861117_795241407542476_8237920511233884160_n-300x200.jpg\" class=\"attachment-medium size-medium\" alt=\"\" srcset=\"https:\/\/katolicka-gimnazija.hr\/wp-content\/uploads\/2019\/04\/55861117_795241407542476_8237920511233884160_n-300x200.jpg 300w, https:\/\/katolicka-gimnazija.hr\/wp-content\/uploads\/2019\/04\/55861117_795241407542476_8237920511233884160_n-768x512.jpg 768w, https:\/\/katolicka-gimnazija.hr\/wp-content\/uploads\/2019\/04\/55861117_795241407542476_8237920511233884160_n-400x267.jpg 400w, https:\/\/katolicka-gimnazija.hr\/wp-content\/uploads\/2019\/04\/55861117_795241407542476_8237920511233884160_n.jpg 960w\" sizes=\"auto, (max-width: 300px) 100vw, 300px\" \/><\/a>\n\t\t\t<\/div><\/figure><figure class='gallery-item'>\n\t\t\t<div class='gallery-icon landscape'>\n\t\t\t\t<a href='https:\/\/katolicka-gimnazija.hr\/wp-content\/uploads\/2019\/04\/55782340_795304250869525_2990079523359293440_n.jpg'><img loading=\"lazy\" decoding=\"async\" width=\"300\" height=\"200\" src=\"https:\/\/katolicka-gimnazija.hr\/wp-content\/uploads\/2019\/04\/55782340_795304250869525_2990079523359293440_n-300x200.jpg\" class=\"attachment-medium size-medium\" alt=\"\" srcset=\"https:\/\/katolicka-gimnazija.hr\/wp-content\/uploads\/2019\/04\/55782340_795304250869525_2990079523359293440_n-300x200.jpg 300w, https:\/\/katolicka-gimnazija.hr\/wp-content\/uploads\/2019\/04\/55782340_795304250869525_2990079523359293440_n-768x512.jpg 768w, https:\/\/katolicka-gimnazija.hr\/wp-content\/uploads\/2019\/04\/55782340_795304250869525_2990079523359293440_n-400x267.jpg 400w, https:\/\/katolicka-gimnazija.hr\/wp-content\/uploads\/2019\/04\/55782340_795304250869525_2990079523359293440_n.jpg 960w\" sizes=\"auto, (max-width: 300px) 100vw, 300px\" \/><\/a>\n\t\t\t<\/div><\/figure><figure class='gallery-item'>\n\t\t\t<div class='gallery-icon landscape'>\n\t\t\t\t<a href='https:\/\/katolicka-gimnazija.hr\/wp-content\/uploads\/2019\/04\/56248128_795302634203020_8212709624437014528_n.jpg'><img loading=\"lazy\" decoding=\"async\" width=\"300\" height=\"200\" src=\"https:\/\/katolicka-gimnazija.hr\/wp-content\/uploads\/2019\/04\/56248128_795302634203020_8212709624437014528_n-300x200.jpg\" class=\"attachment-medium size-medium\" alt=\"\" srcset=\"https:\/\/katolicka-gimnazija.hr\/wp-content\/uploads\/2019\/04\/56248128_795302634203020_8212709624437014528_n-300x200.jpg 300w, https:\/\/katolicka-gimnazija.hr\/wp-content\/uploads\/2019\/04\/56248128_795302634203020_8212709624437014528_n-768x512.jpg 768w, https:\/\/katolicka-gimnazija.hr\/wp-content\/uploads\/2019\/04\/56248128_795302634203020_8212709624437014528_n-400x267.jpg 400w, https:\/\/katolicka-gimnazija.hr\/wp-content\/uploads\/2019\/04\/56248128_795302634203020_8212709624437014528_n.jpg 960w\" sizes=\"auto, (max-width: 300px) 100vw, 300px\" \/><\/a>\n\t\t\t<\/div><\/figure><figure class='gallery-item'>\n\t\t\t<div class='gallery-icon landscape'>\n\t\t\t\t<a href='https:\/\/katolicka-gimnazija.hr\/wp-content\/uploads\/2019\/04\/55467797_795304440869506_307018375580614656_n.jpg'><img loading=\"lazy\" decoding=\"async\" width=\"300\" height=\"200\" src=\"https:\/\/katolicka-gimnazija.hr\/wp-content\/uploads\/2019\/04\/55467797_795304440869506_307018375580614656_n-300x200.jpg\" class=\"attachment-medium size-medium\" alt=\"\" srcset=\"https:\/\/katolicka-gimnazija.hr\/wp-content\/uploads\/2019\/04\/55467797_795304440869506_307018375580614656_n-300x200.jpg 300w, https:\/\/katolicka-gimnazija.hr\/wp-content\/uploads\/2019\/04\/55467797_795304440869506_307018375580614656_n-768x512.jpg 768w, https:\/\/katolicka-gimnazija.hr\/wp-content\/uploads\/2019\/04\/55467797_795304440869506_307018375580614656_n-400x267.jpg 400w, https:\/\/katolicka-gimnazija.hr\/wp-content\/uploads\/2019\/04\/55467797_795304440869506_307018375580614656_n.jpg 960w\" sizes=\"auto, (max-width: 300px) 100vw, 300px\" \/><\/a>\n\t\t\t<\/div><\/figure><figure class='gallery-item'>\n\t\t\t<div class='gallery-icon landscape'>\n\t\t\t\t<a href='https:\/\/katolicka-gimnazija.hr\/wp-content\/uploads\/2019\/04\/55717484_795303964202887_3446904047531982848_n.jpg'><img loading=\"lazy\" decoding=\"async\" width=\"300\" height=\"200\" src=\"https:\/\/katolicka-gimnazija.hr\/wp-content\/uploads\/2019\/04\/55717484_795303964202887_3446904047531982848_n-300x200.jpg\" class=\"attachment-medium size-medium\" alt=\"\" srcset=\"https:\/\/katolicka-gimnazija.hr\/wp-content\/uploads\/2019\/04\/55717484_795303964202887_3446904047531982848_n-300x200.jpg 300w, https:\/\/katolicka-gimnazija.hr\/wp-content\/uploads\/2019\/04\/55717484_795303964202887_3446904047531982848_n-768x512.jpg 768w, https:\/\/katolicka-gimnazija.hr\/wp-content\/uploads\/2019\/04\/55717484_795303964202887_3446904047531982848_n-400x267.jpg 400w, https:\/\/katolicka-gimnazija.hr\/wp-content\/uploads\/2019\/04\/55717484_795303964202887_3446904047531982848_n.jpg 960w\" sizes=\"auto, (max-width: 300px) 100vw, 300px\" \/><\/a>\n\t\t\t<\/div><\/figure><figure class='gallery-item'>\n\t\t\t<div class='gallery-icon landscape'>\n\t\t\t\t<a href='https:\/\/katolicka-gimnazija.hr\/wp-content\/uploads\/2019\/04\/53077630_795309424202341_7937383816828551168_n.jpg'><img loading=\"lazy\" decoding=\"async\" width=\"300\" height=\"200\" src=\"https:\/\/katolicka-gimnazija.hr\/wp-content\/uploads\/2019\/04\/53077630_795309424202341_7937383816828551168_n-300x200.jpg\" class=\"attachment-medium size-medium\" alt=\"\" srcset=\"https:\/\/katolicka-gimnazija.hr\/wp-content\/uploads\/2019\/04\/53077630_795309424202341_7937383816828551168_n-300x200.jpg 300w, https:\/\/katolicka-gimnazija.hr\/wp-content\/uploads\/2019\/04\/53077630_795309424202341_7937383816828551168_n-768x512.jpg 768w, https:\/\/katolicka-gimnazija.hr\/wp-content\/uploads\/2019\/04\/53077630_795309424202341_7937383816828551168_n-400x267.jpg 400w, https:\/\/katolicka-gimnazija.hr\/wp-content\/uploads\/2019\/04\/53077630_795309424202341_7937383816828551168_n.jpg 960w\" sizes=\"auto, (max-width: 300px) 100vw, 300px\" \/><\/a>\n\t\t\t<\/div><\/figure><figure class='gallery-item'>\n\t\t\t<div class='gallery-icon landscape'>\n\t\t\t\t<a href='https:\/\/katolicka-gimnazija.hr\/wp-content\/uploads\/2019\/04\/55882179_795310977535519_3470708508633071616_n.jpg'><img loading=\"lazy\" decoding=\"async\" width=\"300\" height=\"200\" src=\"https:\/\/katolicka-gimnazija.hr\/wp-content\/uploads\/2019\/04\/55882179_795310977535519_3470708508633071616_n-300x200.jpg\" class=\"attachment-medium size-medium\" alt=\"\" srcset=\"https:\/\/katolicka-gimnazija.hr\/wp-content\/uploads\/2019\/04\/55882179_795310977535519_3470708508633071616_n-300x200.jpg 300w, https:\/\/katolicka-gimnazija.hr\/wp-content\/uploads\/2019\/04\/55882179_795310977535519_3470708508633071616_n-768x512.jpg 768w, https:\/\/katolicka-gimnazija.hr\/wp-content\/uploads\/2019\/04\/55882179_795310977535519_3470708508633071616_n-400x267.jpg 400w, https:\/\/katolicka-gimnazija.hr\/wp-content\/uploads\/2019\/04\/55882179_795310977535519_3470708508633071616_n.jpg 960w\" sizes=\"auto, (max-width: 300px) 100vw, 300px\" \/><\/a>\n\t\t\t<\/div><\/figure><figure class='gallery-item'>\n\t\t\t<div class='gallery-icon landscape'>\n\t\t\t\t<a href='https:\/\/katolicka-gimnazija.hr\/wp-content\/uploads\/2019\/04\/55526822_795309547535662_31853788159541248_n.jpg'><img loading=\"lazy\" decoding=\"async\" width=\"300\" height=\"200\" src=\"https:\/\/katolicka-gimnazija.hr\/wp-content\/uploads\/2019\/04\/55526822_795309547535662_31853788159541248_n-300x200.jpg\" class=\"attachment-medium size-medium\" alt=\"\" srcset=\"https:\/\/katolicka-gimnazija.hr\/wp-content\/uploads\/2019\/04\/55526822_795309547535662_31853788159541248_n-300x200.jpg 300w, https:\/\/katolicka-gimnazija.hr\/wp-content\/uploads\/2019\/04\/55526822_795309547535662_31853788159541248_n-768x512.jpg 768w, https:\/\/katolicka-gimnazija.hr\/wp-content\/uploads\/2019\/04\/55526822_795309547535662_31853788159541248_n-400x267.jpg 400w, https:\/\/katolicka-gimnazija.hr\/wp-content\/uploads\/2019\/04\/55526822_795309547535662_31853788159541248_n.jpg 960w\" sizes=\"auto, (max-width: 300px) 100vw, 300px\" \/><\/a>\n\t\t\t<\/div><\/figure><figure class='gallery-item'>\n\t\t\t<div class='gallery-icon landscape'>\n\t\t\t\t<a href='https:\/\/katolicka-gimnazija.hr\/wp-content\/uploads\/2019\/04\/56184396_795305417536075_2044791890485706752_n.jpg'><img loading=\"lazy\" decoding=\"async\" width=\"300\" height=\"200\" src=\"https:\/\/katolicka-gimnazija.hr\/wp-content\/uploads\/2019\/04\/56184396_795305417536075_2044791890485706752_n-300x200.jpg\" class=\"attachment-medium size-medium\" alt=\"\" srcset=\"https:\/\/katolicka-gimnazija.hr\/wp-content\/uploads\/2019\/04\/56184396_795305417536075_2044791890485706752_n-300x200.jpg 300w, https:\/\/katolicka-gimnazija.hr\/wp-content\/uploads\/2019\/04\/56184396_795305417536075_2044791890485706752_n-768x512.jpg 768w, https:\/\/katolicka-gimnazija.hr\/wp-content\/uploads\/2019\/04\/56184396_795305417536075_2044791890485706752_n-400x267.jpg 400w, https:\/\/katolicka-gimnazija.hr\/wp-content\/uploads\/2019\/04\/56184396_795305417536075_2044791890485706752_n.jpg 960w\" sizes=\"auto, (max-width: 300px) 100vw, 300px\" \/><\/a>\n\t\t\t<\/div><\/figure><figure class='gallery-item'>\n\t\t\t<div class='gallery-icon landscape'>\n\t\t\t\t<a href='https:\/\/katolicka-gimnazija.hr\/wp-content\/uploads\/2019\/04\/55704667_795236860876264_1878450800703832064_n.jpg'><img loading=\"lazy\" decoding=\"async\" width=\"300\" height=\"200\" src=\"https:\/\/katolicka-gimnazija.hr\/wp-content\/uploads\/2019\/04\/55704667_795236860876264_1878450800703832064_n-300x200.jpg\" class=\"attachment-medium size-medium\" alt=\"\" srcset=\"https:\/\/katolicka-gimnazija.hr\/wp-content\/uploads\/2019\/04\/55704667_795236860876264_1878450800703832064_n-300x200.jpg 300w, https:\/\/katolicka-gimnazija.hr\/wp-content\/uploads\/2019\/04\/55704667_795236860876264_1878450800703832064_n-768x512.jpg 768w, https:\/\/katolicka-gimnazija.hr\/wp-content\/uploads\/2019\/04\/55704667_795236860876264_1878450800703832064_n-400x267.jpg 400w, https:\/\/katolicka-gimnazija.hr\/wp-content\/uploads\/2019\/04\/55704667_795236860876264_1878450800703832064_n.jpg 960w\" sizes=\"auto, (max-width: 300px) 100vw, 300px\" \/><\/a>\n\t\t\t<\/div><\/figure><figure class='gallery-item'>\n\t\t\t<div class='gallery-icon landscape'>\n\t\t\t\t<a href='https:\/\/katolicka-gimnazija.hr\/wp-content\/uploads\/2019\/04\/55826945_795301094203174_77216193357807616_n.jpg'><img loading=\"lazy\" decoding=\"async\" width=\"300\" height=\"200\" src=\"https:\/\/katolicka-gimnazija.hr\/wp-content\/uploads\/2019\/04\/55826945_795301094203174_77216193357807616_n-300x200.jpg\" class=\"attachment-medium size-medium\" alt=\"\" srcset=\"https:\/\/katolicka-gimnazija.hr\/wp-content\/uploads\/2019\/04\/55826945_795301094203174_77216193357807616_n-300x200.jpg 300w, https:\/\/katolicka-gimnazija.hr\/wp-content\/uploads\/2019\/04\/55826945_795301094203174_77216193357807616_n-768x512.jpg 768w, https:\/\/katolicka-gimnazija.hr\/wp-content\/uploads\/2019\/04\/55826945_795301094203174_77216193357807616_n-400x267.jpg 400w, https:\/\/katolicka-gimnazija.hr\/wp-content\/uploads\/2019\/04\/55826945_795301094203174_77216193357807616_n.jpg 960w\" sizes=\"auto, (max-width: 300px) 100vw, 300px\" \/><\/a>\n\t\t\t<\/div><\/figure>\n\t\t<\/div>\n\n<p>&nbsp;<\/p>\n","protected":false},"excerpt":{"rendered":"<p>\u201eU\u010ditelju, gdje stanuje\u0161?\u201c XXI. kri\u017eni put mladih (KPM) u organizaciji Po\u017ee\u0161ke biskupije odr\u017ean je 30. i 31. o\u017eujka na relaciji Podravska Moslavina \u2013 \u010ca\u010dinci \u2013 Slatina. Na ovogodi\u0161njem kri\u017enom putu mladih, \u010dije je geslo bilo \u201eU\u010ditelju, gdje stanuje\u0161?\u201c, sudjelovalo je vi\u0161e od 1000 mladih. Kao i prethodnih godina, u\u010denici na\u0161e \u0161kole zajedno s vjerou\u010diteljem vl\u010d. [&hellip;]<\/p>\n","protected":false},"author":60,"featured_media":16216,"comment_status":"closed","ping_status":"closed","sticky":false,"template":"","format":"standard","meta":{"footnotes":""},"categories":[207,213,2],"tags":[],"class_list":["post-16171","post","type-post","status-publish","format-standard","has-post-thumbnail","hentry","category-duhovno","category-putovanja","category-vijesti"],"_links":{"self":[{"href":"https:\/\/katolicka-gimnazija.hr\/index.php\/wp-json\/wp\/v2\/posts\/16171","targetHints":{"allow":["GET"]}}],"collection":[{"href":"https:\/\/katolicka-gimnazija.hr\/index.php\/wp-json\/wp\/v2\/posts"}],"about":[{"href":"https:\/\/katolicka-gimnazija.hr\/index.php\/wp-json\/wp\/v2\/types\/post"}],"author":[{"embeddable":true,"href":"https:\/\/katolicka-gimnazija.hr\/index.php\/wp-json\/wp\/v2\/users\/60"}],"replies":[{"embeddable":true,"href":"https:\/\/katolicka-gimnazija.hr\/index.php\/wp-json\/wp\/v2\/comments?post=16171"}],"version-history":[{"count":1,"href":"https:\/\/katolicka-gimnazija.hr\/index.php\/wp-json\/wp\/v2\/posts\/16171\/revisions"}],"predecessor-version":[{"id":16239,"href":"https:\/\/katolicka-gimnazija.hr\/index.php\/wp-json\/wp\/v2\/posts\/16171\/revisions\/16239"}],"wp:featuredmedia":[{"embeddable":true,"href":"https:\/\/katolicka-gimnazija.hr\/index.php\/wp-json\/wp\/v2\/media\/16216"}],"wp:attachment":[{"href":"https:\/\/katolicka-gimnazija.hr\/index.php\/wp-json\/wp\/v2\/media?parent=16171"}],"wp:term":[{"taxonomy":"category","embeddable":true,"href":"https:\/\/katolicka-gimnazija.hr\/index.php\/wp-json\/wp\/v2\/categories?post=16171"},{"taxonomy":"post_tag","embeddable":true,"href":"https:\/\/katolicka-gimnazija.hr\/index.php\/wp-json\/wp\/v2\/tags?post=16171"}],"curies":[{"name":"wp","href":"https:\/\/api.w.org\/{rel}","templated":true}]}}