{"id":16262,"date":"2019-04-05T12:29:48","date_gmt":"2019-04-05T12:29:48","guid":{"rendered":"http:\/\/katolicka-gimnazija.hr\/?p=16262"},"modified":"2019-04-05T14:48:19","modified_gmt":"2019-04-05T14:48:19","slug":"iza-ograde","status":"publish","type":"post","link":"https:\/\/katolicka-gimnazija.hr\/index.php\/2019\/04\/05\/iza-ograde\/","title":{"rendered":"Iza ograde"},"content":{"rendered":"<p><a href=\"http:\/\/katolicka-gimnazija.hr\/wp-content\/uploads\/2019\/04\/Iza-ograde-6.jpg\"><img loading=\"lazy\" decoding=\"async\" class=\"size-medium wp-image-16265 alignright\" src=\"http:\/\/katolicka-gimnazija.hr\/wp-content\/uploads\/2019\/04\/Iza-ograde-6-300x200.jpg\" alt=\"\" width=\"300\" height=\"200\" srcset=\"https:\/\/katolicka-gimnazija.hr\/wp-content\/uploads\/2019\/04\/Iza-ograde-6-300x200.jpg 300w, https:\/\/katolicka-gimnazija.hr\/wp-content\/uploads\/2019\/04\/Iza-ograde-6-768x512.jpg 768w, https:\/\/katolicka-gimnazija.hr\/wp-content\/uploads\/2019\/04\/Iza-ograde-6-1024x683.jpg 1024w, https:\/\/katolicka-gimnazija.hr\/wp-content\/uploads\/2019\/04\/Iza-ograde-6-400x267.jpg 400w\" sizes=\"auto, (max-width: 300px) 100vw, 300px\" \/><\/a>Predstava &#8220;Iza ograde&#8221; u re\u017eiji Jelene Had\u017ei-Manev ponovno je stala na daske Gradskog kazali\u0161ta Po\u017eega i jo\u0161 jednom odu\u0161evila i do suza nasmijala, ovaj puta srednjo\u0161kolsku publiku. Uloge u predstavili igrali su Marijana Matokovi\u0107, Helena Mimi\u0107 Matani\u0107 i Mladen Kova\u010di\u0107, a tekst je napisala Nina Horvat. Nakon premijere 7. o\u017eujka predstava je ponovno odigrana 1. travnja za u\u010denike obiju po\u017ee\u0161kih gimnazija.<\/p>\n<p>Iako je predstava namijenjena ne\u0161to starijem uzrastu, poglavito obiteljskim ljudima koji bi se mogli prepoznati u odre\u0111enim dramskim situacijama koje predstava tematizira, u\u010denici su tako\u0111er u\u017eivali u komi\u010dnim situacijama koje proizlaze ponajprije iz karaktera likova, a onda i njihova govora i &#8220;sukoba&#8221;. Mladima je predstava ponajprije otkrila svakodnevne situacije i probleme s kojima se odrasli susre\u0107u, ali ih i pou\u010dila kako se s tim problemima nositi i rje\u0161avati ih. Tako smo pratili \u017eivotnu sudbinu i <a href=\"http:\/\/katolicka-gimnazija.hr\/wp-content\/uploads\/2019\/04\/Iza-ograde-11.jpg\"><img loading=\"lazy\" decoding=\"async\" class=\"size-medium wp-image-16266 alignright\" src=\"http:\/\/katolicka-gimnazija.hr\/wp-content\/uploads\/2019\/04\/Iza-ograde-11-300x200.jpg\" alt=\"\" width=\"300\" height=\"200\" srcset=\"https:\/\/katolicka-gimnazija.hr\/wp-content\/uploads\/2019\/04\/Iza-ograde-11-300x200.jpg 300w, https:\/\/katolicka-gimnazija.hr\/wp-content\/uploads\/2019\/04\/Iza-ograde-11-768x512.jpg 768w, https:\/\/katolicka-gimnazija.hr\/wp-content\/uploads\/2019\/04\/Iza-ograde-11-1024x683.jpg 1024w, https:\/\/katolicka-gimnazija.hr\/wp-content\/uploads\/2019\/04\/Iza-ograde-11-400x267.jpg 400w\" sizes=\"auto, (max-width: 300px) 100vw, 300px\" \/><\/a>probleme Ivora, nastavnika kemije i biologije koji se vra\u0107a u kvart iz djetinjstva nakon propala braka u kojem ima petogodi\u0161nju djevoj\u010dicu Maju; u istom dvori\u0161tu koji dijeli &#8211; ograda &#8211; upoznajemo i grafi\u010dku dizajnericu dvadesetosmogodi\u0161nju Petru koja se jo\u0161 nije udala i ne zna ho\u0107e li se ikada udati jer joj je de\u010dko (fotograf) vje\u010dno na putu; i na kraju, najkomi\u010dniji lik Morane, majke dvoje djece, \u010diji je \u017eivot stao nakon \u0161to je rodila drugo dijete, a mu\u017e Goran, kako bi ih prehranio, radi cijeli dan pa su im susreti, a tako i ljubavni \u017eivot, usputni, odnosno, nema ga. Pozornica uprizoruje zajedni\u010dko dvori\u0161te koje postaje susretom ovih troje po mnogo\u010demu sli\u010dnih ljudi, a koji si na svojim svakodnevnim popodnevnim kavama postaju vi\u0161e od susjeda. Najkomi\u010dnije situacije jesu one u kojima glumci uprizoruju neke druge likove koji su dodatno karikirani (do gorteske) isticanjem nekih njihovih osobina.<\/p>\n<p><a href=\"http:\/\/katolicka-gimnazija.hr\/wp-content\/uploads\/2019\/04\/Iza-ograde-5.jpg\"><img loading=\"lazy\" decoding=\"async\" class=\"size-medium wp-image-16264 alignright\" src=\"http:\/\/katolicka-gimnazija.hr\/wp-content\/uploads\/2019\/04\/Iza-ograde-5-300x200.jpg\" alt=\"\" width=\"300\" height=\"200\" srcset=\"https:\/\/katolicka-gimnazija.hr\/wp-content\/uploads\/2019\/04\/Iza-ograde-5-300x200.jpg 300w, https:\/\/katolicka-gimnazija.hr\/wp-content\/uploads\/2019\/04\/Iza-ograde-5-768x512.jpg 768w, https:\/\/katolicka-gimnazija.hr\/wp-content\/uploads\/2019\/04\/Iza-ograde-5-1024x683.jpg 1024w, https:\/\/katolicka-gimnazija.hr\/wp-content\/uploads\/2019\/04\/Iza-ograde-5-400x267.jpg 400w\" sizes=\"auto, (max-width: 300px) 100vw, 300px\" \/><\/a>Mogli bismo re\u0107i da nam Jelena Had\u017ei-Manev komedijom &#8220;Iza ograde&#8221; poru\u010duje da se ne trebamo stidjeti onoga tko smo, da moramo vjerovati u sebe i dr\u017eati se svojih ideala te da se ne trebamo obazirati na komentare ili \u010dak osu\u0111ivanje okoline jer na kraju krajeva svatko je odgovoran za vlastiti \u017eivot i vlastitu sre\u0107u u tom svom \u017eivotu.<\/p>\n<p>&nbsp;<\/p>\n","protected":false},"excerpt":{"rendered":"<p>Predstava &#8220;Iza ograde&#8221; u re\u017eiji Jelene Had\u017ei-Manev ponovno je stala na daske Gradskog kazali\u0161ta Po\u017eega i jo\u0161 jednom odu\u0161evila i do suza nasmijala, ovaj puta srednjo\u0161kolsku publiku. Uloge u predstavili igrali su Marijana Matokovi\u0107, Helena Mimi\u0107 Matani\u0107 i Mladen Kova\u010di\u0107, a tekst je napisala Nina Horvat. Nakon premijere 7. o\u017eujka predstava je ponovno odigrana 1. [&hellip;]<\/p>\n","protected":false},"author":69,"featured_media":16267,"comment_status":"closed","ping_status":"closed","sticky":false,"template":"","format":"standard","meta":{"footnotes":""},"categories":[215,2],"tags":[],"class_list":["post-16262","post","type-post","status-publish","format-standard","has-post-thumbnail","hentry","category-kg-direkt","category-vijesti"],"_links":{"self":[{"href":"https:\/\/katolicka-gimnazija.hr\/index.php\/wp-json\/wp\/v2\/posts\/16262","targetHints":{"allow":["GET"]}}],"collection":[{"href":"https:\/\/katolicka-gimnazija.hr\/index.php\/wp-json\/wp\/v2\/posts"}],"about":[{"href":"https:\/\/katolicka-gimnazija.hr\/index.php\/wp-json\/wp\/v2\/types\/post"}],"author":[{"embeddable":true,"href":"https:\/\/katolicka-gimnazija.hr\/index.php\/wp-json\/wp\/v2\/users\/69"}],"replies":[{"embeddable":true,"href":"https:\/\/katolicka-gimnazija.hr\/index.php\/wp-json\/wp\/v2\/comments?post=16262"}],"version-history":[{"count":4,"href":"https:\/\/katolicka-gimnazija.hr\/index.php\/wp-json\/wp\/v2\/posts\/16262\/revisions"}],"predecessor-version":[{"id":16271,"href":"https:\/\/katolicka-gimnazija.hr\/index.php\/wp-json\/wp\/v2\/posts\/16262\/revisions\/16271"}],"wp:featuredmedia":[{"embeddable":true,"href":"https:\/\/katolicka-gimnazija.hr\/index.php\/wp-json\/wp\/v2\/media\/16267"}],"wp:attachment":[{"href":"https:\/\/katolicka-gimnazija.hr\/index.php\/wp-json\/wp\/v2\/media?parent=16262"}],"wp:term":[{"taxonomy":"category","embeddable":true,"href":"https:\/\/katolicka-gimnazija.hr\/index.php\/wp-json\/wp\/v2\/categories?post=16262"},{"taxonomy":"post_tag","embeddable":true,"href":"https:\/\/katolicka-gimnazija.hr\/index.php\/wp-json\/wp\/v2\/tags?post=16262"}],"curies":[{"name":"wp","href":"https:\/\/api.w.org\/{rel}","templated":true}]}}