{"id":16817,"date":"2019-06-06T06:04:42","date_gmt":"2019-06-06T06:04:42","guid":{"rendered":"http:\/\/katolicka-gimnazija.hr\/?p=16817"},"modified":"2019-06-09T06:10:35","modified_gmt":"2019-06-09T06:10:35","slug":"kreativni-i-neovisni-2","status":"publish","type":"post","link":"https:\/\/katolicka-gimnazija.hr\/index.php\/2019\/06\/06\/kreativni-i-neovisni-2\/","title":{"rendered":"Kreativni i neovisni"},"content":{"rendered":"<p>Dana 6. lipnja na\u0161 \u017eupan Alojz Toma\u0161evi\u0107 i ravnatelj Zavoda za javno zdravstvo na\u0161e \u017eupanije Mato Matijevi\u0107 nagradili su najuspje\u0161nije u\u010denike koji su se iz cijele \u017eupanije prijavili za natje\u010daj &#8220;Kreativni i neovisni&#8221;. Cilj ovog natje\u010daja bio je potaknuti mlade u borbi protiv ovisnosti. Zavod za javno zdravstvo Po\u017ee\u0161ko-slavonske \u017eupanije te Po\u017ee\u0161ko- slavonska \u017eupanija raspisali su sedmu godinu zaredom natje\u010daj \u201cKreativni i neovisni\u201d koji je bio namijenjen u\u010denicima osnovnih i srednjih \u0161kola na\u0161e \u017eupanije.<\/p>\n<p>Stru\u010dno povjerenstvo odabralo je najbolje individualne i grupne radove te je nagra\u0111eno ukupno 100 u\u010denika i to poklon bonovima u vrijednosti od 50 do 350 kuna, a \u0161kole \u010diji su u\u010denici osvojili nagrade nagra\u0111ene su iznosom od 500 kuna.<\/p>\n<p>Svim u\u010denicima postavljen je zadatak izrade likovnih radova, plakata, instalacija, fotografije ili jednominutnog filma na temu o ovisnostima te kako re\u0107i ne ovisnostima. Natje\u010daj je bio otvoren od 14. prosinca 2018. do 15. travnja 2019. godine. Na natje\u010daj su se jednominutnim filmom\u00a0 pod nazivom &#8220;Odredi si granice i budi slobodan&#8221; predstavili i na\u0161i u\u010denici Antonio Bebek, Dominik Fogadi\u0107 te Karlo Veleti\u0107. De\u010dki su pod vodstvom prof. Marijana Paveli\u0107a osvojili prvu nagradu u kategoriji filma. Uz njih predstavili su se i u\u010denici na\u0161e sestrinske \u0161kole (KO\u0160) koji su tako\u0111er osvojili zavidne nagrade, a me\u0111u njima najvi\u0161e su se istaknule u\u010denice osmog razreda Ana \u0160ain i Klara Bogadi koje su napravile animirani jednominutni film.<\/p>\n<p>Na po\u010detku dodjele u\u010denicima se obratio \u017eupan te im je zahvalio \u0161to su odvojili svoje slobodno vrijeme i \u0161to su ulo\u017eili svoju kreativnost za ovaj natje\u010daj.\u00a0 Tako\u0111er se i ravnatelj Zavoda Mato Matijevi\u0107 obratio rije\u010dima zahvale i podr\u0161ke da svi u\u010denici nastave sa svojim radom i borbom protiv ovisnosti.<\/p>\n<div id='gallery-1' class='gallery galleryid-16817 gallery-columns-3 gallery-size-medium'><figure class='gallery-item'>\n\t\t\t<div class='gallery-icon landscape'>\n\t\t\t\t<a href='https:\/\/katolicka-gimnazija.hr\/wp-content\/uploads\/2019\/06\/62315199_2528540250498363_785235994415726592_n.jpg'><img loading=\"lazy\" decoding=\"async\" width=\"300\" height=\"200\" src=\"https:\/\/katolicka-gimnazija.hr\/wp-content\/uploads\/2019\/06\/62315199_2528540250498363_785235994415726592_n-300x200.jpg\" class=\"attachment-medium size-medium\" alt=\"\" srcset=\"https:\/\/katolicka-gimnazija.hr\/wp-content\/uploads\/2019\/06\/62315199_2528540250498363_785235994415726592_n-300x200.jpg 300w, https:\/\/katolicka-gimnazija.hr\/wp-content\/uploads\/2019\/06\/62315199_2528540250498363_785235994415726592_n-768x512.jpg 768w, https:\/\/katolicka-gimnazija.hr\/wp-content\/uploads\/2019\/06\/62315199_2528540250498363_785235994415726592_n-400x267.jpg 400w, https:\/\/katolicka-gimnazija.hr\/wp-content\/uploads\/2019\/06\/62315199_2528540250498363_785235994415726592_n.jpg 960w\" sizes=\"auto, (max-width: 300px) 100vw, 300px\" \/><\/a>\n\t\t\t<\/div><\/figure><figure class='gallery-item'>\n\t\t\t<div class='gallery-icon landscape'>\n\t\t\t\t<a href='https:\/\/katolicka-gimnazija.hr\/wp-content\/uploads\/2019\/06\/61827851_2528538570498531_2605259327040126976_n.jpg'><img loading=\"lazy\" decoding=\"async\" width=\"300\" height=\"200\" src=\"https:\/\/katolicka-gimnazija.hr\/wp-content\/uploads\/2019\/06\/61827851_2528538570498531_2605259327040126976_n-300x200.jpg\" class=\"attachment-medium size-medium\" alt=\"\" srcset=\"https:\/\/katolicka-gimnazija.hr\/wp-content\/uploads\/2019\/06\/61827851_2528538570498531_2605259327040126976_n-300x200.jpg 300w, https:\/\/katolicka-gimnazija.hr\/wp-content\/uploads\/2019\/06\/61827851_2528538570498531_2605259327040126976_n-768x512.jpg 768w, https:\/\/katolicka-gimnazija.hr\/wp-content\/uploads\/2019\/06\/61827851_2528538570498531_2605259327040126976_n-400x267.jpg 400w, https:\/\/katolicka-gimnazija.hr\/wp-content\/uploads\/2019\/06\/61827851_2528538570498531_2605259327040126976_n.jpg 960w\" sizes=\"auto, (max-width: 300px) 100vw, 300px\" \/><\/a>\n\t\t\t<\/div><\/figure><figure class='gallery-item'>\n\t\t\t<div class='gallery-icon landscape'>\n\t\t\t\t<a href='https:\/\/katolicka-gimnazija.hr\/wp-content\/uploads\/2019\/06\/61936266_2528539680498420_6998023608190631936_n.jpg'><img loading=\"lazy\" decoding=\"async\" width=\"300\" height=\"200\" src=\"https:\/\/katolicka-gimnazija.hr\/wp-content\/uploads\/2019\/06\/61936266_2528539680498420_6998023608190631936_n-300x200.jpg\" class=\"attachment-medium size-medium\" alt=\"\" srcset=\"https:\/\/katolicka-gimnazija.hr\/wp-content\/uploads\/2019\/06\/61936266_2528539680498420_6998023608190631936_n-300x200.jpg 300w, https:\/\/katolicka-gimnazija.hr\/wp-content\/uploads\/2019\/06\/61936266_2528539680498420_6998023608190631936_n-768x512.jpg 768w, https:\/\/katolicka-gimnazija.hr\/wp-content\/uploads\/2019\/06\/61936266_2528539680498420_6998023608190631936_n-400x267.jpg 400w, https:\/\/katolicka-gimnazija.hr\/wp-content\/uploads\/2019\/06\/61936266_2528539680498420_6998023608190631936_n.jpg 960w\" sizes=\"auto, (max-width: 300px) 100vw, 300px\" \/><\/a>\n\t\t\t<\/div><\/figure><figure class='gallery-item'>\n\t\t\t<div class='gallery-icon landscape'>\n\t\t\t\t<a href='https:\/\/katolicka-gimnazija.hr\/wp-content\/uploads\/2019\/06\/61972191_2528538317165223_3837642292173209600_n.jpg'><img loading=\"lazy\" decoding=\"async\" width=\"300\" height=\"200\" src=\"https:\/\/katolicka-gimnazija.hr\/wp-content\/uploads\/2019\/06\/61972191_2528538317165223_3837642292173209600_n-300x200.jpg\" class=\"attachment-medium size-medium\" alt=\"\" srcset=\"https:\/\/katolicka-gimnazija.hr\/wp-content\/uploads\/2019\/06\/61972191_2528538317165223_3837642292173209600_n-300x200.jpg 300w, https:\/\/katolicka-gimnazija.hr\/wp-content\/uploads\/2019\/06\/61972191_2528538317165223_3837642292173209600_n-768x512.jpg 768w, https:\/\/katolicka-gimnazija.hr\/wp-content\/uploads\/2019\/06\/61972191_2528538317165223_3837642292173209600_n-400x267.jpg 400w, https:\/\/katolicka-gimnazija.hr\/wp-content\/uploads\/2019\/06\/61972191_2528538317165223_3837642292173209600_n.jpg 960w\" sizes=\"auto, (max-width: 300px) 100vw, 300px\" \/><\/a>\n\t\t\t<\/div><\/figure><figure class='gallery-item'>\n\t\t\t<div class='gallery-icon landscape'>\n\t\t\t\t<a href='https:\/\/katolicka-gimnazija.hr\/wp-content\/uploads\/2019\/06\/62448400_2528539683831753_8788492313073549312_n.jpg'><img loading=\"lazy\" decoding=\"async\" width=\"300\" height=\"200\" src=\"https:\/\/katolicka-gimnazija.hr\/wp-content\/uploads\/2019\/06\/62448400_2528539683831753_8788492313073549312_n-300x200.jpg\" class=\"attachment-medium size-medium\" alt=\"\" srcset=\"https:\/\/katolicka-gimnazija.hr\/wp-content\/uploads\/2019\/06\/62448400_2528539683831753_8788492313073549312_n-300x200.jpg 300w, https:\/\/katolicka-gimnazija.hr\/wp-content\/uploads\/2019\/06\/62448400_2528539683831753_8788492313073549312_n-768x512.jpg 768w, https:\/\/katolicka-gimnazija.hr\/wp-content\/uploads\/2019\/06\/62448400_2528539683831753_8788492313073549312_n-400x267.jpg 400w, https:\/\/katolicka-gimnazija.hr\/wp-content\/uploads\/2019\/06\/62448400_2528539683831753_8788492313073549312_n.jpg 960w\" sizes=\"auto, (max-width: 300px) 100vw, 300px\" \/><\/a>\n\t\t\t<\/div><\/figure><figure class='gallery-item'>\n\t\t\t<div class='gallery-icon landscape'>\n\t\t\t\t<a href='https:\/\/katolicka-gimnazija.hr\/wp-content\/uploads\/2019\/06\/62189309_2528538060498582_1972875785555410944_n.jpg'><img loading=\"lazy\" decoding=\"async\" width=\"300\" height=\"200\" src=\"https:\/\/katolicka-gimnazija.hr\/wp-content\/uploads\/2019\/06\/62189309_2528538060498582_1972875785555410944_n-300x200.jpg\" class=\"attachment-medium size-medium\" alt=\"\" srcset=\"https:\/\/katolicka-gimnazija.hr\/wp-content\/uploads\/2019\/06\/62189309_2528538060498582_1972875785555410944_n-300x200.jpg 300w, https:\/\/katolicka-gimnazija.hr\/wp-content\/uploads\/2019\/06\/62189309_2528538060498582_1972875785555410944_n-768x512.jpg 768w, https:\/\/katolicka-gimnazija.hr\/wp-content\/uploads\/2019\/06\/62189309_2528538060498582_1972875785555410944_n-400x267.jpg 400w, https:\/\/katolicka-gimnazija.hr\/wp-content\/uploads\/2019\/06\/62189309_2528538060498582_1972875785555410944_n.jpg 960w\" sizes=\"auto, (max-width: 300px) 100vw, 300px\" \/><\/a>\n\t\t\t<\/div><\/figure><figure class='gallery-item'>\n\t\t\t<div class='gallery-icon landscape'>\n\t\t\t\t<a href='https:\/\/katolicka-gimnazija.hr\/wp-content\/uploads\/2019\/06\/62140786_2528539003831821_2701451115408392192_n.jpg'><img loading=\"lazy\" decoding=\"async\" width=\"300\" height=\"200\" src=\"https:\/\/katolicka-gimnazija.hr\/wp-content\/uploads\/2019\/06\/62140786_2528539003831821_2701451115408392192_n-300x200.jpg\" class=\"attachment-medium size-medium\" alt=\"\" srcset=\"https:\/\/katolicka-gimnazija.hr\/wp-content\/uploads\/2019\/06\/62140786_2528539003831821_2701451115408392192_n-300x200.jpg 300w, https:\/\/katolicka-gimnazija.hr\/wp-content\/uploads\/2019\/06\/62140786_2528539003831821_2701451115408392192_n-768x512.jpg 768w, https:\/\/katolicka-gimnazija.hr\/wp-content\/uploads\/2019\/06\/62140786_2528539003831821_2701451115408392192_n-400x267.jpg 400w, https:\/\/katolicka-gimnazija.hr\/wp-content\/uploads\/2019\/06\/62140786_2528539003831821_2701451115408392192_n.jpg 960w\" sizes=\"auto, (max-width: 300px) 100vw, 300px\" \/><\/a>\n\t\t\t<\/div><\/figure><figure class='gallery-item'>\n\t\t\t<div class='gallery-icon landscape'>\n\t\t\t\t<a href='https:\/\/katolicka-gimnazija.hr\/wp-content\/uploads\/2019\/06\/62227275_2528538053831916_8137227455405490176_n.jpg'><img loading=\"lazy\" decoding=\"async\" width=\"300\" height=\"200\" src=\"https:\/\/katolicka-gimnazija.hr\/wp-content\/uploads\/2019\/06\/62227275_2528538053831916_8137227455405490176_n-300x200.jpg\" class=\"attachment-medium size-medium\" alt=\"\" srcset=\"https:\/\/katolicka-gimnazija.hr\/wp-content\/uploads\/2019\/06\/62227275_2528538053831916_8137227455405490176_n-300x200.jpg 300w, https:\/\/katolicka-gimnazija.hr\/wp-content\/uploads\/2019\/06\/62227275_2528538053831916_8137227455405490176_n-768x512.jpg 768w, https:\/\/katolicka-gimnazija.hr\/wp-content\/uploads\/2019\/06\/62227275_2528538053831916_8137227455405490176_n-400x267.jpg 400w, https:\/\/katolicka-gimnazija.hr\/wp-content\/uploads\/2019\/06\/62227275_2528538053831916_8137227455405490176_n.jpg 960w\" sizes=\"auto, (max-width: 300px) 100vw, 300px\" \/><\/a>\n\t\t\t<\/div><\/figure><figure class='gallery-item'>\n\t\t\t<div class='gallery-icon landscape'>\n\t\t\t\t<a href='https:\/\/katolicka-gimnazija.hr\/wp-content\/uploads\/2019\/06\/61834003_2528538040498584_3510656197021663232_n.jpg'><img loading=\"lazy\" decoding=\"async\" width=\"300\" height=\"200\" src=\"https:\/\/katolicka-gimnazija.hr\/wp-content\/uploads\/2019\/06\/61834003_2528538040498584_3510656197021663232_n-300x200.jpg\" class=\"attachment-medium size-medium\" alt=\"\" srcset=\"https:\/\/katolicka-gimnazija.hr\/wp-content\/uploads\/2019\/06\/61834003_2528538040498584_3510656197021663232_n-300x200.jpg 300w, https:\/\/katolicka-gimnazija.hr\/wp-content\/uploads\/2019\/06\/61834003_2528538040498584_3510656197021663232_n-768x512.jpg 768w, https:\/\/katolicka-gimnazija.hr\/wp-content\/uploads\/2019\/06\/61834003_2528538040498584_3510656197021663232_n-400x267.jpg 400w, https:\/\/katolicka-gimnazija.hr\/wp-content\/uploads\/2019\/06\/61834003_2528538040498584_3510656197021663232_n.jpg 960w\" sizes=\"auto, (max-width: 300px) 100vw, 300px\" \/><\/a>\n\t\t\t<\/div><\/figure>\n\t\t<\/div>\n\n","protected":false},"excerpt":{"rendered":"<p>Dana 6. lipnja na\u0161 \u017eupan Alojz Toma\u0161evi\u0107 i ravnatelj Zavoda za javno zdravstvo na\u0161e \u017eupanije Mato Matijevi\u0107 nagradili su najuspje\u0161nije u\u010denike koji su se iz cijele \u017eupanije prijavili za natje\u010daj &#8220;Kreativni i neovisni&#8221;. Cilj ovog natje\u010daja bio je potaknuti mlade u borbi protiv ovisnosti. Zavod za javno zdravstvo Po\u017ee\u0161ko-slavonske \u017eupanije te Po\u017ee\u0161ko- slavonska \u017eupanija raspisali [&hellip;]<\/p>\n","protected":false},"author":65,"featured_media":16819,"comment_status":"closed","ping_status":"closed","sticky":false,"template":"","format":"standard","meta":{"footnotes":""},"categories":[209,214,2],"tags":[],"class_list":["post-16817","post","type-post","status-publish","format-standard","has-post-thumbnail","hentry","category-natjecanja","category-natjecanja-2","category-vijesti"],"_links":{"self":[{"href":"https:\/\/katolicka-gimnazija.hr\/index.php\/wp-json\/wp\/v2\/posts\/16817","targetHints":{"allow":["GET"]}}],"collection":[{"href":"https:\/\/katolicka-gimnazija.hr\/index.php\/wp-json\/wp\/v2\/posts"}],"about":[{"href":"https:\/\/katolicka-gimnazija.hr\/index.php\/wp-json\/wp\/v2\/types\/post"}],"author":[{"embeddable":true,"href":"https:\/\/katolicka-gimnazija.hr\/index.php\/wp-json\/wp\/v2\/users\/65"}],"replies":[{"embeddable":true,"href":"https:\/\/katolicka-gimnazija.hr\/index.php\/wp-json\/wp\/v2\/comments?post=16817"}],"version-history":[{"count":2,"href":"https:\/\/katolicka-gimnazija.hr\/index.php\/wp-json\/wp\/v2\/posts\/16817\/revisions"}],"predecessor-version":[{"id":16828,"href":"https:\/\/katolicka-gimnazija.hr\/index.php\/wp-json\/wp\/v2\/posts\/16817\/revisions\/16828"}],"wp:featuredmedia":[{"embeddable":true,"href":"https:\/\/katolicka-gimnazija.hr\/index.php\/wp-json\/wp\/v2\/media\/16819"}],"wp:attachment":[{"href":"https:\/\/katolicka-gimnazija.hr\/index.php\/wp-json\/wp\/v2\/media?parent=16817"}],"wp:term":[{"taxonomy":"category","embeddable":true,"href":"https:\/\/katolicka-gimnazija.hr\/index.php\/wp-json\/wp\/v2\/categories?post=16817"},{"taxonomy":"post_tag","embeddable":true,"href":"https:\/\/katolicka-gimnazija.hr\/index.php\/wp-json\/wp\/v2\/tags?post=16817"}],"curies":[{"name":"wp","href":"https:\/\/api.w.org\/{rel}","templated":true}]}}