{"id":16872,"date":"2019-06-14T13:41:54","date_gmt":"2019-06-14T13:41:54","guid":{"rendered":"http:\/\/katolicka-gimnazija.hr\/?p=16872"},"modified":"2019-06-14T13:41:54","modified_gmt":"2019-06-14T13:41:54","slug":"promjena-u-radu-i-organizaciji-tijekom-ljetnog-odmora-ucenika-2","status":"publish","type":"post","link":"https:\/\/katolicka-gimnazija.hr\/index.php\/2019\/06\/14\/promjena-u-radu-i-organizaciji-tijekom-ljetnog-odmora-ucenika-2\/","title":{"rendered":"Promjena u radu i organizaciji tijekom ljetnog odmora u\u010denika"},"content":{"rendered":"<p><strong>Ljetni odmor u\u010denika za \u0161kolsku godinu 2018.\/2019. po\u010dinje 17. lipnja 2019. godine.<\/strong><\/p>\n<p>Najavljujemo roditeljima u\u010denika i u\u010denicima promjene u radu i organizaciji zaposlenih u \u0161kolskoj slu\u017ebi koji \u0107e zbog ljetnog odmora u\u010denika i godi\u0161njeg odmora radnika promijeniti radno vrijeme s gra\u0111anima (strankama).<\/p>\n<p>Raspored radnog vremena tajnice tijekom ljetnog odmora u\u010denika:<\/p>\n<ul>\n<li>od 17.6.2019. do 1.7.2019. godine od 8 do 14 sati,<\/li>\n<li>od 5.7.2019. do 8.7.2019. godine od 8 do 14 sati,<\/li>\n<li>od 9.7.2019. do 19.7.2019. godine od 8 do 12 sati,<\/li>\n<li>od 19.8.2019. do 21.8.2019. godine od 8 do 14 sati,<\/li>\n<li>od 26.8.2019. do 30.8.2019. godine od 8 do 14 sati.<\/li>\n<\/ul>\n<p>O rasporedu radnog vremena ostalih zaposlenih u \u0161kolskoj slu\u017ebi mo\u017ee se informirati kod tajnice, putem telefona broj 034\/312-090 ili adrese e-po\u0161te tajnistvo@katolicka-gimnazija.hr u radno vrijeme tajnice.<\/p>\n<p>Nastavna godina za \u0161kolsku godinu 2019.\/2020. po\u010dinje 9. rujna 2019. godine prema rasporedu sati koji \u0107e naknadno biti objavljen.<\/p>\n<p>Zaposleni u \u0161kolskoj slu\u017ebi radit \u0107e prema redovitom radnom vremenu od 2. rujna 2019. godine.<\/p>\n","protected":false},"excerpt":{"rendered":"<p>Ljetni odmor u\u010denika za \u0161kolsku godinu 2018.\/2019. po\u010dinje 17. lipnja 2019. godine. Najavljujemo roditeljima u\u010denika i u\u010denicima promjene u radu i organizaciji zaposlenih u \u0161kolskoj slu\u017ebi koji \u0107e zbog ljetnog odmora u\u010denika i godi\u0161njeg odmora radnika promijeniti radno vrijeme s gra\u0111anima (strankama). Raspored radnog vremena tajnice tijekom ljetnog odmora u\u010denika: od 17.6.2019. do 1.7.2019. godine [&hellip;]<\/p>\n","protected":false},"author":2,"featured_media":10343,"comment_status":"closed","ping_status":"closed","sticky":false,"template":"","format":"standard","meta":{"footnotes":""},"categories":[3],"tags":[],"class_list":["post-16872","post","type-post","status-publish","format-standard","has-post-thumbnail","hentry","category-obavijesti"],"_links":{"self":[{"href":"https:\/\/katolicka-gimnazija.hr\/index.php\/wp-json\/wp\/v2\/posts\/16872","targetHints":{"allow":["GET"]}}],"collection":[{"href":"https:\/\/katolicka-gimnazija.hr\/index.php\/wp-json\/wp\/v2\/posts"}],"about":[{"href":"https:\/\/katolicka-gimnazija.hr\/index.php\/wp-json\/wp\/v2\/types\/post"}],"author":[{"embeddable":true,"href":"https:\/\/katolicka-gimnazija.hr\/index.php\/wp-json\/wp\/v2\/users\/2"}],"replies":[{"embeddable":true,"href":"https:\/\/katolicka-gimnazija.hr\/index.php\/wp-json\/wp\/v2\/comments?post=16872"}],"version-history":[{"count":1,"href":"https:\/\/katolicka-gimnazija.hr\/index.php\/wp-json\/wp\/v2\/posts\/16872\/revisions"}],"predecessor-version":[{"id":16873,"href":"https:\/\/katolicka-gimnazija.hr\/index.php\/wp-json\/wp\/v2\/posts\/16872\/revisions\/16873"}],"wp:featuredmedia":[{"embeddable":true,"href":"https:\/\/katolicka-gimnazija.hr\/index.php\/wp-json\/wp\/v2\/media\/10343"}],"wp:attachment":[{"href":"https:\/\/katolicka-gimnazija.hr\/index.php\/wp-json\/wp\/v2\/media?parent=16872"}],"wp:term":[{"taxonomy":"category","embeddable":true,"href":"https:\/\/katolicka-gimnazija.hr\/index.php\/wp-json\/wp\/v2\/categories?post=16872"},{"taxonomy":"post_tag","embeddable":true,"href":"https:\/\/katolicka-gimnazija.hr\/index.php\/wp-json\/wp\/v2\/tags?post=16872"}],"curies":[{"name":"wp","href":"https:\/\/api.w.org\/{rel}","templated":true}]}}