{"id":16906,"date":"2019-06-14T07:52:50","date_gmt":"2019-06-14T07:52:50","guid":{"rendered":"http:\/\/katolicka-gimnazija.hr\/?p=16906"},"modified":"2019-06-18T07:59:41","modified_gmt":"2019-06-18T07:59:41","slug":"ovajputglasam","status":"publish","type":"post","link":"https:\/\/katolicka-gimnazija.hr\/index.php\/2019\/06\/14\/ovajputglasam\/","title":{"rendered":"#ovajputglasam"},"content":{"rendered":"<p>Parlamentarni izbori u Hrvatskoj odr\u017eavaju se svake 4 godine. Cilj parlamentarnih izbora je izabrati zastupnike u Hrvatski sabor. Zbog \u017eelje za pove\u0107anjem izlaznosti na parlamentarne izbore, program Europske zajednice Euroscole izdao je natje\u010daj pod nazivom #ovajputglasam koji se odr\u017eao izme\u0111u 25. travnja i 27. svibnja i uklju\u010dio je u\u010denike iz cijele Hrvatske. Natje\u010daj je namijenjen srednjo\u0161kolcima u dobi od 16 do 19 godina, a cilj je bio konkretno posvijestiti mladima i preko njih drugim gra\u0111anima va\u017enost sudjelovanja u parlamentarnim izborima.<\/p>\n<p><a href=\"http:\/\/katolicka-gimnazija.hr\/wp-content\/uploads\/2019\/06\/00-web_.png\"><img loading=\"lazy\" decoding=\"async\" class=\"size-medium wp-image-16907 alignright\" src=\"http:\/\/katolicka-gimnazija.hr\/wp-content\/uploads\/2019\/06\/00-web_-300x200.png\" alt=\"\" width=\"300\" height=\"200\" srcset=\"https:\/\/katolicka-gimnazija.hr\/wp-content\/uploads\/2019\/06\/00-web_-300x200.png 300w, https:\/\/katolicka-gimnazija.hr\/wp-content\/uploads\/2019\/06\/00-web_-768x512.png 768w, https:\/\/katolicka-gimnazija.hr\/wp-content\/uploads\/2019\/06\/00-web_-1024x682.png 1024w, https:\/\/katolicka-gimnazija.hr\/wp-content\/uploads\/2019\/06\/00-web_-400x267.png 400w, https:\/\/katolicka-gimnazija.hr\/wp-content\/uploads\/2019\/06\/00-web_.png 1601w\" sizes=\"auto, (max-width: 300px) 100vw, 300px\" \/><\/a>Na natje\u010daj se prijavila i na\u0161a \u0161kola. Budu\u0107i da smo ve\u0107 sudjelovali u nekim natjecanjima u organizaciji Euroscole, prof. Marijana \u0106orluka, jedna od dvoje mentora, budno je pratila sve novosti i natje\u010daje koji su se objavljivali na web stranici Euroscole. Kako je u prethodnim natjecanjima bilo potrebno snimiti promotivni jednominutni film, mentori, prof. Marijana \u0106orluka i prof. Marijan Paveli\u0107, jo\u0161 pro\u0161le godine odlu\u010dili su pokrenuti suradnju izme\u0111u dramske dru\u017eine na\u0161e \u0161kole i TV sekcije Nautes. Ista se suradnja nastavila i s ovim posljednjim natje\u010dajem.<\/p>\n<p>Uvjeti za prijavu su prije svega dobno ograni\u010deni, izme\u0111u 16 i 19 godina, ali zbog datuma putovanja, morali su isklju\u010diti maturante. Natje\u010daj je nadalje zahtijevao da svaki od prijavljenih u\u010denika objavi na osobnim profilima na dru\u0161tvenim mre\u017eama poveznice za prijavu u sustav #ovajputglasam. Broj sudionika tako\u0111er je ograni\u010den na 24 u\u010denika i dva mentora.<\/p>\n<p>Natje\u010daj se sastoji od dva dijela. Prvi dio natjecanja odnosio se na promociju parlamentarnih izbora putem kreativnih video radova i komunikacijom preko dru\u0161tvenih mre\u017ea. Svojevrsna nagrada je zapravo drugi dio natjecanja, a to je sudjelovanje u simulaciji rada europskih zastupnika u Europskom parlamentu u Strasbourgu 7. studenoga 2019. godine.<\/p>\n<p><em><a href=\"http:\/\/katolicka-gimnazija.hr\/wp-content\/uploads\/2019\/06\/20160521_ep-036529b_mch_139.jpg\"><img loading=\"lazy\" decoding=\"async\" class=\"size-medium wp-image-16908 alignright\" src=\"http:\/\/katolicka-gimnazija.hr\/wp-content\/uploads\/2019\/06\/20160521_ep-036529b_mch_139-300x200.jpg\" alt=\"\" width=\"300\" height=\"200\" \/><\/a>\u201eTo zna\u010di da \u0107e se na\u0161i u\u010denici jo\u0161 morati itekako pripremiti za taj put. U simulaciji \u0107e sudjelovati predstavnici svih \u010dlanica Europske unije tako da \u0107e to biti jedinstveno iskustvo za na\u0161e u\u010denike. Imat \u0107e priliku upoznati druge kulture, jezike, na\u010din razmi\u0161ljanja, izraziti vlastita stajali\u0161ta pred drugima. Iz prve \u0107e ruke do\u017eivjeti na koji na\u010din djeluje parlament, a sigurno \u0107e ih obogatiti i turisti\u010dki obilazak Strasbourga, Francuske i drugih usputnih mjesta.\u201c <\/em>\u2013 rekao je prof. Paveli\u0107.<\/p>\n<p>Sudionicima natje\u010daja \u010destitamo na sudjelovanju i pobjedi te \u017eelimo sretan put u Strasbourg idu\u0107e \u0161kolske godine.<\/p>\n","protected":false},"excerpt":{"rendered":"<p>Parlamentarni izbori u Hrvatskoj odr\u017eavaju se svake 4 godine. Cilj parlamentarnih izbora je izabrati zastupnike u Hrvatski sabor. Zbog \u017eelje za pove\u0107anjem izlaznosti na parlamentarne izbore, program Europske zajednice Euroscole izdao je natje\u010daj pod nazivom #ovajputglasam koji se odr\u017eao izme\u0111u 25. travnja i 27. svibnja i uklju\u010dio je u\u010denike iz cijele Hrvatske. Natje\u010daj je namijenjen [&hellip;]<\/p>\n","protected":false},"author":60,"featured_media":16909,"comment_status":"closed","ping_status":"closed","sticky":false,"template":"","format":"standard","meta":{"footnotes":""},"categories":[209,214,2],"tags":[],"class_list":["post-16906","post","type-post","status-publish","format-standard","has-post-thumbnail","hentry","category-natjecanja","category-natjecanja-2","category-vijesti"],"_links":{"self":[{"href":"https:\/\/katolicka-gimnazija.hr\/index.php\/wp-json\/wp\/v2\/posts\/16906","targetHints":{"allow":["GET"]}}],"collection":[{"href":"https:\/\/katolicka-gimnazija.hr\/index.php\/wp-json\/wp\/v2\/posts"}],"about":[{"href":"https:\/\/katolicka-gimnazija.hr\/index.php\/wp-json\/wp\/v2\/types\/post"}],"author":[{"embeddable":true,"href":"https:\/\/katolicka-gimnazija.hr\/index.php\/wp-json\/wp\/v2\/users\/60"}],"replies":[{"embeddable":true,"href":"https:\/\/katolicka-gimnazija.hr\/index.php\/wp-json\/wp\/v2\/comments?post=16906"}],"version-history":[{"count":1,"href":"https:\/\/katolicka-gimnazija.hr\/index.php\/wp-json\/wp\/v2\/posts\/16906\/revisions"}],"predecessor-version":[{"id":16910,"href":"https:\/\/katolicka-gimnazija.hr\/index.php\/wp-json\/wp\/v2\/posts\/16906\/revisions\/16910"}],"wp:featuredmedia":[{"embeddable":true,"href":"https:\/\/katolicka-gimnazija.hr\/index.php\/wp-json\/wp\/v2\/media\/16909"}],"wp:attachment":[{"href":"https:\/\/katolicka-gimnazija.hr\/index.php\/wp-json\/wp\/v2\/media?parent=16906"}],"wp:term":[{"taxonomy":"category","embeddable":true,"href":"https:\/\/katolicka-gimnazija.hr\/index.php\/wp-json\/wp\/v2\/categories?post=16906"},{"taxonomy":"post_tag","embeddable":true,"href":"https:\/\/katolicka-gimnazija.hr\/index.php\/wp-json\/wp\/v2\/tags?post=16906"}],"curies":[{"name":"wp","href":"https:\/\/api.w.org\/{rel}","templated":true}]}}