{"id":16920,"date":"2019-06-17T11:14:00","date_gmt":"2019-06-17T11:14:00","guid":{"rendered":"http:\/\/katolicka-gimnazija.hr\/?p=16920"},"modified":"2019-06-18T11:20:01","modified_gmt":"2019-06-18T11:20:01","slug":"i-ove-godine-najrazred-1-b","status":"publish","type":"post","link":"https:\/\/katolicka-gimnazija.hr\/index.php\/2019\/06\/17\/i-ove-godine-najrazred-1-b\/","title":{"rendered":"I ove godine najrazred 1.b"},"content":{"rendered":"<p>Tijekom svake \u0161kolske godine u Katoli\u010dkoj gimnaziji s pravom javnosti u Po\u017eegi odr\u017eavaju se me\u0111urazredna natjecanja te je tako bilo i ove godine. Bodvale su se razli\u010dite aktivnosti kao \u0161to su sudjelovanje u humanitarnim akcijama, kvizovima, raznim natjecanjima,\u2026<\/p>\n<p><a href=\"http:\/\/katolicka-gimnazija.hr\/wp-content\/uploads\/2019\/06\/11.jpg\"><img loading=\"lazy\" decoding=\"async\" class=\"size-medium wp-image-16925 alignright\" src=\"http:\/\/katolicka-gimnazija.hr\/wp-content\/uploads\/2019\/06\/11-300x225.jpg\" alt=\"\" width=\"300\" height=\"225\" srcset=\"https:\/\/katolicka-gimnazija.hr\/wp-content\/uploads\/2019\/06\/11-300x225.jpg 300w, https:\/\/katolicka-gimnazija.hr\/wp-content\/uploads\/2019\/06\/11-400x300.jpg 400w, https:\/\/katolicka-gimnazija.hr\/wp-content\/uploads\/2019\/06\/11.jpg 688w\" sizes=\"auto, (max-width: 300px) 100vw, 300px\" \/><\/a>Ove \u0161kolske 2018.\/2019. godine pobjednik me\u0111urazrednog natjecanja bio je 1.b na \u010delu s razrednicom Sanjom Pr\u0161om. Nagrada za ostvarene rezultate bio je jednodnevni izlet za koji su u\u010denici 1.b odabrali Slavonski Brod.<\/p>\n<p>Polazak je bio u jutarnjim satima. Prvo odredi\u0161te bio je posjet Klasi\u010dnoj gimnaziji fra Marijana Lanosovi\u0107a gdje su nas djelatnici upoznali sa svojom \u0161kolom. Nakon obilaska \u0161kole zaputili smo se prema centru grada gdje nas je Bro\u0111anka, na\u0161a profesorica Ivana Drmi\u0107 upoznala s kulturnim i povijesnim znamenitostima grada. Za drugi dio izleta energiju smo potra\u017eili u omiljenom McDonaldsu. Poslije ru\u010dka opustili smo se u Cinestaru dok je najuzbudljiviji dio bio odlazak u \u201ePaintball Klub Bunker \u2013 Slavonski Brod\u201c gdje smo pokazali svoje vje\u0161tine pucanja, ali i slo\u017enosti u timu.<br \/>\nIzletom smo sigurno stekli nova iskustva, ali i omogu\u0107eno nam je me\u0111usobno zbli\u017eavanje. Zahvaljujemo se ravnatelju Ivanu Bedeni\u010di\u0107u, Katoli\u010dkoj gimnaziji i na\u0161oj razrednici \u0161to su nam sve to omogu\u0107ili.<\/p>\n<p><a href=\"http:\/\/katolicka-gimnazija.hr\/wp-content\/uploads\/2019\/06\/12.jpg\"><img loading=\"lazy\" decoding=\"async\" class=\"size-medium wp-image-16922 aligncenter\" src=\"http:\/\/katolicka-gimnazija.hr\/wp-content\/uploads\/2019\/06\/12-300x212.jpg\" alt=\"\" width=\"300\" height=\"212\" srcset=\"https:\/\/katolicka-gimnazija.hr\/wp-content\/uploads\/2019\/06\/12-300x212.jpg 300w, https:\/\/katolicka-gimnazija.hr\/wp-content\/uploads\/2019\/06\/12-400x283.jpg 400w, https:\/\/katolicka-gimnazija.hr\/wp-content\/uploads\/2019\/06\/12.jpg 630w\" sizes=\"auto, (max-width: 300px) 100vw, 300px\" \/><\/a><\/p>\n<p><em>\u00a0<\/em><\/p>\n","protected":false},"excerpt":{"rendered":"<p>Tijekom svake \u0161kolske godine u Katoli\u010dkoj gimnaziji s pravom javnosti u Po\u017eegi odr\u017eavaju se me\u0111urazredna natjecanja te je tako bilo i ove godine. Bodvale su se razli\u010dite aktivnosti kao \u0161to su sudjelovanje u humanitarnim akcijama, kvizovima, raznim natjecanjima,\u2026 Ove \u0161kolske 2018.\/2019. godine pobjednik me\u0111urazrednog natjecanja bio je 1.b na \u010delu s razrednicom Sanjom Pr\u0161om. Nagrada [&hellip;]<\/p>\n","protected":false},"author":66,"featured_media":16923,"comment_status":"closed","ping_status":"closed","sticky":false,"template":"","format":"standard","meta":{"footnotes":""},"categories":[209,213,2],"tags":[],"class_list":["post-16920","post","type-post","status-publish","format-standard","has-post-thumbnail","hentry","category-natjecanja","category-putovanja","category-vijesti"],"_links":{"self":[{"href":"https:\/\/katolicka-gimnazija.hr\/index.php\/wp-json\/wp\/v2\/posts\/16920","targetHints":{"allow":["GET"]}}],"collection":[{"href":"https:\/\/katolicka-gimnazija.hr\/index.php\/wp-json\/wp\/v2\/posts"}],"about":[{"href":"https:\/\/katolicka-gimnazija.hr\/index.php\/wp-json\/wp\/v2\/types\/post"}],"author":[{"embeddable":true,"href":"https:\/\/katolicka-gimnazija.hr\/index.php\/wp-json\/wp\/v2\/users\/66"}],"replies":[{"embeddable":true,"href":"https:\/\/katolicka-gimnazija.hr\/index.php\/wp-json\/wp\/v2\/comments?post=16920"}],"version-history":[{"count":3,"href":"https:\/\/katolicka-gimnazija.hr\/index.php\/wp-json\/wp\/v2\/posts\/16920\/revisions"}],"predecessor-version":[{"id":16927,"href":"https:\/\/katolicka-gimnazija.hr\/index.php\/wp-json\/wp\/v2\/posts\/16920\/revisions\/16927"}],"wp:featuredmedia":[{"embeddable":true,"href":"https:\/\/katolicka-gimnazija.hr\/index.php\/wp-json\/wp\/v2\/media\/16923"}],"wp:attachment":[{"href":"https:\/\/katolicka-gimnazija.hr\/index.php\/wp-json\/wp\/v2\/media?parent=16920"}],"wp:term":[{"taxonomy":"category","embeddable":true,"href":"https:\/\/katolicka-gimnazija.hr\/index.php\/wp-json\/wp\/v2\/categories?post=16920"},{"taxonomy":"post_tag","embeddable":true,"href":"https:\/\/katolicka-gimnazija.hr\/index.php\/wp-json\/wp\/v2\/tags?post=16920"}],"curies":[{"name":"wp","href":"https:\/\/api.w.org\/{rel}","templated":true}]}}