{"id":16928,"date":"2019-06-21T11:42:04","date_gmt":"2019-06-21T11:42:04","guid":{"rendered":"http:\/\/katolicka-gimnazija.hr\/?p=16928"},"modified":"2019-06-21T11:42:04","modified_gmt":"2019-06-21T11:42:04","slug":"svecana-dodjela-svjedodzbi-maturantima","status":"publish","type":"post","link":"https:\/\/katolicka-gimnazija.hr\/index.php\/2019\/06\/21\/svecana-dodjela-svjedodzbi-maturantima\/","title":{"rendered":"Sve\u010dana dodjela svjedod\u017ebi maturantima"},"content":{"rendered":"<p>Po\u0161tovani maturanti,<\/p>\n<p>obavje\u0161tavamo vas da \u0107e sve\u010dana dodjela svjedod\u017ebi biti odr\u017eana 27. lipnja s po\u010detkom u 19 sati u Dvorani sv. Terezije Avilske u Po\u017eegi.<\/p>\n<p>Molimo vas da u prostore \u0161kole do\u0111ete najkasnije u 18 sati radi generalne probe.<\/p>\n<p>Na sve\u010danost su, naravno, pozvani svi va\u0161i najbli\u017ei \u2013 roditelji, bake i djedovi, bra\u0107a i sestre, kumovi, djevojka ili mladi\u0107, prijatelji \u2013 svima se jednako radujemo!<\/p>\n","protected":false},"excerpt":{"rendered":"<p>Po\u0161tovani maturanti, obavje\u0161tavamo vas da \u0107e sve\u010dana dodjela svjedod\u017ebi biti odr\u017eana 27. lipnja s po\u010detkom u 19 sati u Dvorani sv. Terezije Avilske u Po\u017eegi. Molimo vas da u prostore \u0161kole do\u0111ete najkasnije u 18 sati radi generalne probe. Na sve\u010danost su, naravno, pozvani svi va\u0161i najbli\u017ei \u2013 roditelji, bake i djedovi, bra\u0107a i sestre, [&hellip;]<\/p>\n","protected":false},"author":2,"featured_media":16929,"comment_status":"closed","ping_status":"closed","sticky":false,"template":"","format":"standard","meta":{"footnotes":""},"categories":[3],"tags":[],"class_list":["post-16928","post","type-post","status-publish","format-standard","has-post-thumbnail","hentry","category-obavijesti"],"_links":{"self":[{"href":"https:\/\/katolicka-gimnazija.hr\/index.php\/wp-json\/wp\/v2\/posts\/16928","targetHints":{"allow":["GET"]}}],"collection":[{"href":"https:\/\/katolicka-gimnazija.hr\/index.php\/wp-json\/wp\/v2\/posts"}],"about":[{"href":"https:\/\/katolicka-gimnazija.hr\/index.php\/wp-json\/wp\/v2\/types\/post"}],"author":[{"embeddable":true,"href":"https:\/\/katolicka-gimnazija.hr\/index.php\/wp-json\/wp\/v2\/users\/2"}],"replies":[{"embeddable":true,"href":"https:\/\/katolicka-gimnazija.hr\/index.php\/wp-json\/wp\/v2\/comments?post=16928"}],"version-history":[{"count":1,"href":"https:\/\/katolicka-gimnazija.hr\/index.php\/wp-json\/wp\/v2\/posts\/16928\/revisions"}],"predecessor-version":[{"id":16930,"href":"https:\/\/katolicka-gimnazija.hr\/index.php\/wp-json\/wp\/v2\/posts\/16928\/revisions\/16930"}],"wp:featuredmedia":[{"embeddable":true,"href":"https:\/\/katolicka-gimnazija.hr\/index.php\/wp-json\/wp\/v2\/media\/16929"}],"wp:attachment":[{"href":"https:\/\/katolicka-gimnazija.hr\/index.php\/wp-json\/wp\/v2\/media?parent=16928"}],"wp:term":[{"taxonomy":"category","embeddable":true,"href":"https:\/\/katolicka-gimnazija.hr\/index.php\/wp-json\/wp\/v2\/categories?post=16928"},{"taxonomy":"post_tag","embeddable":true,"href":"https:\/\/katolicka-gimnazija.hr\/index.php\/wp-json\/wp\/v2\/tags?post=16928"}],"curies":[{"name":"wp","href":"https:\/\/api.w.org\/{rel}","templated":true}]}}