{"id":1713,"date":"2015-11-15T08:45:10","date_gmt":"2015-11-15T08:45:10","guid":{"rendered":"http:\/\/katolicka-gimnazija.hr\/?p=1713"},"modified":"2018-12-28T14:52:09","modified_gmt":"2018-12-28T14:52:09","slug":"rukometasi-kg-a-treci-na-zupanijskom","status":"publish","type":"post","link":"https:\/\/katolicka-gimnazija.hr\/index.php\/2015\/11\/15\/rukometasi-kg-a-treci-na-zupanijskom\/","title":{"rendered":"RUKOMETA\u0160I KG-a TRE\u0106I NA \u017dUPANIJSKOM"},"content":{"rendered":"<p>\u200b\u017dupanijsko natjecanje srednjih \u0161kola odr\u017eano je u \u010detvrtak 12. studenog 2015. u Sportskoj dvorani Tomislav Pirc. Za natjecanje su se prijavile \u010detiri srednje \u0161kole pa se, s obzirom na broj prijavljenih ekipa, pristupilo kup natjecanju. Izvla\u010denje je na\u0161im igra\u010dima dodijelilo najte\u017eeg protivnika \u2013 Gimnaziju Po\u017eega koja je osvojila ovo natjecanje i na zaslu\u017eila put na regionalno natjecanje. Utakmica je zavr\u0161ila pobjedom na\u0161ih susjeda rezultatom 16:13.<\/p>\n<figure id=\"attachment_1715\" aria-describedby=\"caption-attachment-1715\" style=\"width: 300px\" class=\"wp-caption alignleft\"><a href=\"http:\/\/katolicka-gimnazija.hr\/wp-content\/uploads\/2015\/11\/22.jpg\"><img loading=\"lazy\" decoding=\"async\" class=\"size-medium wp-image-1715\" src=\"http:\/\/katolicka-gimnazija.hr\/wp-content\/uploads\/2015\/11\/22-300x225.jpg\" alt=\"Ante \u0160akota\" width=\"300\" height=\"225\" srcset=\"https:\/\/katolicka-gimnazija.hr\/wp-content\/uploads\/2015\/11\/22-300x225.jpg 300w, https:\/\/katolicka-gimnazija.hr\/wp-content\/uploads\/2015\/11\/22-400x300.jpg 400w, https:\/\/katolicka-gimnazija.hr\/wp-content\/uploads\/2015\/11\/22-360x270.jpg 360w, https:\/\/katolicka-gimnazija.hr\/wp-content\/uploads\/2015\/11\/22-430x322.jpg 430w, https:\/\/katolicka-gimnazija.hr\/wp-content\/uploads\/2015\/11\/22-150x112.jpg 150w, https:\/\/katolicka-gimnazija.hr\/wp-content\/uploads\/2015\/11\/22-100x75.jpg 100w, https:\/\/katolicka-gimnazija.hr\/wp-content\/uploads\/2015\/11\/22.jpg 639w\" sizes=\"auto, (max-width: 300px) 100vw, 300px\" \/><\/a><figcaption id=\"caption-attachment-1715\" class=\"wp-caption-text\">Ante \u0160akota<\/figcaption><\/figure>\n<p>\u201eNismo u\u0161li kvalitetno u utakmicu i to nam se vratilo porazom.\u201c rekao je profesor Mario Ragu\u017e, iako iznimno zadovoljan rezultatom. \u201eNakon \u0161to je Ekonomska \u0161kola pobijedila Srednju \u0161kolu Pakrac na\u0161li smo se s Pakra\u010danima u utakmici za tre\u0107e mjesto. Tada su proradili na\u0161i rukometa\u0161i \u0160vajda i Gelen\u010dir i pobjeda nije bila upitna, zavr\u0161ilo je 17:8 za nas. Moram re\u0107i da se u utakmicama posebno istaknuo Ante \u0160akota koji rukomet nije trenirao u sustavu, a odigrao je kao jedan od najboljih igra\u010da na terenu. Ove utakmice su pokazale da se mo\u017eemo nositi u svim sportovima sa \u0161kolama koje imaju daleko vi\u0161e u\u010denika pa time i puno ve\u0107i selektivni izbor.\u201c<\/p>\n<p>&nbsp;<\/p>\n<figure id=\"attachment_1714\" aria-describedby=\"caption-attachment-1714\" style=\"width: 300px\" class=\"wp-caption alignleft\"><a href=\"http:\/\/katolicka-gimnazija.hr\/wp-content\/uploads\/2015\/11\/18.jpg\"><img loading=\"lazy\" decoding=\"async\" class=\"size-medium wp-image-1714\" src=\"http:\/\/katolicka-gimnazija.hr\/wp-content\/uploads\/2015\/11\/18-300x225.jpg\" alt=\"Rukometna reprezentacija KG-a\" width=\"300\" height=\"225\" srcset=\"https:\/\/katolicka-gimnazija.hr\/wp-content\/uploads\/2015\/11\/18-300x225.jpg 300w, https:\/\/katolicka-gimnazija.hr\/wp-content\/uploads\/2015\/11\/18-400x300.jpg 400w, https:\/\/katolicka-gimnazija.hr\/wp-content\/uploads\/2015\/11\/18-360x270.jpg 360w, https:\/\/katolicka-gimnazija.hr\/wp-content\/uploads\/2015\/11\/18-430x322.jpg 430w, https:\/\/katolicka-gimnazija.hr\/wp-content\/uploads\/2015\/11\/18-150x112.jpg 150w, https:\/\/katolicka-gimnazija.hr\/wp-content\/uploads\/2015\/11\/18-100x75.jpg 100w, https:\/\/katolicka-gimnazija.hr\/wp-content\/uploads\/2015\/11\/18.jpg 639w\" sizes=\"auto, (max-width: 300px) 100vw, 300px\" \/><\/a><figcaption id=\"caption-attachment-1714\" class=\"wp-caption-text\">Rukometna reprezentacija KG-a<\/figcaption><\/figure>\n<p>Za na\u0161u rukometnu reprezentaciju nastupili su: Robert Rado\u0161, Dino Gaji\u0107, Sven \u010cevapovi\u0107, David Dubo\u010danac, Petar Petrovi\u0107 (plavi), Dominik Josi\u0107, Vlaho Beri\u0161i\u0107, Alen Mato\u0161evi\u0107, Ante \u0160akota, Sven Abramovi\u0107, Nikola \u0160vajda, Marko Gelen\u010dir i Luka Gazilj.<\/p>\n<p>&nbsp; <\/p>\n","protected":false},"excerpt":{"rendered":"<p>\u200b\u017dupanijsko natjecanje srednjih \u0161kola odr\u017eano je u \u010detvrtak 12. studenog 2015. u Sportskoj dvorani Tomislav Pirc. Za natjecanje su se prijavile \u010detiri srednje \u0161kole pa se, s obzirom na broj prijavljenih ekipa, pristupilo kup natjecanju. Izvla\u010denje je na\u0161im igra\u010dima dodijelilo najte\u017eeg protivnika \u2013 Gimnaziju Po\u017eega koja je osvojila ovo natjecanje i na zaslu\u017eila put na [&hellip;]<\/p>\n","protected":false},"author":2,"featured_media":1714,"comment_status":"closed","ping_status":"closed","sticky":false,"template":"","format":"standard","meta":{"footnotes":""},"categories":[2],"tags":[],"class_list":["post-1713","post","type-post","status-publish","format-standard","has-post-thumbnail","hentry","category-vijesti"],"_links":{"self":[{"href":"https:\/\/katolicka-gimnazija.hr\/index.php\/wp-json\/wp\/v2\/posts\/1713","targetHints":{"allow":["GET"]}}],"collection":[{"href":"https:\/\/katolicka-gimnazija.hr\/index.php\/wp-json\/wp\/v2\/posts"}],"about":[{"href":"https:\/\/katolicka-gimnazija.hr\/index.php\/wp-json\/wp\/v2\/types\/post"}],"author":[{"embeddable":true,"href":"https:\/\/katolicka-gimnazija.hr\/index.php\/wp-json\/wp\/v2\/users\/2"}],"replies":[{"embeddable":true,"href":"https:\/\/katolicka-gimnazija.hr\/index.php\/wp-json\/wp\/v2\/comments?post=1713"}],"version-history":[{"count":4,"href":"https:\/\/katolicka-gimnazija.hr\/index.php\/wp-json\/wp\/v2\/posts\/1713\/revisions"}],"predecessor-version":[{"id":15187,"href":"https:\/\/katolicka-gimnazija.hr\/index.php\/wp-json\/wp\/v2\/posts\/1713\/revisions\/15187"}],"wp:featuredmedia":[{"embeddable":true,"href":"https:\/\/katolicka-gimnazija.hr\/index.php\/wp-json\/wp\/v2\/media\/1714"}],"wp:attachment":[{"href":"https:\/\/katolicka-gimnazija.hr\/index.php\/wp-json\/wp\/v2\/media?parent=1713"}],"wp:term":[{"taxonomy":"category","embeddable":true,"href":"https:\/\/katolicka-gimnazija.hr\/index.php\/wp-json\/wp\/v2\/categories?post=1713"},{"taxonomy":"post_tag","embeddable":true,"href":"https:\/\/katolicka-gimnazija.hr\/index.php\/wp-json\/wp\/v2\/tags?post=1713"}],"curies":[{"name":"wp","href":"https:\/\/api.w.org\/{rel}","templated":true}]}}