{"id":17137,"date":"2019-07-23T12:08:52","date_gmt":"2019-07-23T12:08:52","guid":{"rendered":"http:\/\/katolicka-gimnazija.hr\/?p=17137"},"modified":"2019-07-23T12:08:52","modified_gmt":"2019-07-23T12:08:52","slug":"zakljucci-sa-7-sjednice-razrednog-vijeca-3","status":"publish","type":"post","link":"https:\/\/katolicka-gimnazija.hr\/index.php\/2019\/07\/23\/zakljucci-sa-7-sjednice-razrednog-vijeca-3\/","title":{"rendered":"Zaklju\u010dci sa 7. sjednice Razrednog vije\u0107a"},"content":{"rendered":"<p>Zaklju\u010dci sa 7. sjednice Razrednog vije\u0107a razrednih odjela 1.a, 1.b, 2.a, 2.b, 3.a, 3.b i 4.b u \u0161kolskoj godini 2018.\/2019. odr\u017eane 8. srpnja 2019. godine:<\/p>\n<p>\u2022 Usvaja se Zapisnik s prethodne sjednice Razrednog vije\u0107a odr\u017eane 17. lipnja 2019. godine.<\/p>\n<p>\u2022 Utvr\u0111uju se ocjene iz vladanja na prijedlog razrednika nakon polaganja ispita pred povjerenstvom i dopunskog nastavnog rada u\u010denicima 1.a, 1.b, 2.a, 2.b, 3.a, 3.b i 4.b razrednog odjela (informacija ograni\u010dena) uzorno i dobro vladanje.<\/p>\n<p>\u2022 Analiziraju se uspjeh u\u010denika razrednih odjela 1.a, 1.b, 2.a, 2.b, 3.a, 3.b i 4.b koji su polagali ispit pred povjerenstvom i poha\u0111ali dopunski nastavni rad (informacija ograni\u010dena) te u\u010denici koji su upu\u0107eni na popravni ispit (informacija ograni\u010dena).<\/p>\n","protected":false},"excerpt":{"rendered":"<p>Zaklju\u010dci sa 7. sjednice Razrednog vije\u0107a razrednih odjela 1.a, 1.b, 2.a, 2.b, 3.a, 3.b i 4.b u \u0161kolskoj godini 2018.\/2019. odr\u017eane 8. srpnja 2019. godine: \u2022 Usvaja se Zapisnik s prethodne sjednice Razrednog vije\u0107a odr\u017eane 17. lipnja 2019. godine. \u2022 Utvr\u0111uju se ocjene iz vladanja na prijedlog razrednika nakon polaganja ispita pred povjerenstvom i dopunskog [&hellip;]<\/p>\n","protected":false},"author":2,"featured_media":0,"comment_status":"closed","ping_status":"closed","sticky":false,"template":"","format":"standard","meta":{"footnotes":""},"categories":[2],"tags":[],"class_list":["post-17137","post","type-post","status-publish","format-standard","hentry","category-vijesti"],"_links":{"self":[{"href":"https:\/\/katolicka-gimnazija.hr\/index.php\/wp-json\/wp\/v2\/posts\/17137","targetHints":{"allow":["GET"]}}],"collection":[{"href":"https:\/\/katolicka-gimnazija.hr\/index.php\/wp-json\/wp\/v2\/posts"}],"about":[{"href":"https:\/\/katolicka-gimnazija.hr\/index.php\/wp-json\/wp\/v2\/types\/post"}],"author":[{"embeddable":true,"href":"https:\/\/katolicka-gimnazija.hr\/index.php\/wp-json\/wp\/v2\/users\/2"}],"replies":[{"embeddable":true,"href":"https:\/\/katolicka-gimnazija.hr\/index.php\/wp-json\/wp\/v2\/comments?post=17137"}],"version-history":[{"count":1,"href":"https:\/\/katolicka-gimnazija.hr\/index.php\/wp-json\/wp\/v2\/posts\/17137\/revisions"}],"predecessor-version":[{"id":17160,"href":"https:\/\/katolicka-gimnazija.hr\/index.php\/wp-json\/wp\/v2\/posts\/17137\/revisions\/17160"}],"wp:attachment":[{"href":"https:\/\/katolicka-gimnazija.hr\/index.php\/wp-json\/wp\/v2\/media?parent=17137"}],"wp:term":[{"taxonomy":"category","embeddable":true,"href":"https:\/\/katolicka-gimnazija.hr\/index.php\/wp-json\/wp\/v2\/categories?post=17137"},{"taxonomy":"post_tag","embeddable":true,"href":"https:\/\/katolicka-gimnazija.hr\/index.php\/wp-json\/wp\/v2\/tags?post=17137"}],"curies":[{"name":"wp","href":"https:\/\/api.w.org\/{rel}","templated":true}]}}