{"id":17143,"date":"2019-07-23T12:05:49","date_gmt":"2019-07-23T12:05:49","guid":{"rendered":"http:\/\/katolicka-gimnazija.hr\/?p=17143"},"modified":"2019-07-23T12:05:49","modified_gmt":"2019-07-23T12:05:49","slug":"informacije-o-radu-7-sjednice-nastavnickog-vijeca-4","status":"publish","type":"post","link":"https:\/\/katolicka-gimnazija.hr\/index.php\/2019\/07\/23\/informacije-o-radu-7-sjednice-nastavnickog-vijeca-4\/","title":{"rendered":"Informacije o radu 7. sjednice Nastavni\u010dkog vije\u0107a"},"content":{"rendered":"<p>7. sjednica Nastavni\u010dkog vije\u0107a u \u0161kolskoj godini 2018.\/2019.<\/p>\n<p>17. lipnja 2019. godine s po\u010detkom u 11:55 sati<\/p>\n<p>O neposrednom uvidu u rad Nastavni\u010dkog vije\u0107a mo\u017ee se informirati kod ravnatelja.<\/p>\n<p>Dnevni red:<br \/>\n1. Usvajanje Zapisnika s prethodne sjednice Nastavni\u010dkog vije\u0107a<br \/>\n2. Utvr\u0111ivanje trajanja dopunskog nastavnog rada po nastavnim predmetima<br \/>\n3. Razno<\/p>\n","protected":false},"excerpt":{"rendered":"<p>7. sjednica Nastavni\u010dkog vije\u0107a u \u0161kolskoj godini 2018.\/2019. 17. lipnja 2019. godine s po\u010detkom u 11:55 sati O neposrednom uvidu u rad Nastavni\u010dkog vije\u0107a mo\u017ee se informirati kod ravnatelja. Dnevni red: 1. Usvajanje Zapisnika s prethodne sjednice Nastavni\u010dkog vije\u0107a 2. Utvr\u0111ivanje trajanja dopunskog nastavnog rada po nastavnim predmetima 3. Razno<\/p>\n","protected":false},"author":2,"featured_media":0,"comment_status":"closed","ping_status":"closed","sticky":false,"template":"","format":"standard","meta":{"footnotes":""},"categories":[2],"tags":[],"class_list":["post-17143","post","type-post","status-publish","format-standard","hentry","category-vijesti"],"_links":{"self":[{"href":"https:\/\/katolicka-gimnazija.hr\/index.php\/wp-json\/wp\/v2\/posts\/17143","targetHints":{"allow":["GET"]}}],"collection":[{"href":"https:\/\/katolicka-gimnazija.hr\/index.php\/wp-json\/wp\/v2\/posts"}],"about":[{"href":"https:\/\/katolicka-gimnazija.hr\/index.php\/wp-json\/wp\/v2\/types\/post"}],"author":[{"embeddable":true,"href":"https:\/\/katolicka-gimnazija.hr\/index.php\/wp-json\/wp\/v2\/users\/2"}],"replies":[{"embeddable":true,"href":"https:\/\/katolicka-gimnazija.hr\/index.php\/wp-json\/wp\/v2\/comments?post=17143"}],"version-history":[{"count":1,"href":"https:\/\/katolicka-gimnazija.hr\/index.php\/wp-json\/wp\/v2\/posts\/17143\/revisions"}],"predecessor-version":[{"id":17144,"href":"https:\/\/katolicka-gimnazija.hr\/index.php\/wp-json\/wp\/v2\/posts\/17143\/revisions\/17144"}],"wp:attachment":[{"href":"https:\/\/katolicka-gimnazija.hr\/index.php\/wp-json\/wp\/v2\/media?parent=17143"}],"wp:term":[{"taxonomy":"category","embeddable":true,"href":"https:\/\/katolicka-gimnazija.hr\/index.php\/wp-json\/wp\/v2\/categories?post=17143"},{"taxonomy":"post_tag","embeddable":true,"href":"https:\/\/katolicka-gimnazija.hr\/index.php\/wp-json\/wp\/v2\/tags?post=17143"}],"curies":[{"name":"wp","href":"https:\/\/api.w.org\/{rel}","templated":true}]}}