{"id":17145,"date":"2019-07-23T12:06:13","date_gmt":"2019-07-23T12:06:13","guid":{"rendered":"http:\/\/katolicka-gimnazija.hr\/?p=17145"},"modified":"2019-07-23T12:06:13","modified_gmt":"2019-07-23T12:06:13","slug":"informacije-o-radu-7-sjednice-razrednog-vijeca-2","status":"publish","type":"post","link":"https:\/\/katolicka-gimnazija.hr\/index.php\/2019\/07\/23\/informacije-o-radu-7-sjednice-razrednog-vijeca-2\/","title":{"rendered":"Informacije o radu 7. sjednice Razrednog vije\u0107a"},"content":{"rendered":"<p>7. sjednica Razrednog vije\u0107a razrednih odjela 1.a, 1.b, 2.a, 2.b, 3.a, 3.b i 4.b u \u0161kolskoj godini 2018.\/2019.<\/p>\n<p>8. srpnja 2019. godine s po\u010detkom u 09:00 sati<\/p>\n<p>O neposrednom uvidu u rad Razrednog vije\u0107a mo\u017ee se informirati kod ravnatelja.<\/p>\n<p>Dnevni red:<br \/>\n1. Usvajanje Zapisnika s prethodne sjednice Razrednog vije\u0107a<br \/>\n2. Utvr\u0111ivanje ocjena iz vladanja na prijedlog razrednika nakon polaganja ispita pred povjerenstvom i dopunskog nastavnog rada<br \/>\n3. Analiziranje uspjeha u\u010denika (zaklju\u010dne ocjene, ocjene iz vladanja, pedago\u0161ke mjere \u2026) nakon polaganja ispita pred povjerenstvom i dopunskog nastavnog rada<br \/>\n4. Razno.<\/p>\n","protected":false},"excerpt":{"rendered":"<p>7. sjednica Razrednog vije\u0107a razrednih odjela 1.a, 1.b, 2.a, 2.b, 3.a, 3.b i 4.b u \u0161kolskoj godini 2018.\/2019. 8. srpnja 2019. godine s po\u010detkom u 09:00 sati O neposrednom uvidu u rad Razrednog vije\u0107a mo\u017ee se informirati kod ravnatelja. Dnevni red: 1. Usvajanje Zapisnika s prethodne sjednice Razrednog vije\u0107a 2. Utvr\u0111ivanje ocjena iz vladanja na [&hellip;]<\/p>\n","protected":false},"author":2,"featured_media":0,"comment_status":"closed","ping_status":"closed","sticky":false,"template":"","format":"standard","meta":{"footnotes":""},"categories":[2],"tags":[],"class_list":["post-17145","post","type-post","status-publish","format-standard","hentry","category-vijesti"],"_links":{"self":[{"href":"https:\/\/katolicka-gimnazija.hr\/index.php\/wp-json\/wp\/v2\/posts\/17145","targetHints":{"allow":["GET"]}}],"collection":[{"href":"https:\/\/katolicka-gimnazija.hr\/index.php\/wp-json\/wp\/v2\/posts"}],"about":[{"href":"https:\/\/katolicka-gimnazija.hr\/index.php\/wp-json\/wp\/v2\/types\/post"}],"author":[{"embeddable":true,"href":"https:\/\/katolicka-gimnazija.hr\/index.php\/wp-json\/wp\/v2\/users\/2"}],"replies":[{"embeddable":true,"href":"https:\/\/katolicka-gimnazija.hr\/index.php\/wp-json\/wp\/v2\/comments?post=17145"}],"version-history":[{"count":1,"href":"https:\/\/katolicka-gimnazija.hr\/index.php\/wp-json\/wp\/v2\/posts\/17145\/revisions"}],"predecessor-version":[{"id":17146,"href":"https:\/\/katolicka-gimnazija.hr\/index.php\/wp-json\/wp\/v2\/posts\/17145\/revisions\/17146"}],"wp:attachment":[{"href":"https:\/\/katolicka-gimnazija.hr\/index.php\/wp-json\/wp\/v2\/media?parent=17145"}],"wp:term":[{"taxonomy":"category","embeddable":true,"href":"https:\/\/katolicka-gimnazija.hr\/index.php\/wp-json\/wp\/v2\/categories?post=17145"},{"taxonomy":"post_tag","embeddable":true,"href":"https:\/\/katolicka-gimnazija.hr\/index.php\/wp-json\/wp\/v2\/tags?post=17145"}],"curies":[{"name":"wp","href":"https:\/\/api.w.org\/{rel}","templated":true}]}}