{"id":17149,"date":"2019-07-23T12:07:02","date_gmt":"2019-07-23T12:07:02","guid":{"rendered":"http:\/\/katolicka-gimnazija.hr\/?p=17149"},"modified":"2019-07-23T12:07:02","modified_gmt":"2019-07-23T12:07:02","slug":"zakljucci-s-5-sjednice-nastavnickog-vijeca-3","status":"publish","type":"post","link":"https:\/\/katolicka-gimnazija.hr\/index.php\/2019\/07\/23\/zakljucci-s-5-sjednice-nastavnickog-vijeca-3\/","title":{"rendered":"Zaklju\u010dci s 5. sjednice Nastavni\u010dkog vije\u0107a"},"content":{"rendered":"<p>Zaklju\u010dci s 5. sjednice Nastavni\u010dkog vije\u0107a u \u0161kolskoj godini 2018.\/2019. odr\u017eane 8. svibnja 2019. godine:<\/p>\n<p>\u2022 Usvaja se Zapisnik s prethodne sjednice Nastavni\u010dkog vije\u0107a odr\u017eane 18. o\u017eujka 2019. godine bez primjedbi.<\/p>\n<p>\u2022 Osloba\u0111a se od poha\u0111anja nastave nastavnog predmeta Tjelesne i zdravstvene kulture (informacija ograni\u010dena), u\u010denica 2.a razrednog odjela Katoli\u010dke gimnazije s pravom javnosti.<\/p>\n<p>\u2022 Odre\u0111uju se za (informacija ograni\u010dena), u\u010denika 4.b razrednog odjela Katoli\u010dke gimnazije s pravom javnosti, rok i povjerenstvo za polaganje predmetnog ispita iz nastavnog predmeta Engleskog jezika koje \u010dini: Ivana Drmi\u0107, Leonardo \u0110akovi\u0107 i Nikolina Bodolovi\u0107.<\/p>\n<p>\u2022 Raspravljalo se o raznome: vladanju u\u010denika 4. razreda na tradicionalnom okupljanju maturanata povodom zavr\u0161etka srednjo\u0161kolskog obrazovanja (norijada) te pravima i obvezama nastavnika u provo\u0111enju postupka vrednovanja u\u010denika u srednjoj \u0161koli.<\/p>\n","protected":false},"excerpt":{"rendered":"<p>Zaklju\u010dci s 5. sjednice Nastavni\u010dkog vije\u0107a u \u0161kolskoj godini 2018.\/2019. odr\u017eane 8. svibnja 2019. godine: \u2022 Usvaja se Zapisnik s prethodne sjednice Nastavni\u010dkog vije\u0107a odr\u017eane 18. o\u017eujka 2019. godine bez primjedbi. \u2022 Osloba\u0111a se od poha\u0111anja nastave nastavnog predmeta Tjelesne i zdravstvene kulture (informacija ograni\u010dena), u\u010denica 2.a razrednog odjela Katoli\u010dke gimnazije s pravom javnosti. \u2022 [&hellip;]<\/p>\n","protected":false},"author":2,"featured_media":0,"comment_status":"closed","ping_status":"closed","sticky":false,"template":"","format":"standard","meta":{"footnotes":""},"categories":[2],"tags":[],"class_list":["post-17149","post","type-post","status-publish","format-standard","hentry","category-vijesti"],"_links":{"self":[{"href":"https:\/\/katolicka-gimnazija.hr\/index.php\/wp-json\/wp\/v2\/posts\/17149","targetHints":{"allow":["GET"]}}],"collection":[{"href":"https:\/\/katolicka-gimnazija.hr\/index.php\/wp-json\/wp\/v2\/posts"}],"about":[{"href":"https:\/\/katolicka-gimnazija.hr\/index.php\/wp-json\/wp\/v2\/types\/post"}],"author":[{"embeddable":true,"href":"https:\/\/katolicka-gimnazija.hr\/index.php\/wp-json\/wp\/v2\/users\/2"}],"replies":[{"embeddable":true,"href":"https:\/\/katolicka-gimnazija.hr\/index.php\/wp-json\/wp\/v2\/comments?post=17149"}],"version-history":[{"count":1,"href":"https:\/\/katolicka-gimnazija.hr\/index.php\/wp-json\/wp\/v2\/posts\/17149\/revisions"}],"predecessor-version":[{"id":17150,"href":"https:\/\/katolicka-gimnazija.hr\/index.php\/wp-json\/wp\/v2\/posts\/17149\/revisions\/17150"}],"wp:attachment":[{"href":"https:\/\/katolicka-gimnazija.hr\/index.php\/wp-json\/wp\/v2\/media?parent=17149"}],"wp:term":[{"taxonomy":"category","embeddable":true,"href":"https:\/\/katolicka-gimnazija.hr\/index.php\/wp-json\/wp\/v2\/categories?post=17149"},{"taxonomy":"post_tag","embeddable":true,"href":"https:\/\/katolicka-gimnazija.hr\/index.php\/wp-json\/wp\/v2\/tags?post=17149"}],"curies":[{"name":"wp","href":"https:\/\/api.w.org\/{rel}","templated":true}]}}