{"id":17162,"date":"2019-08-26T15:51:29","date_gmt":"2019-08-26T15:51:29","guid":{"rendered":"http:\/\/katolicka-gimnazija.hr\/?p=17162"},"modified":"2019-08-26T15:55:01","modified_gmt":"2019-08-26T15:55:01","slug":"spd-pegaz-poziva-na-prvo-planinarenje","status":"publish","type":"post","link":"https:\/\/katolicka-gimnazija.hr\/index.php\/2019\/08\/26\/spd-pegaz-poziva-na-prvo-planinarenje\/","title":{"rendered":"\u0160PD PEGAZ POZIVA NA PRVO PLANINARENJE"},"content":{"rendered":"<p style=\"text-align: center;\">\u0160KOLSKO PLANINARSKO DRU\u0160TVO PEGAZ<\/p>\n<p style=\"text-align: center;\">POZIV<\/p>\n<p style=\"text-align: center;\">Hodo\u010da\u0161\u0107e Po\u017ee\u0161kom gorom Gospi od Suza u Pleternicu<\/p>\n<p style=\"text-align: center;\">28. kolovoza 2019.<\/p>\n<p>Dragi gimnazijalci, po\u0161tovani profesori, dragi prijatelji i ljubitelji planinarenja,<\/p>\n<p>pozivamo vas na zajedni\u010dko hodo\u010da\u0161\u0107e Gospi od Suza u Pleternicu u srijedu, 28. kolovoza 2019.<\/p>\n<p>Ovo hodo\u010da\u0161\u0107e nudi alternativu klasi\u010dnom putu koji je dosada isklju\u010divo podrazumijevao hod \u017eupanijskom cestom od Po\u017eege do Pleternice \u2013 bez hlada, a \u010desto i bez pje\u0161a\u010dke staze!<\/p>\n<figure id=\"attachment_17164\" aria-describedby=\"caption-attachment-17164\" style=\"width: 300px\" class=\"wp-caption alignright\"><a href=\"http:\/\/katolicka-gimnazija.hr\/wp-content\/uploads\/2019\/08\/Pleterni-\u00ecki_vinogradi_na_Po\u00a5e\u00edkoj_gori.jpg\"><img loading=\"lazy\" decoding=\"async\" class=\"wp-image-17164 size-medium\" src=\"http:\/\/katolicka-gimnazija.hr\/wp-content\/uploads\/2019\/08\/Pleterni-\u00ecki_vinogradi_na_Po\u00a5e\u00edkoj_gori-300x204.jpg\" alt=\"\" width=\"300\" height=\"204\" srcset=\"https:\/\/katolicka-gimnazija.hr\/wp-content\/uploads\/2019\/08\/Pleterni-\u00ecki_vinogradi_na_Po\u00a5e\u00edkoj_gori-300x204.jpg 300w, https:\/\/katolicka-gimnazija.hr\/wp-content\/uploads\/2019\/08\/Pleterni-\u00ecki_vinogradi_na_Po\u00a5e\u00edkoj_gori-768x522.jpg 768w, https:\/\/katolicka-gimnazija.hr\/wp-content\/uploads\/2019\/08\/Pleterni-\u00ecki_vinogradi_na_Po\u00a5e\u00edkoj_gori-400x272.jpg 400w, https:\/\/katolicka-gimnazija.hr\/wp-content\/uploads\/2019\/08\/Pleterni-\u00ecki_vinogradi_na_Po\u00a5e\u00edkoj_gori.jpg 837w\" sizes=\"auto, (max-width: 300px) 100vw, 300px\" \/><\/a><figcaption id=\"caption-attachment-17164\" class=\"wp-caption-text\">Starac<\/figcaption><\/figure>\n<p>Pozivamo vas, stoga, da nam se pridru\u017eite i pobli\u017ee upoznate svoj kraj, ceste i staze na Po\u017ee\u0161koj gori (Vidovci \u2013 Vasine Laze \u2013 Starac \u2013 Pleternica) koje \u0107e nas \u0161etnjom po debelom \u0161umskom hladu i u Bogom danoj ti\u0161ini dovesti kona\u010dnom cilju \u2013 sveti\u0161tu Gospe od Suza u Pleternicu.<\/p>\n<p>Duljina samoga puta je 14,8 km, a najvi\u0161a to\u010dka na koju bi se popeli iznosi 370 m\/nv.<\/p>\n<p>Polazak je predvi\u0111en u 14h sati ispred Katoli\u010dke gimnazije, a ZAJEDNI\u010cKI povratak vlakom koji iz Pleternice polazi u 21,30 sati. Mogu\u0107nost organizacije vlastitog prijevoza.<\/p>\n<p>Obavezno je prigodno se obu\u0107i za ovakav put \u2013 prigodne tenisice, visoke \u010darape, laganiju odje\u0107u, pokrivalo za glavu, odje\u0107u za presvu\u0107i se, dovoljne koli\u010dine vode, DOBRU VOLJU, 11,70 kn za vlak!<\/p>\n<p>Prijave nisu potrebne, ali nisu na domet. &#x1f609; Prijave i dodatna pitanja mo\u017eete uputiti na facebook profil Ugo Parampion ili profil Katoli\u010dke gimnazije.<\/p>\n<p>SVI SU DOBRODO\u0160LI!<\/p>\n<p>VA\u017dNE INFORMACIJE<\/p>\n<p>Polazak: 14 h\u00a0\u00a0\u00a0\u00a0\u00a0\u00a0\u00a0\u00a0\u00a0\u00a0\u00a0\u00a0\u00a0 Katoli\u010dka gimnazija<\/p>\n<p>Dolazak: oko 18 h \u00a0\u00a0\u00a0\u00a0 Pleternica<\/p>\n<p>Sveta misa: 19 h<\/p>\n<p>Povratak: 21,30 h\u00a0\u00a0\u00a0\u00a0\u00a0\u00a0 \u017deljezni\u010dki kolodvor Pleternica<\/p>\n<p>Dolazak u Po\u017eegu\u00a0\u00a0\u00a0\u00a0\u00a0 21,52 h<\/p>\n<p>Cijena karte: \u00a0\u00a0\u00a0\u00a0\u00a0\u00a0\u00a0\u00a0\u00a0\u00a0\u00a0\u00a0\u00a0 11,70 kn<\/p>\n<p>Plan puta: \u00a0\u00a0\u00a0\u00a0\u00a0 Katoli\u010dka gimnazija \u2013 Vidovci \u2013 Vasine Laze \u2013 Starac \u2013 Pleternica<\/p>\n","protected":false},"excerpt":{"rendered":"<p>\u0160KOLSKO PLANINARSKO DRU\u0160TVO PEGAZ POZIV Hodo\u010da\u0161\u0107e Po\u017ee\u0161kom gorom Gospi od Suza u Pleternicu 28. kolovoza 2019. Dragi gimnazijalci, po\u0161tovani profesori, dragi prijatelji i ljubitelji planinarenja, pozivamo vas na zajedni\u010dko hodo\u010da\u0161\u0107e Gospi od Suza u Pleternicu u srijedu, 28. kolovoza 2019. Ovo hodo\u010da\u0161\u0107e nudi alternativu klasi\u010dnom putu koji je dosada isklju\u010divo podrazumijevao hod \u017eupanijskom cestom od [&hellip;]<\/p>\n","protected":false},"author":2,"featured_media":0,"comment_status":"closed","ping_status":"closed","sticky":false,"template":"","format":"standard","meta":{"footnotes":""},"categories":[2],"tags":[],"class_list":["post-17162","post","type-post","status-publish","format-standard","hentry","category-vijesti"],"_links":{"self":[{"href":"https:\/\/katolicka-gimnazija.hr\/index.php\/wp-json\/wp\/v2\/posts\/17162","targetHints":{"allow":["GET"]}}],"collection":[{"href":"https:\/\/katolicka-gimnazija.hr\/index.php\/wp-json\/wp\/v2\/posts"}],"about":[{"href":"https:\/\/katolicka-gimnazija.hr\/index.php\/wp-json\/wp\/v2\/types\/post"}],"author":[{"embeddable":true,"href":"https:\/\/katolicka-gimnazija.hr\/index.php\/wp-json\/wp\/v2\/users\/2"}],"replies":[{"embeddable":true,"href":"https:\/\/katolicka-gimnazija.hr\/index.php\/wp-json\/wp\/v2\/comments?post=17162"}],"version-history":[{"count":2,"href":"https:\/\/katolicka-gimnazija.hr\/index.php\/wp-json\/wp\/v2\/posts\/17162\/revisions"}],"predecessor-version":[{"id":17166,"href":"https:\/\/katolicka-gimnazija.hr\/index.php\/wp-json\/wp\/v2\/posts\/17162\/revisions\/17166"}],"wp:attachment":[{"href":"https:\/\/katolicka-gimnazija.hr\/index.php\/wp-json\/wp\/v2\/media?parent=17162"}],"wp:term":[{"taxonomy":"category","embeddable":true,"href":"https:\/\/katolicka-gimnazija.hr\/index.php\/wp-json\/wp\/v2\/categories?post=17162"},{"taxonomy":"post_tag","embeddable":true,"href":"https:\/\/katolicka-gimnazija.hr\/index.php\/wp-json\/wp\/v2\/tags?post=17162"}],"curies":[{"name":"wp","href":"https:\/\/api.w.org\/{rel}","templated":true}]}}