{"id":17168,"date":"2019-08-31T06:19:26","date_gmt":"2019-08-31T06:19:26","guid":{"rendered":"http:\/\/katolicka-gimnazija.hr\/?p=17168"},"modified":"2019-08-31T06:20:29","modified_gmt":"2019-08-31T06:20:29","slug":"maturalno-hodocasce-u-rim-2","status":"publish","type":"post","link":"https:\/\/katolicka-gimnazija.hr\/index.php\/2019\/08\/31\/maturalno-hodocasce-u-rim-2\/","title":{"rendered":"Maturalno hodo\u010da\u0161\u0107e u Rim"},"content":{"rendered":"<p><a href=\"http:\/\/katolicka-gimnazija.hr\/wp-content\/uploads\/2019\/08\/misa-6.jpg\"><img loading=\"lazy\" decoding=\"async\" class=\"alignleft size-medium wp-image-17191\" src=\"http:\/\/katolicka-gimnazija.hr\/wp-content\/uploads\/2019\/08\/misa-6-300x200.jpg\" alt=\"\" width=\"300\" height=\"200\" srcset=\"https:\/\/katolicka-gimnazija.hr\/wp-content\/uploads\/2019\/08\/misa-6-300x200.jpg 300w, https:\/\/katolicka-gimnazija.hr\/wp-content\/uploads\/2019\/08\/misa-6-768x512.jpg 768w, https:\/\/katolicka-gimnazija.hr\/wp-content\/uploads\/2019\/08\/misa-6-1024x682.jpg 1024w, https:\/\/katolicka-gimnazija.hr\/wp-content\/uploads\/2019\/08\/misa-6-400x267.jpg 400w, https:\/\/katolicka-gimnazija.hr\/wp-content\/uploads\/2019\/08\/misa-6.jpg 2000w\" sizes=\"auto, (max-width: 300px) 100vw, 300px\" \/><\/a>Od 23. do 30. kolovoza maturanti Katoli\u010dke gimnazije u Po\u017eegi i Katoli\u010dke klasi\u010dne gimnazije u Virovitici, predvo\u0111eni vjerou\u010diteljem Marijanom Paveli\u0107em i svojim profesorima boravili su u Rimu na svom zahvalnom hodo\u010da\u0161\u0107u. Putuju\u0107i prema Rimu zaustavili su se u Asizu te razgledali baziliku i samostan sv. Franje, baziliku sv. Klare, Porcijunkulu i druge znamenitosti grada. Po dolasku u Rim, u nedjelju 25. kolovoza vjerou\u010ditelj Marijan Paveli\u0107 predvodio je euharistijsko slavlje u bazilici sv. Marije Velike. Istoga dana gimnazijalci su posjetili baziliku sv. Ivana Lateranskog s Krstionicom, Svete stube, Koloseum i Rimski forum te ostale znamenitosti. Idu\u0107ega dana po\u017ee\u0161ki i viroviti\u010dki maturanti posjetili su Vatikan i razgledali Trg sv. Petra, Baziliku s kriptom i kupolom te Vatikanske muzeje. Nakon kratkog odmora uputili su se prema bazilici sv. Pavla izvan zidina i Katakombama sv. Kalista gdje su zavr\u0161ili dan svetom misom.<\/p>\n<p>U utorak, 27. kolovoza maturantima se pridru\u017eio po\u017ee\u0161ki biskup Antun \u0160kvor\u010devi\u0107 s kojima je u bazilici sv. Petra, na grobu sv. Ivana Pavla II., utemeljitelja Po\u017ee\u0161ke biskupije slavio svetu misu. Uvode\u0107i u sveto slavlje biskup je podsjetio maturante na mu\u010deni\u0161tvo sv. Petra i njegovo zna\u010denje za Crkvu i istaknuo da bez sv. Ivana Pavla II. ne bi bilo Po\u017ee\u0161ke biskupije ni katoli\u010dkih \u0161kola u njoj, a oni ne bi danas bili ovdje. \u010cudesna je Bo\u017eja providnost i njegovi putovi, ustvrdio je biskup, te je pozvao mlade da zahvale Bogu za sv. Petra apostola i za sv. Ivana Pavla II., te da zamole da i njih iznutra zahvati ona snaga vjere od koje su oni \u017eivjeli.<\/p>\n<p><a href=\"http:\/\/katolicka-gimnazija.hr\/wp-content\/uploads\/2019\/08\/misa-3.jpg\"><img loading=\"lazy\" decoding=\"async\" class=\"alignright size-medium wp-image-17170\" src=\"http:\/\/katolicka-gimnazija.hr\/wp-content\/uploads\/2019\/08\/misa-3-300x200.jpg\" alt=\"\" width=\"300\" height=\"200\" srcset=\"https:\/\/katolicka-gimnazija.hr\/wp-content\/uploads\/2019\/08\/misa-3-300x200.jpg 300w, https:\/\/katolicka-gimnazija.hr\/wp-content\/uploads\/2019\/08\/misa-3-768x512.jpg 768w, https:\/\/katolicka-gimnazija.hr\/wp-content\/uploads\/2019\/08\/misa-3-1024x683.jpg 1024w, https:\/\/katolicka-gimnazija.hr\/wp-content\/uploads\/2019\/08\/misa-3-400x267.jpg 400w\" sizes=\"auto, (max-width: 300px) 100vw, 300px\" \/><\/a>U homiliji biskup je zapitao mlade hodo\u010dasnike kamo su krenuli, ne misle\u0107i pritom na njihov dolazak u Rim i na predstoje\u0107i polazak u \u010detvrti razred gimnazije, nego s obzirom na njihov cjelokupni \u017eivot. Podsjetio ih je na \u010dudesnu \u010dinjenicu da ih je Bog pozvao u \u017eivot i podario im slobodu kojom se mogu opredijeliti za ono \u0161to je uistinu ljudsko i Bo\u017eje, i oduprijeti se onome \u0161to je protivno njihovu dostojanstvu i \u0161to ih iznutra razara.<\/p>\n<p>Polaze\u0107i od ulomka prvog \u010ditanja, u kojem prorok Izaija svojim sunarodnjacima na povratku iz babilonskog su\u017eanjstva kao glasono\u0161a radosne vijesti navije\u0161ta mir, radost i sre\u0107u, biskup je poru\u010dio mladim hodo\u010dasnicima da mir, radost i sre\u0107a nisu ne\u0161to \u0161to se mo\u017ee kupiti, nego je to stanje njihove slobode i savjesti, dar Bo\u017eji koji odre\u0111uje njihovu sudbinu. Iskustvo razaranja Jeruzalema i Hrama te odvo\u0111enje izraelskog naroda u babilonsko su\u017eanjstvo prorok tuma\u010di kao posljedicu razorenosti njihove savjesti i nevjernosti savezu s Bogom, ustvrdio je biskup. Kazao je maturantima neka se &#8211; pou\u010deni navedenim i drugim iskustvima &#8211; trude kroz \u017eivot i\u0107i putem istinske slobode, iskrena srca i dobro oblikovane savjesti, istaknuv\u0161i da ih na to poziva Bog, kako se ne bi izgubili ni propali. Prisjetio se kako se jo\u0161 za vrijeme svog studija u Rimu pitao, otkud to da je velika i sna\u017ena rimska civilizacija sa svojim mo\u0107nim gospodarstvom i vojskom, ure\u0111enim pravnim poretkom, te filozofijom i knji\u017eevno\u0161\u0107u na koncu propala a pobijedila malobrojna skupina kr\u0161\u0107ana &#8211; me\u0111u kojima su bili i apostoli Petar i Pavao. Biskup je ustvrdio kako razlog te pobjede le\u017ei u \u010dinjenici da su kr\u0161\u0107ani bili vjerni svojoj savjesti i \u017eivjeli po Bo\u017ejim zapovijedima, \u010dvrsto opredijeljeni za Isusa Krista po cijenu vlastitog \u017eivota. \u017divot po dobro oblikovanoj savjesti u vjernosti Bogu, sna\u017ena je poruka i primjer nama kr\u0161\u0107anima kako se trebamo pona\u0161ati u suvremenoj hrvatskoj i europskoj civilizaciji, koja kao da se istro\u0161ila u svojoj moralnoj dimenziji, te se ljudi \u010desto opredjeljuju \u017eivjeti po na\u010delima koja ne podupiru i ne izgra\u0111uju \u010dovjekovo dostojanstvo, i onemogu\u0107uju da bude istinski sretan, kazao je biskup. Poru\u010dio je mladima hodo\u010dasnicima da \u0107e najbolje \u017eivjeti i najdalje dospjeti, ako na svom \u017eivotnom putu budu primijenili navedeni \u00bbrimski pou\u010dak\u00ab, jer se kroz vjernost Bogu po svojoj savjesti i vjernosti Isusu Kristu u njegovoj Crkvi sti\u017ee najdalje, u samu vje\u010dnost.<\/p>\n<p><a href=\"http:\/\/katolicka-gimnazija.hr\/wp-content\/uploads\/2019\/08\/misa-1.jpg\"><img loading=\"lazy\" decoding=\"async\" class=\"alignleft size-medium wp-image-17171\" src=\"http:\/\/katolicka-gimnazija.hr\/wp-content\/uploads\/2019\/08\/misa-1-300x200.jpg\" alt=\"\" width=\"300\" height=\"200\" srcset=\"https:\/\/katolicka-gimnazija.hr\/wp-content\/uploads\/2019\/08\/misa-1-300x200.jpg 300w, https:\/\/katolicka-gimnazija.hr\/wp-content\/uploads\/2019\/08\/misa-1-768x512.jpg 768w, https:\/\/katolicka-gimnazija.hr\/wp-content\/uploads\/2019\/08\/misa-1-1024x683.jpg 1024w, https:\/\/katolicka-gimnazija.hr\/wp-content\/uploads\/2019\/08\/misa-1-400x267.jpg 400w\" sizes=\"auto, (max-width: 300px) 100vw, 300px\" \/><\/a>Na temelju evan\u0111eoskog ulomka u kojem Isus apostola Petra, koji ga je triput zatajio, triput pita da li ga ljubi, biskup je poru\u010dio maturantima i njihovim profesorima kako je ljubav najve\u0107a mo\u0107 njihove slobode i da najve\u0107i smisao svog postojanja ostvaruju onda kad se njihova sloboda preto\u010di u ljubav prema Bogu i bli\u017enjemu. Pojasnio je da ljubav o kojoj je ovdje rije\u010d nije tek neki osje\u0107aj, nego zauzetost \u010ditave osobe za drugoga, sa svom njezinom slobodom. Pozvao je maturante da ne \u017eive povr\u0161no i sebi\u010dno, nego da po primjeru apostola Petra, koji je svoju ljubav za Isusa Krista posvjedo\u010dio mu\u010deni\u0161tvom podneseno u vrijeme Neronova progona, i oni budu spremni svoje mladena\u010dke \u017eivote zalo\u017eiti u ostvarenju Isusova modela \u010dovjeka po kojem mogu posti\u0107i pravi mir, radost i sre\u0107a. Tako\u0111er ih je pozvao da zajedno s njime zahvale sv. Ivana Pavla II., \u0161to je kao glasono\u0161a Isusove radosne vijesti pro\u0161ao cijelim svijetom i svima svjedo\u010dio kako je Isus Krist pobjednik nad smr\u0107u koji jedini mo\u017ee \u010dovjeka spasiti i usre\u0107iti. Zamolio je sv. Ivana Pavla II. neka im svojim zagovorom pomogne da na svojim mladena\u010dkim putovima i u svojim opredjeljenjima ostanu na Bo\u017ejem putu. Na koncu misnog slavlja biskup se s maturantima i njihovim profesorima uputio na grob sv. Petra, i ondje zajedno s njima izmolio Vjerovanje.<\/p>\n<p>Nakon svete mise mladi su hodo\u010dasnici razgledali odre\u0111ene rimske znamenitosti, me\u0111u kojima An\u0111eosku tvr\u0111avu, Pantheon, Piazzu Navona, \u0160panjolski trg i dr. Biskup se potom ponovno susreo s maturantima na zajedni\u010dkom objedu, gdje je bila prigoda podijelili osobna iskustva proteklih triju godina \u0161kolovanja u katoli\u010dkim gimnazijama kao i radosne trenutke s hodo\u010da\u0161\u0107a. Poslije ru\u010dka uputili su se u obli\u017enje mjesto Tivoli u kojem su posjetili atraktivni park iz 13. stolje\u0107a Villa D&#8217;Este.<\/p>\n<p><a href=\"http:\/\/katolicka-gimnazija.hr\/wp-content\/uploads\/2019\/08\/audijencija-2.jpg\"><img loading=\"lazy\" decoding=\"async\" class=\"alignright size-medium wp-image-17172\" src=\"http:\/\/katolicka-gimnazija.hr\/wp-content\/uploads\/2019\/08\/audijencija-2-300x200.jpg\" alt=\"\" width=\"300\" height=\"200\" srcset=\"https:\/\/katolicka-gimnazija.hr\/wp-content\/uploads\/2019\/08\/audijencija-2-300x200.jpg 300w, https:\/\/katolicka-gimnazija.hr\/wp-content\/uploads\/2019\/08\/audijencija-2-768x512.jpg 768w, https:\/\/katolicka-gimnazija.hr\/wp-content\/uploads\/2019\/08\/audijencija-2-1024x683.jpg 1024w, https:\/\/katolicka-gimnazija.hr\/wp-content\/uploads\/2019\/08\/audijencija-2-400x267.jpg 400w\" sizes=\"auto, (max-width: 300px) 100vw, 300px\" \/><\/a>Idu\u0107ega dana u srijedu, 28. kolovoza, predvo\u0111eni biskupom Antunom sudjelovali su na Generalnoj audijenciji pape Franje na Trgu sv. Petra. Maturanti su imali \u010dast da ih splitski sve\u0107enik Mario Popovi\u0107, djelatan u Dr\u017eavnom tajni\u0161tvu predstavi papi Franji, koji im je potom uputio sljede\u0107e rije\u010di: \u00abSrda\u010dno pozdravljam i blagoslivljam hrvatske hodo\u010dasnike, osobito u\u010denike i nastavnike biskupijskih gimnazija iz Po\u017ee\u0161ke biskupije, zajedno s njihovim biskupom mons. Antunom \u0160kvor\u010devi\u0107em, kao i sjemeni\u0161tarce, u\u010denike i nastavnike Nadbiskupijske klasi\u010dne gimnazije iz Splita. Dragi prijatelji, neka vam svjedo\u010danstvo svetoga Augustina pomogne \u0161iriti svjetlo vjere u va\u0161oj sredini, kako biste odu\u0161evljeno svjedo\u010dili kr\u0161\u0107ansku nadu i ljubili bli\u017enje. Hvaljen Isus i Marija!\u00ab Papine rije\u010di maturanti su popratili gromoglasnim pljeskom i poklicima Svetom Ocu.<\/p>\n<p>Na povratku u domovinu posjetili su Firenzu te razgledali katedralu, crkvu Santa Maria Novella, Palazzo Medici, crkvu San Lorenzo, Ponte vecchio i druge znamenitosti grada te su stigli u Hrvatsku u ranim jutarnjim satima 30. kolovoza.<\/p>\n<div id='gallery-1' class='gallery galleryid-17168 gallery-columns-3 gallery-size-medium'><figure class='gallery-item'>\n\t\t\t<div class='gallery-icon landscape'>\n\t\t\t\t<a href='https:\/\/katolicka-gimnazija.hr\/wp-content\/uploads\/2019\/08\/audijencija-1.jpg'><img loading=\"lazy\" decoding=\"async\" width=\"300\" height=\"200\" src=\"https:\/\/katolicka-gimnazija.hr\/wp-content\/uploads\/2019\/08\/audijencija-1-300x200.jpg\" class=\"attachment-medium size-medium\" alt=\"\" srcset=\"https:\/\/katolicka-gimnazija.hr\/wp-content\/uploads\/2019\/08\/audijencija-1-300x200.jpg 300w, https:\/\/katolicka-gimnazija.hr\/wp-content\/uploads\/2019\/08\/audijencija-1-768x512.jpg 768w, https:\/\/katolicka-gimnazija.hr\/wp-content\/uploads\/2019\/08\/audijencija-1-1024x683.jpg 1024w, https:\/\/katolicka-gimnazija.hr\/wp-content\/uploads\/2019\/08\/audijencija-1-400x267.jpg 400w\" sizes=\"auto, (max-width: 300px) 100vw, 300px\" \/><\/a>\n\t\t\t<\/div><\/figure><figure class='gallery-item'>\n\t\t\t<div class='gallery-icon landscape'>\n\t\t\t\t<a href='https:\/\/katolicka-gimnazija.hr\/wp-content\/uploads\/2019\/08\/audijencija-2.jpeg'><img loading=\"lazy\" decoding=\"async\" width=\"300\" height=\"169\" src=\"https:\/\/katolicka-gimnazija.hr\/wp-content\/uploads\/2019\/08\/audijencija-2-300x169.jpeg\" class=\"attachment-medium size-medium\" alt=\"\" srcset=\"https:\/\/katolicka-gimnazija.hr\/wp-content\/uploads\/2019\/08\/audijencija-2-300x169.jpeg 300w, https:\/\/katolicka-gimnazija.hr\/wp-content\/uploads\/2019\/08\/audijencija-2-768x432.jpeg 768w, https:\/\/katolicka-gimnazija.hr\/wp-content\/uploads\/2019\/08\/audijencija-2-1024x576.jpeg 1024w, https:\/\/katolicka-gimnazija.hr\/wp-content\/uploads\/2019\/08\/audijencija-2-400x225.jpeg 400w, https:\/\/katolicka-gimnazija.hr\/wp-content\/uploads\/2019\/08\/audijencija-2.jpeg 1500w\" sizes=\"auto, (max-width: 300px) 100vw, 300px\" \/><\/a>\n\t\t\t<\/div><\/figure><figure class='gallery-item'>\n\t\t\t<div class='gallery-icon landscape'>\n\t\t\t\t<a href='https:\/\/katolicka-gimnazija.hr\/wp-content\/uploads\/2019\/08\/DSC_7414.jpg'><img loading=\"lazy\" decoding=\"async\" width=\"300\" height=\"200\" src=\"https:\/\/katolicka-gimnazija.hr\/wp-content\/uploads\/2019\/08\/DSC_7414-300x200.jpg\" class=\"attachment-medium size-medium\" alt=\"\" srcset=\"https:\/\/katolicka-gimnazija.hr\/wp-content\/uploads\/2019\/08\/DSC_7414-300x200.jpg 300w, https:\/\/katolicka-gimnazija.hr\/wp-content\/uploads\/2019\/08\/DSC_7414-768x512.jpg 768w, https:\/\/katolicka-gimnazija.hr\/wp-content\/uploads\/2019\/08\/DSC_7414-1024x683.jpg 1024w, https:\/\/katolicka-gimnazija.hr\/wp-content\/uploads\/2019\/08\/DSC_7414-400x267.jpg 400w\" sizes=\"auto, (max-width: 300px) 100vw, 300px\" \/><\/a>\n\t\t\t<\/div><\/figure><figure class='gallery-item'>\n\t\t\t<div class='gallery-icon landscape'>\n\t\t\t\t<a href='https:\/\/katolicka-gimnazija.hr\/wp-content\/uploads\/2019\/08\/DSC_7484.jpg'><img loading=\"lazy\" decoding=\"async\" width=\"300\" height=\"200\" src=\"https:\/\/katolicka-gimnazija.hr\/wp-content\/uploads\/2019\/08\/DSC_7484-300x200.jpg\" class=\"attachment-medium size-medium\" alt=\"\" srcset=\"https:\/\/katolicka-gimnazija.hr\/wp-content\/uploads\/2019\/08\/DSC_7484-300x200.jpg 300w, https:\/\/katolicka-gimnazija.hr\/wp-content\/uploads\/2019\/08\/DSC_7484-768x512.jpg 768w, https:\/\/katolicka-gimnazija.hr\/wp-content\/uploads\/2019\/08\/DSC_7484-1024x683.jpg 1024w, https:\/\/katolicka-gimnazija.hr\/wp-content\/uploads\/2019\/08\/DSC_7484-400x267.jpg 400w\" sizes=\"auto, (max-width: 300px) 100vw, 300px\" \/><\/a>\n\t\t\t<\/div><\/figure><figure class='gallery-item'>\n\t\t\t<div class='gallery-icon landscape'>\n\t\t\t\t<a href='https:\/\/katolicka-gimnazija.hr\/wp-content\/uploads\/2019\/08\/DSC_7535.jpg'><img loading=\"lazy\" decoding=\"async\" width=\"300\" height=\"200\" src=\"https:\/\/katolicka-gimnazija.hr\/wp-content\/uploads\/2019\/08\/DSC_7535-300x200.jpg\" class=\"attachment-medium size-medium\" alt=\"\" srcset=\"https:\/\/katolicka-gimnazija.hr\/wp-content\/uploads\/2019\/08\/DSC_7535-300x200.jpg 300w, https:\/\/katolicka-gimnazija.hr\/wp-content\/uploads\/2019\/08\/DSC_7535-768x512.jpg 768w, https:\/\/katolicka-gimnazija.hr\/wp-content\/uploads\/2019\/08\/DSC_7535-1024x683.jpg 1024w, https:\/\/katolicka-gimnazija.hr\/wp-content\/uploads\/2019\/08\/DSC_7535-400x267.jpg 400w\" sizes=\"auto, (max-width: 300px) 100vw, 300px\" \/><\/a>\n\t\t\t<\/div><\/figure><figure class='gallery-item'>\n\t\t\t<div class='gallery-icon landscape'>\n\t\t\t\t<a href='https:\/\/katolicka-gimnazija.hr\/wp-content\/uploads\/2019\/08\/DSC_7623.jpg'><img loading=\"lazy\" decoding=\"async\" width=\"300\" height=\"200\" src=\"https:\/\/katolicka-gimnazija.hr\/wp-content\/uploads\/2019\/08\/DSC_7623-300x200.jpg\" class=\"attachment-medium size-medium\" alt=\"\" srcset=\"https:\/\/katolicka-gimnazija.hr\/wp-content\/uploads\/2019\/08\/DSC_7623-300x200.jpg 300w, https:\/\/katolicka-gimnazija.hr\/wp-content\/uploads\/2019\/08\/DSC_7623-768x512.jpg 768w, https:\/\/katolicka-gimnazija.hr\/wp-content\/uploads\/2019\/08\/DSC_7623-1024x683.jpg 1024w, https:\/\/katolicka-gimnazija.hr\/wp-content\/uploads\/2019\/08\/DSC_7623-400x267.jpg 400w\" sizes=\"auto, (max-width: 300px) 100vw, 300px\" \/><\/a>\n\t\t\t<\/div><\/figure><figure class='gallery-item'>\n\t\t\t<div class='gallery-icon landscape'>\n\t\t\t\t<a href='https:\/\/katolicka-gimnazija.hr\/wp-content\/uploads\/2019\/08\/DSC_7680.jpg'><img loading=\"lazy\" decoding=\"async\" width=\"300\" height=\"200\" src=\"https:\/\/katolicka-gimnazija.hr\/wp-content\/uploads\/2019\/08\/DSC_7680-300x200.jpg\" class=\"attachment-medium size-medium\" alt=\"\" srcset=\"https:\/\/katolicka-gimnazija.hr\/wp-content\/uploads\/2019\/08\/DSC_7680-300x200.jpg 300w, https:\/\/katolicka-gimnazija.hr\/wp-content\/uploads\/2019\/08\/DSC_7680-768x512.jpg 768w, https:\/\/katolicka-gimnazija.hr\/wp-content\/uploads\/2019\/08\/DSC_7680-1024x683.jpg 1024w, https:\/\/katolicka-gimnazija.hr\/wp-content\/uploads\/2019\/08\/DSC_7680-400x267.jpg 400w\" sizes=\"auto, (max-width: 300px) 100vw, 300px\" \/><\/a>\n\t\t\t<\/div><\/figure><figure class='gallery-item'>\n\t\t\t<div class='gallery-icon landscape'>\n\t\t\t\t<a href='https:\/\/katolicka-gimnazija.hr\/wp-content\/uploads\/2019\/08\/DSC_7716.jpg'><img loading=\"lazy\" decoding=\"async\" width=\"300\" height=\"200\" src=\"https:\/\/katolicka-gimnazija.hr\/wp-content\/uploads\/2019\/08\/DSC_7716-300x200.jpg\" class=\"attachment-medium size-medium\" alt=\"\" srcset=\"https:\/\/katolicka-gimnazija.hr\/wp-content\/uploads\/2019\/08\/DSC_7716-300x200.jpg 300w, https:\/\/katolicka-gimnazija.hr\/wp-content\/uploads\/2019\/08\/DSC_7716-768x512.jpg 768w, https:\/\/katolicka-gimnazija.hr\/wp-content\/uploads\/2019\/08\/DSC_7716-1024x683.jpg 1024w, https:\/\/katolicka-gimnazija.hr\/wp-content\/uploads\/2019\/08\/DSC_7716-400x267.jpg 400w\" sizes=\"auto, (max-width: 300px) 100vw, 300px\" \/><\/a>\n\t\t\t<\/div><\/figure><figure class='gallery-item'>\n\t\t\t<div class='gallery-icon landscape'>\n\t\t\t\t<a href='https:\/\/katolicka-gimnazija.hr\/wp-content\/uploads\/2019\/08\/DSC_7788.jpg'><img loading=\"lazy\" decoding=\"async\" width=\"300\" height=\"200\" src=\"https:\/\/katolicka-gimnazija.hr\/wp-content\/uploads\/2019\/08\/DSC_7788-300x200.jpg\" class=\"attachment-medium size-medium\" alt=\"\" srcset=\"https:\/\/katolicka-gimnazija.hr\/wp-content\/uploads\/2019\/08\/DSC_7788-300x200.jpg 300w, https:\/\/katolicka-gimnazija.hr\/wp-content\/uploads\/2019\/08\/DSC_7788-768x512.jpg 768w, https:\/\/katolicka-gimnazija.hr\/wp-content\/uploads\/2019\/08\/DSC_7788-1024x683.jpg 1024w, https:\/\/katolicka-gimnazija.hr\/wp-content\/uploads\/2019\/08\/DSC_7788-400x267.jpg 400w\" sizes=\"auto, (max-width: 300px) 100vw, 300px\" \/><\/a>\n\t\t\t<\/div><\/figure><figure class='gallery-item'>\n\t\t\t<div class='gallery-icon landscape'>\n\t\t\t\t<a href='https:\/\/katolicka-gimnazija.hr\/wp-content\/uploads\/2019\/08\/DSC_7973.jpg'><img loading=\"lazy\" decoding=\"async\" width=\"300\" height=\"200\" src=\"https:\/\/katolicka-gimnazija.hr\/wp-content\/uploads\/2019\/08\/DSC_7973-300x200.jpg\" class=\"attachment-medium size-medium\" alt=\"\" srcset=\"https:\/\/katolicka-gimnazija.hr\/wp-content\/uploads\/2019\/08\/DSC_7973-300x200.jpg 300w, https:\/\/katolicka-gimnazija.hr\/wp-content\/uploads\/2019\/08\/DSC_7973-768x512.jpg 768w, https:\/\/katolicka-gimnazija.hr\/wp-content\/uploads\/2019\/08\/DSC_7973-1024x683.jpg 1024w, https:\/\/katolicka-gimnazija.hr\/wp-content\/uploads\/2019\/08\/DSC_7973-400x267.jpg 400w\" sizes=\"auto, (max-width: 300px) 100vw, 300px\" \/><\/a>\n\t\t\t<\/div><\/figure><figure class='gallery-item'>\n\t\t\t<div class='gallery-icon landscape'>\n\t\t\t\t<a href='https:\/\/katolicka-gimnazija.hr\/wp-content\/uploads\/2019\/08\/DSC_7995.jpg'><img loading=\"lazy\" decoding=\"async\" width=\"300\" height=\"200\" src=\"https:\/\/katolicka-gimnazija.hr\/wp-content\/uploads\/2019\/08\/DSC_7995-300x200.jpg\" class=\"attachment-medium size-medium\" alt=\"\" srcset=\"https:\/\/katolicka-gimnazija.hr\/wp-content\/uploads\/2019\/08\/DSC_7995-300x200.jpg 300w, https:\/\/katolicka-gimnazija.hr\/wp-content\/uploads\/2019\/08\/DSC_7995-768x512.jpg 768w, https:\/\/katolicka-gimnazija.hr\/wp-content\/uploads\/2019\/08\/DSC_7995-1024x683.jpg 1024w, https:\/\/katolicka-gimnazija.hr\/wp-content\/uploads\/2019\/08\/DSC_7995-400x267.jpg 400w\" sizes=\"auto, (max-width: 300px) 100vw, 300px\" \/><\/a>\n\t\t\t<\/div><\/figure><figure class='gallery-item'>\n\t\t\t<div class='gallery-icon landscape'>\n\t\t\t\t<a href='https:\/\/katolicka-gimnazija.hr\/wp-content\/uploads\/2019\/08\/DSC_8105.jpg'><img loading=\"lazy\" decoding=\"async\" width=\"300\" height=\"200\" src=\"https:\/\/katolicka-gimnazija.hr\/wp-content\/uploads\/2019\/08\/DSC_8105-300x200.jpg\" class=\"attachment-medium size-medium\" alt=\"\" srcset=\"https:\/\/katolicka-gimnazija.hr\/wp-content\/uploads\/2019\/08\/DSC_8105-300x200.jpg 300w, https:\/\/katolicka-gimnazija.hr\/wp-content\/uploads\/2019\/08\/DSC_8105-768x512.jpg 768w, https:\/\/katolicka-gimnazija.hr\/wp-content\/uploads\/2019\/08\/DSC_8105-1024x683.jpg 1024w, https:\/\/katolicka-gimnazija.hr\/wp-content\/uploads\/2019\/08\/DSC_8105-400x267.jpg 400w\" sizes=\"auto, (max-width: 300px) 100vw, 300px\" \/><\/a>\n\t\t\t<\/div><\/figure><figure class='gallery-item'>\n\t\t\t<div class='gallery-icon landscape'>\n\t\t\t\t<a href='https:\/\/katolicka-gimnazija.hr\/wp-content\/uploads\/2019\/08\/DSC_8152.jpg'><img loading=\"lazy\" decoding=\"async\" width=\"300\" height=\"200\" src=\"https:\/\/katolicka-gimnazija.hr\/wp-content\/uploads\/2019\/08\/DSC_8152-300x200.jpg\" class=\"attachment-medium size-medium\" alt=\"\" srcset=\"https:\/\/katolicka-gimnazija.hr\/wp-content\/uploads\/2019\/08\/DSC_8152-300x200.jpg 300w, https:\/\/katolicka-gimnazija.hr\/wp-content\/uploads\/2019\/08\/DSC_8152-768x512.jpg 768w, https:\/\/katolicka-gimnazija.hr\/wp-content\/uploads\/2019\/08\/DSC_8152-1024x683.jpg 1024w, https:\/\/katolicka-gimnazija.hr\/wp-content\/uploads\/2019\/08\/DSC_8152-400x267.jpg 400w\" sizes=\"auto, (max-width: 300px) 100vw, 300px\" \/><\/a>\n\t\t\t<\/div><\/figure><figure class='gallery-item'>\n\t\t\t<div class='gallery-icon landscape'>\n\t\t\t\t<a href='https:\/\/katolicka-gimnazija.hr\/wp-content\/uploads\/2019\/08\/DSC_8206.jpg'><img loading=\"lazy\" decoding=\"async\" width=\"300\" height=\"200\" src=\"https:\/\/katolicka-gimnazija.hr\/wp-content\/uploads\/2019\/08\/DSC_8206-300x200.jpg\" class=\"attachment-medium size-medium\" alt=\"\" srcset=\"https:\/\/katolicka-gimnazija.hr\/wp-content\/uploads\/2019\/08\/DSC_8206-300x200.jpg 300w, https:\/\/katolicka-gimnazija.hr\/wp-content\/uploads\/2019\/08\/DSC_8206-768x512.jpg 768w, https:\/\/katolicka-gimnazija.hr\/wp-content\/uploads\/2019\/08\/DSC_8206-1024x683.jpg 1024w, https:\/\/katolicka-gimnazija.hr\/wp-content\/uploads\/2019\/08\/DSC_8206-400x267.jpg 400w\" sizes=\"auto, (max-width: 300px) 100vw, 300px\" \/><\/a>\n\t\t\t<\/div><\/figure><figure class='gallery-item'>\n\t\t\t<div class='gallery-icon landscape'>\n\t\t\t\t<a href='https:\/\/katolicka-gimnazija.hr\/wp-content\/uploads\/2019\/08\/DSC_8441.jpg'><img loading=\"lazy\" decoding=\"async\" width=\"300\" height=\"200\" src=\"https:\/\/katolicka-gimnazija.hr\/wp-content\/uploads\/2019\/08\/DSC_8441-300x200.jpg\" class=\"attachment-medium size-medium\" alt=\"\" srcset=\"https:\/\/katolicka-gimnazija.hr\/wp-content\/uploads\/2019\/08\/DSC_8441-300x200.jpg 300w, https:\/\/katolicka-gimnazija.hr\/wp-content\/uploads\/2019\/08\/DSC_8441-768x512.jpg 768w, https:\/\/katolicka-gimnazija.hr\/wp-content\/uploads\/2019\/08\/DSC_8441-1024x683.jpg 1024w, https:\/\/katolicka-gimnazija.hr\/wp-content\/uploads\/2019\/08\/DSC_8441-400x267.jpg 400w, https:\/\/katolicka-gimnazija.hr\/wp-content\/uploads\/2019\/08\/DSC_8441.jpg 1500w\" sizes=\"auto, (max-width: 300px) 100vw, 300px\" \/><\/a>\n\t\t\t<\/div><\/figure><figure class='gallery-item'>\n\t\t\t<div class='gallery-icon landscape'>\n\t\t\t\t<a href='https:\/\/katolicka-gimnazija.hr\/wp-content\/uploads\/2019\/08\/misa-5.jpg'><img loading=\"lazy\" decoding=\"async\" width=\"300\" height=\"200\" src=\"https:\/\/katolicka-gimnazija.hr\/wp-content\/uploads\/2019\/08\/misa-5-300x200.jpg\" class=\"attachment-medium size-medium\" alt=\"\" srcset=\"https:\/\/katolicka-gimnazija.hr\/wp-content\/uploads\/2019\/08\/misa-5-300x200.jpg 300w, https:\/\/katolicka-gimnazija.hr\/wp-content\/uploads\/2019\/08\/misa-5-768x512.jpg 768w, https:\/\/katolicka-gimnazija.hr\/wp-content\/uploads\/2019\/08\/misa-5-1024x683.jpg 1024w, https:\/\/katolicka-gimnazija.hr\/wp-content\/uploads\/2019\/08\/misa-5-400x267.jpg 400w\" sizes=\"auto, (max-width: 300px) 100vw, 300px\" \/><\/a>\n\t\t\t<\/div><\/figure><figure class='gallery-item'>\n\t\t\t<div class='gallery-icon landscape'>\n\t\t\t\t<a href='https:\/\/katolicka-gimnazija.hr\/wp-content\/uploads\/2019\/08\/misa-6.jpg'><img loading=\"lazy\" decoding=\"async\" width=\"300\" height=\"200\" src=\"https:\/\/katolicka-gimnazija.hr\/wp-content\/uploads\/2019\/08\/misa-6-300x200.jpg\" class=\"attachment-medium size-medium\" alt=\"\" srcset=\"https:\/\/katolicka-gimnazija.hr\/wp-content\/uploads\/2019\/08\/misa-6-300x200.jpg 300w, https:\/\/katolicka-gimnazija.hr\/wp-content\/uploads\/2019\/08\/misa-6-768x512.jpg 768w, https:\/\/katolicka-gimnazija.hr\/wp-content\/uploads\/2019\/08\/misa-6-1024x682.jpg 1024w, https:\/\/katolicka-gimnazija.hr\/wp-content\/uploads\/2019\/08\/misa-6-400x267.jpg 400w, https:\/\/katolicka-gimnazija.hr\/wp-content\/uploads\/2019\/08\/misa-6.jpg 2000w\" sizes=\"auto, (max-width: 300px) 100vw, 300px\" \/><\/a>\n\t\t\t<\/div><\/figure>\n\t\t<\/div>\n\n","protected":false},"excerpt":{"rendered":"<p>Od 23. do 30. kolovoza maturanti Katoli\u010dke gimnazije u Po\u017eegi i Katoli\u010dke klasi\u010dne gimnazije u Virovitici, predvo\u0111eni vjerou\u010diteljem Marijanom Paveli\u0107em i svojim profesorima boravili su u Rimu na svom zahvalnom hodo\u010da\u0161\u0107u. Putuju\u0107i prema Rimu zaustavili su se u Asizu te razgledali baziliku i samostan sv. Franje, baziliku sv. Klare, Porcijunkulu i druge znamenitosti grada. Po [&hellip;]<\/p>\n","protected":false},"author":2,"featured_media":17169,"comment_status":"closed","ping_status":"closed","sticky":false,"template":"","format":"standard","meta":{"footnotes":""},"categories":[4,213,2],"tags":[],"class_list":["post-17168","post","type-post","status-publish","format-standard","has-post-thumbnail","hentry","category-fotogalerije","category-putovanja","category-vijesti"],"_links":{"self":[{"href":"https:\/\/katolicka-gimnazija.hr\/index.php\/wp-json\/wp\/v2\/posts\/17168","targetHints":{"allow":["GET"]}}],"collection":[{"href":"https:\/\/katolicka-gimnazija.hr\/index.php\/wp-json\/wp\/v2\/posts"}],"about":[{"href":"https:\/\/katolicka-gimnazija.hr\/index.php\/wp-json\/wp\/v2\/types\/post"}],"author":[{"embeddable":true,"href":"https:\/\/katolicka-gimnazija.hr\/index.php\/wp-json\/wp\/v2\/users\/2"}],"replies":[{"embeddable":true,"href":"https:\/\/katolicka-gimnazija.hr\/index.php\/wp-json\/wp\/v2\/comments?post=17168"}],"version-history":[{"count":2,"href":"https:\/\/katolicka-gimnazija.hr\/index.php\/wp-json\/wp\/v2\/posts\/17168\/revisions"}],"predecessor-version":[{"id":17193,"href":"https:\/\/katolicka-gimnazija.hr\/index.php\/wp-json\/wp\/v2\/posts\/17168\/revisions\/17193"}],"wp:featuredmedia":[{"embeddable":true,"href":"https:\/\/katolicka-gimnazija.hr\/index.php\/wp-json\/wp\/v2\/media\/17169"}],"wp:attachment":[{"href":"https:\/\/katolicka-gimnazija.hr\/index.php\/wp-json\/wp\/v2\/media?parent=17168"}],"wp:term":[{"taxonomy":"category","embeddable":true,"href":"https:\/\/katolicka-gimnazija.hr\/index.php\/wp-json\/wp\/v2\/categories?post=17168"},{"taxonomy":"post_tag","embeddable":true,"href":"https:\/\/katolicka-gimnazija.hr\/index.php\/wp-json\/wp\/v2\/tags?post=17168"}],"curies":[{"name":"wp","href":"https:\/\/api.w.org\/{rel}","templated":true}]}}