{"id":1720,"date":"2015-11-15T09:47:30","date_gmt":"2015-11-15T09:47:30","guid":{"rendered":"http:\/\/katolicka-gimnazija.hr\/?p=1720"},"modified":"2018-12-28T14:51:59","modified_gmt":"2018-12-28T14:51:59","slug":"zagreb-za-svakoga-po-nesto","status":"publish","type":"post","link":"https:\/\/katolicka-gimnazija.hr\/index.php\/2015\/11\/15\/zagreb-za-svakoga-po-nesto\/","title":{"rendered":"Zagreb \u2013 za svakoga po ne\u0161to"},"content":{"rendered":"<div class=\"_209g _2vxa\" data-block=\"true\" data-offset-key=\"ducbi-0-0\"><\/div>\n<div class=\"_209g _2vxa\" data-block=\"true\" data-offset-key=\"ducbi-0-0\"><span data-offset-key=\"156sk-0-0\"><span data-text=\"true\">Na petak 13. mjeseca studenog u\u010denici Katoli\u010dke gimnazije uputili su se put Zagreba na Interliber ali svaki razred prema svom programu.\u00a0<\/span><\/span><span style=\"line-height: 1.5;\">Prvi i tre\u0107i razredi posjetili su izlo\u017ebu Leonardo da Vinci \u2013 genij i njegovi izumi u Kineskom paviljonu Zagreba\u010dkog velesajma. Kao drugi dio programa prvi i drugi razredi i\u0161li su u CineStar gdje se za njih prikazivao dokumentarni film Amazonija 3D. Drugi razredi tako\u0111er su tijekom svog bogatog dan posjetili Prirodoslovni muzej.<\/span><\/div>\n<div class=\"_209g _2vxa\" data-block=\"true\" data-offset-key=\"74bj0-0-0\"><span data-offset-key=\"74bj0-0-0\"><span data-text=\"true\">Kao sredi\u0161nji dio dana svi su razredi imali priliku posjetiti Zagreba\u010dki velesajam, to\u010dnije me\u0111unarodni sajam knjiga i Interliber ili Sajam glazbe i multimedije \u2013 infogamer by reboot. Maturanti na\u0161e gimnazije u sklopu upisa na fakultet posjetili su Studentski centar gdje se odr\u017eala Smotra fakulteta. Pored toga, jutro su iskoristili za posjet jedinstvenom u svijetu Muzeju krapinskih neandertalaca. <\/span><\/span><\/div>\n<div class=\"_209g _2vxa\" data-block=\"true\" data-offset-key=\"9sf26-0-0\"><span data-offset-key=\"9sf26-0-0\"><span data-text=\"true\">Ve\u010der u Zagrebu do\u010dekali su tre\u0107i i \u010detvrti razredi koji su u Zagreba\u010dkom kazali\u0161tu mladih pogledali predstavu Elza hoda kroz zidove. Predstavu su pogledali i \u010dlanovi dramske dru\u017eine i neki biv\u0161i u\u010denici na\u0161e \u0161kole.<\/span><\/span><\/div>\n<div class=\"_209g _2vxa\" data-block=\"true\" data-offset-key=\"9sf26-0-0\">\n<div id='gallery-1' class='gallery galleryid-1720 gallery-columns-3 gallery-size-medium'><figure class='gallery-item'>\n\t\t\t<div class='gallery-icon landscape'>\n\t\t\t\t<a href='https:\/\/katolicka-gimnazija.hr\/wp-content\/uploads\/2015\/11\/12231181_1029271530456242_1939600603_n1.jpg'><img loading=\"lazy\" decoding=\"async\" width=\"300\" height=\"225\" src=\"https:\/\/katolicka-gimnazija.hr\/wp-content\/uploads\/2015\/11\/12231181_1029271530456242_1939600603_n1-300x225.jpg\" class=\"attachment-medium size-medium\" alt=\"\" srcset=\"https:\/\/katolicka-gimnazija.hr\/wp-content\/uploads\/2015\/11\/12231181_1029271530456242_1939600603_n1-300x225.jpg 300w, https:\/\/katolicka-gimnazija.hr\/wp-content\/uploads\/2015\/11\/12231181_1029271530456242_1939600603_n1-768x576.jpg 768w, https:\/\/katolicka-gimnazija.hr\/wp-content\/uploads\/2015\/11\/12231181_1029271530456242_1939600603_n1-400x300.jpg 400w, https:\/\/katolicka-gimnazija.hr\/wp-content\/uploads\/2015\/11\/12231181_1029271530456242_1939600603_n1-360x270.jpg 360w, https:\/\/katolicka-gimnazija.hr\/wp-content\/uploads\/2015\/11\/12231181_1029271530456242_1939600603_n1-750x563.jpg 750w, https:\/\/katolicka-gimnazija.hr\/wp-content\/uploads\/2015\/11\/12231181_1029271530456242_1939600603_n1-430x323.jpg 430w, https:\/\/katolicka-gimnazija.hr\/wp-content\/uploads\/2015\/11\/12231181_1029271530456242_1939600603_n1-150x113.jpg 150w, https:\/\/katolicka-gimnazija.hr\/wp-content\/uploads\/2015\/11\/12231181_1029271530456242_1939600603_n1-100x75.jpg 100w, https:\/\/katolicka-gimnazija.hr\/wp-content\/uploads\/2015\/11\/12231181_1029271530456242_1939600603_n1.jpg 960w\" sizes=\"auto, (max-width: 300px) 100vw, 300px\" \/><\/a>\n\t\t\t<\/div><\/figure><figure class='gallery-item'>\n\t\t\t<div class='gallery-icon landscape'>\n\t\t\t\t<a href='https:\/\/katolicka-gimnazija.hr\/wp-content\/uploads\/2015\/11\/111.jpg'><img loading=\"lazy\" decoding=\"async\" width=\"300\" height=\"225\" src=\"https:\/\/katolicka-gimnazija.hr\/wp-content\/uploads\/2015\/11\/111-300x225.jpg\" class=\"attachment-medium size-medium\" alt=\"\" srcset=\"https:\/\/katolicka-gimnazija.hr\/wp-content\/uploads\/2015\/11\/111-300x225.jpg 300w, https:\/\/katolicka-gimnazija.hr\/wp-content\/uploads\/2015\/11\/111-768x576.jpg 768w, https:\/\/katolicka-gimnazija.hr\/wp-content\/uploads\/2015\/11\/111-400x300.jpg 400w, https:\/\/katolicka-gimnazija.hr\/wp-content\/uploads\/2015\/11\/111-360x270.jpg 360w, https:\/\/katolicka-gimnazija.hr\/wp-content\/uploads\/2015\/11\/111-750x563.jpg 750w, https:\/\/katolicka-gimnazija.hr\/wp-content\/uploads\/2015\/11\/111-430x323.jpg 430w, https:\/\/katolicka-gimnazija.hr\/wp-content\/uploads\/2015\/11\/111-150x113.jpg 150w, https:\/\/katolicka-gimnazija.hr\/wp-content\/uploads\/2015\/11\/111-100x75.jpg 100w, https:\/\/katolicka-gimnazija.hr\/wp-content\/uploads\/2015\/11\/111.jpg 960w\" sizes=\"auto, (max-width: 300px) 100vw, 300px\" \/><\/a>\n\t\t\t<\/div><\/figure><figure class='gallery-item'>\n\t\t\t<div class='gallery-icon landscape'>\n\t\t\t\t<a href='https:\/\/katolicka-gimnazija.hr\/wp-content\/uploads\/2015\/11\/131.jpg'><img loading=\"lazy\" decoding=\"async\" width=\"300\" height=\"200\" src=\"https:\/\/katolicka-gimnazija.hr\/wp-content\/uploads\/2015\/11\/131-300x200.jpg\" class=\"attachment-medium size-medium\" alt=\"\" srcset=\"https:\/\/katolicka-gimnazija.hr\/wp-content\/uploads\/2015\/11\/131-300x200.jpg 300w, https:\/\/katolicka-gimnazija.hr\/wp-content\/uploads\/2015\/11\/131-400x266.jpg 400w, https:\/\/katolicka-gimnazija.hr\/wp-content\/uploads\/2015\/11\/131-360x240.jpg 360w, https:\/\/katolicka-gimnazija.hr\/wp-content\/uploads\/2015\/11\/131-430x286.jpg 430w, https:\/\/katolicka-gimnazija.hr\/wp-content\/uploads\/2015\/11\/131-150x100.jpg 150w, https:\/\/katolicka-gimnazija.hr\/wp-content\/uploads\/2015\/11\/131-100x67.jpg 100w, https:\/\/katolicka-gimnazija.hr\/wp-content\/uploads\/2015\/11\/131.jpg 640w\" sizes=\"auto, (max-width: 300px) 100vw, 300px\" \/><\/a>\n\t\t\t<\/div><\/figure><figure class='gallery-item'>\n\t\t\t<div class='gallery-icon landscape'>\n\t\t\t\t<a href='https:\/\/katolicka-gimnazija.hr\/wp-content\/uploads\/2015\/11\/Interliber-privukao-u-sest-dana-100-tisuca-posjetitelja_ca_large.jpg'><img loading=\"lazy\" decoding=\"async\" width=\"300\" height=\"199\" src=\"https:\/\/katolicka-gimnazija.hr\/wp-content\/uploads\/2015\/11\/Interliber-privukao-u-sest-dana-100-tisuca-posjetitelja_ca_large-300x199.jpg\" class=\"attachment-medium size-medium\" alt=\"\" srcset=\"https:\/\/katolicka-gimnazija.hr\/wp-content\/uploads\/2015\/11\/Interliber-privukao-u-sest-dana-100-tisuca-posjetitelja_ca_large-300x199.jpg 300w, https:\/\/katolicka-gimnazija.hr\/wp-content\/uploads\/2015\/11\/Interliber-privukao-u-sest-dana-100-tisuca-posjetitelja_ca_large-400x266.jpg 400w, https:\/\/katolicka-gimnazija.hr\/wp-content\/uploads\/2015\/11\/Interliber-privukao-u-sest-dana-100-tisuca-posjetitelja_ca_large-360x239.jpg 360w, https:\/\/katolicka-gimnazija.hr\/wp-content\/uploads\/2015\/11\/Interliber-privukao-u-sest-dana-100-tisuca-posjetitelja_ca_large-430x286.jpg 430w, https:\/\/katolicka-gimnazija.hr\/wp-content\/uploads\/2015\/11\/Interliber-privukao-u-sest-dana-100-tisuca-posjetitelja_ca_large-150x100.jpg 150w, https:\/\/katolicka-gimnazija.hr\/wp-content\/uploads\/2015\/11\/Interliber-privukao-u-sest-dana-100-tisuca-posjetitelja_ca_large-100x66.jpg 100w, https:\/\/katolicka-gimnazija.hr\/wp-content\/uploads\/2015\/11\/Interliber-privukao-u-sest-dana-100-tisuca-posjetitelja_ca_large.jpg 518w\" sizes=\"auto, (max-width: 300px) 100vw, 300px\" \/><\/a>\n\t\t\t<\/div><\/figure>\n\t\t<\/div>\n\n<\/div>\n<p>&nbsp; <\/p>\n","protected":false},"excerpt":{"rendered":"<p>Na petak 13. mjeseca studenog u\u010denici Katoli\u010dke gimnazije uputili su se put Zagreba na Interliber ali svaki razred prema svom programu.\u00a0Prvi i tre\u0107i razredi posjetili su izlo\u017ebu Leonardo da Vinci \u2013 genij i njegovi izumi u Kineskom paviljonu Zagreba\u010dkog velesajma. Kao drugi dio programa prvi i drugi razredi i\u0161li su u CineStar gdje se za [&hellip;]<\/p>\n","protected":false},"author":44,"featured_media":1721,"comment_status":"closed","ping_status":"closed","sticky":false,"template":"","format":"standard","meta":{"footnotes":""},"categories":[2],"tags":[],"class_list":["post-1720","post","type-post","status-publish","format-standard","has-post-thumbnail","hentry","category-vijesti"],"_links":{"self":[{"href":"https:\/\/katolicka-gimnazija.hr\/index.php\/wp-json\/wp\/v2\/posts\/1720","targetHints":{"allow":["GET"]}}],"collection":[{"href":"https:\/\/katolicka-gimnazija.hr\/index.php\/wp-json\/wp\/v2\/posts"}],"about":[{"href":"https:\/\/katolicka-gimnazija.hr\/index.php\/wp-json\/wp\/v2\/types\/post"}],"author":[{"embeddable":true,"href":"https:\/\/katolicka-gimnazija.hr\/index.php\/wp-json\/wp\/v2\/users\/44"}],"replies":[{"embeddable":true,"href":"https:\/\/katolicka-gimnazija.hr\/index.php\/wp-json\/wp\/v2\/comments?post=1720"}],"version-history":[{"count":2,"href":"https:\/\/katolicka-gimnazija.hr\/index.php\/wp-json\/wp\/v2\/posts\/1720\/revisions"}],"predecessor-version":[{"id":15186,"href":"https:\/\/katolicka-gimnazija.hr\/index.php\/wp-json\/wp\/v2\/posts\/1720\/revisions\/15186"}],"wp:featuredmedia":[{"embeddable":true,"href":"https:\/\/katolicka-gimnazija.hr\/index.php\/wp-json\/wp\/v2\/media\/1721"}],"wp:attachment":[{"href":"https:\/\/katolicka-gimnazija.hr\/index.php\/wp-json\/wp\/v2\/media?parent=1720"}],"wp:term":[{"taxonomy":"category","embeddable":true,"href":"https:\/\/katolicka-gimnazija.hr\/index.php\/wp-json\/wp\/v2\/categories?post=1720"},{"taxonomy":"post_tag","embeddable":true,"href":"https:\/\/katolicka-gimnazija.hr\/index.php\/wp-json\/wp\/v2\/tags?post=1720"}],"curies":[{"name":"wp","href":"https:\/\/api.w.org\/{rel}","templated":true}]}}