{"id":17350,"date":"2019-09-18T11:27:47","date_gmt":"2019-09-18T11:27:47","guid":{"rendered":"http:\/\/katolicka-gimnazija.hr\/?p=17350"},"modified":"2019-09-18T11:27:47","modified_gmt":"2019-09-18T11:27:47","slug":"ljetna-skola-povijesti-2019","status":"publish","type":"post","link":"https:\/\/katolicka-gimnazija.hr\/index.php\/2019\/09\/18\/ljetna-skola-povijesti-2019\/","title":{"rendered":"Ljetna \u0161kola povijesti 2019."},"content":{"rendered":"<p>Dragi u\u010denici, po\u0161tovani djelatnici,<\/p>\n<p>najavljujemo <strong>Ljetnu \u0161kolu povijesti<\/strong> kojoj \u0107emo i ove godine biti doma\u0107ini. Donosimo i raspored programa oba dana.<\/p>\n<p>&nbsp;<\/p>\n<p><strong>Organizator:<\/strong> Povijesno dru\u0161tvo Po\u017eega i suradnici<\/p>\n<p><strong>Voditelj projekta:<\/strong> Vinko Tadi\u0107, prof.<\/p>\n<p><strong>Vrijeme odr\u017eavanja:<\/strong> petak 20. i subota 21. rujna 2019.<\/p>\n<p><strong>Mjesto:<\/strong> Katoli\u010dka gimnazija u Po\u017eegi (prvi dan), Osijek (drugi dan)<\/p>\n<p>&nbsp;<\/p>\n<p><strong>Prvi dan <\/strong><\/p>\n<p><strong>Tema: Stara Gr\u010dka <\/strong><\/p>\n<p>14.00 otvorenje Ljetne \u0161kole povijesti (Vinko Tadi\u0107, prof.)<\/p>\n<p>14.30 \u2013 15.15 Uvod u povijest Stare Gr\u010dke (Nata\u0161a Pulja\u0161i\u0107, prof.)<\/p>\n<p>15.20-17.35 predavanja i radionice:<\/p>\n<p>Graditeljstvo i umjetnost Stare Gr\u010dke (Vera \u0106u\u017ee Abramovi\u0107, prof.)<\/p>\n<p>Spartanski odgoj i atenska obitelj (Zoran Jeki\u0107, mag.)<\/p>\n<p>Religija i kult (Ivan \u0160umiga, mag.)<\/p>\n<p>Znanost i medicina u Staroj Gr\u010dkoj (Julijana Madaj Prpi\u0107, prof. i Mirela Prskavac, prof.)<\/p>\n<p>Starogr\u010dki matemati\u010dari (Marija Glibo \u010culjak, prof. i Katarina Kotrla, prof.)<\/p>\n<p>Kazali\u0161te, knji\u017eevnost i filozofija u Staroj Gr\u010dkoj (Ivor \u010cevapovi\u0107, mag.)<\/p>\n<p>Ilijada i Odiseja (Josip Kati\u0107, prof., Mihaela Markovac, prof.)<\/p>\n<p>17.40\u00a0 &#8211; 18.20 Diskusija i prezentacije rezultata<\/p>\n<p><strong>Drugi dan\u00a0 <\/strong><\/p>\n<p>Terenska nastava u Osijeku: <strong>\u201eIzabrane teme starije povijesti prostora dana\u0161nje Slavonije\u201c<\/strong><\/p>\n<p>Polazak u Osijek je u 8 sati ispred Gimnazije Po\u017eega, Ulica dr. Franje Tu\u0111mana 4. Odmah nakon dolaska u Osijek u\u010denice i u\u010denici posjetit \u0107e Muzej Slavonije (izlo\u017ebeni dio: stalni postav, anti\u010dka Mursa, Tvr\u0111a u Osijeku, radionica) uz stru\u010dno vodstvo. Ru\u010dak je predvi\u0111en u 12.15 sati, a od 13.15 do 14.15. u\u010denice i u\u010denici \u0107e, uz stru\u010dno vodstvo, razgledavati znamenitosti Osijeka. Od 14.15. do 16.15 predvi\u0111eno je slobodno vrijeme u centru Osijeka. Ukupna cijena puta je 155 kuna.<\/p>\n<p>&nbsp;<\/p>\n<p>&nbsp;<\/p>\n","protected":false},"excerpt":{"rendered":"<p>Dragi u\u010denici, po\u0161tovani djelatnici, najavljujemo Ljetnu \u0161kolu povijesti kojoj \u0107emo i ove godine biti doma\u0107ini. Donosimo i raspored programa oba dana. &nbsp; Organizator: Povijesno dru\u0161tvo Po\u017eega i suradnici Voditelj projekta: Vinko Tadi\u0107, prof. Vrijeme odr\u017eavanja: petak 20. i subota 21. rujna 2019. Mjesto: Katoli\u010dka gimnazija u Po\u017eegi (prvi dan), Osijek (drugi dan) &nbsp; Prvi dan [&hellip;]<\/p>\n","protected":false},"author":2,"featured_media":0,"comment_status":"closed","ping_status":"closed","sticky":false,"template":"","format":"standard","meta":{"footnotes":""},"categories":[3],"tags":[],"class_list":["post-17350","post","type-post","status-publish","format-standard","hentry","category-obavijesti"],"_links":{"self":[{"href":"https:\/\/katolicka-gimnazija.hr\/index.php\/wp-json\/wp\/v2\/posts\/17350","targetHints":{"allow":["GET"]}}],"collection":[{"href":"https:\/\/katolicka-gimnazija.hr\/index.php\/wp-json\/wp\/v2\/posts"}],"about":[{"href":"https:\/\/katolicka-gimnazija.hr\/index.php\/wp-json\/wp\/v2\/types\/post"}],"author":[{"embeddable":true,"href":"https:\/\/katolicka-gimnazija.hr\/index.php\/wp-json\/wp\/v2\/users\/2"}],"replies":[{"embeddable":true,"href":"https:\/\/katolicka-gimnazija.hr\/index.php\/wp-json\/wp\/v2\/comments?post=17350"}],"version-history":[{"count":1,"href":"https:\/\/katolicka-gimnazija.hr\/index.php\/wp-json\/wp\/v2\/posts\/17350\/revisions"}],"predecessor-version":[{"id":17352,"href":"https:\/\/katolicka-gimnazija.hr\/index.php\/wp-json\/wp\/v2\/posts\/17350\/revisions\/17352"}],"wp:attachment":[{"href":"https:\/\/katolicka-gimnazija.hr\/index.php\/wp-json\/wp\/v2\/media?parent=17350"}],"wp:term":[{"taxonomy":"category","embeddable":true,"href":"https:\/\/katolicka-gimnazija.hr\/index.php\/wp-json\/wp\/v2\/categories?post=17350"},{"taxonomy":"post_tag","embeddable":true,"href":"https:\/\/katolicka-gimnazija.hr\/index.php\/wp-json\/wp\/v2\/tags?post=17350"}],"curies":[{"name":"wp","href":"https:\/\/api.w.org\/{rel}","templated":true}]}}