{"id":17381,"date":"2019-09-19T19:39:34","date_gmt":"2019-09-19T19:39:34","guid":{"rendered":"http:\/\/katolicka-gimnazija.hr\/?p=17381"},"modified":"2019-09-19T19:39:34","modified_gmt":"2019-09-19T19:39:34","slug":"poziv-na-zelenu-cistku","status":"publish","type":"post","link":"https:\/\/katolicka-gimnazija.hr\/index.php\/2019\/09\/19\/poziv-na-zelenu-cistku\/","title":{"rendered":"Poziv na Zelenu \u010distku"},"content":{"rendered":"<p>Ako jo\u0161 niste sigurni kako \u0107ete iskoristiti subotnje dopodne 21.9., pridru\u017eite se Zelenoj \u010distki. To je nacionalna kampanja koja ima za cilj podizanje svijesti gra\u0111ana Hrvatske o njihovoj ulozi u stvaranju i na\u010dinu odlaganja otpada. Grad Po\u017eega je prepoznao va\u017enost kampanje Zelena \u010distka te \u0107e se akcijom \u010di\u0161\u0107enja otpada na podru\u010dju Grada Po\u017eege priklju\u010diti istoj. Okupljanje je na parkirali\u0161tu iza Gradske ku\u0107e u 8,30 sati.<\/p>\n<p>Nakon toga, naravno, pridru\u017eite nam se na sve\u010danom misnom slavlju u po\u017ee\u0161koj katedrali na proslavi Biskupijskoga dana.<\/p>\n<p style=\"text-align: center;\">\n","protected":false},"excerpt":{"rendered":"<p>Ako jo\u0161 niste sigurni kako \u0107ete iskoristiti subotnje dopodne 21.9., pridru\u017eite se Zelenoj \u010distki. To je nacionalna kampanja koja ima za cilj podizanje svijesti gra\u0111ana Hrvatske o njihovoj ulozi u stvaranju i na\u010dinu odlaganja otpada. Grad Po\u017eega je prepoznao va\u017enost kampanje Zelena \u010distka te \u0107e se akcijom \u010di\u0161\u0107enja otpada na podru\u010dju Grada Po\u017eege priklju\u010diti istoj. [&hellip;]<\/p>\n","protected":false},"author":2,"featured_media":17382,"comment_status":"closed","ping_status":"closed","sticky":false,"template":"","format":"standard","meta":{"footnotes":""},"categories":[3],"tags":[],"class_list":["post-17381","post","type-post","status-publish","format-standard","has-post-thumbnail","hentry","category-obavijesti"],"_links":{"self":[{"href":"https:\/\/katolicka-gimnazija.hr\/index.php\/wp-json\/wp\/v2\/posts\/17381","targetHints":{"allow":["GET"]}}],"collection":[{"href":"https:\/\/katolicka-gimnazija.hr\/index.php\/wp-json\/wp\/v2\/posts"}],"about":[{"href":"https:\/\/katolicka-gimnazija.hr\/index.php\/wp-json\/wp\/v2\/types\/post"}],"author":[{"embeddable":true,"href":"https:\/\/katolicka-gimnazija.hr\/index.php\/wp-json\/wp\/v2\/users\/2"}],"replies":[{"embeddable":true,"href":"https:\/\/katolicka-gimnazija.hr\/index.php\/wp-json\/wp\/v2\/comments?post=17381"}],"version-history":[{"count":1,"href":"https:\/\/katolicka-gimnazija.hr\/index.php\/wp-json\/wp\/v2\/posts\/17381\/revisions"}],"predecessor-version":[{"id":17383,"href":"https:\/\/katolicka-gimnazija.hr\/index.php\/wp-json\/wp\/v2\/posts\/17381\/revisions\/17383"}],"wp:featuredmedia":[{"embeddable":true,"href":"https:\/\/katolicka-gimnazija.hr\/index.php\/wp-json\/wp\/v2\/media\/17382"}],"wp:attachment":[{"href":"https:\/\/katolicka-gimnazija.hr\/index.php\/wp-json\/wp\/v2\/media?parent=17381"}],"wp:term":[{"taxonomy":"category","embeddable":true,"href":"https:\/\/katolicka-gimnazija.hr\/index.php\/wp-json\/wp\/v2\/categories?post=17381"},{"taxonomy":"post_tag","embeddable":true,"href":"https:\/\/katolicka-gimnazija.hr\/index.php\/wp-json\/wp\/v2\/tags?post=17381"}],"curies":[{"name":"wp","href":"https:\/\/api.w.org\/{rel}","templated":true}]}}