{"id":17678,"date":"2019-10-02T06:31:43","date_gmt":"2019-10-02T06:31:43","guid":{"rendered":"http:\/\/katolicka-gimnazija.hr\/?p=17678"},"modified":"2019-10-02T06:31:43","modified_gmt":"2019-10-02T06:31:43","slug":"2-sjednica-nastavnickog-vijeca-u-skolskoj-godini-2019-2020","status":"publish","type":"post","link":"https:\/\/katolicka-gimnazija.hr\/index.php\/2019\/10\/02\/2-sjednica-nastavnickog-vijeca-u-skolskoj-godini-2019-2020\/","title":{"rendered":"2. sjednica Nastavni\u010dkog vije\u0107a u \u0161kolskoj godini 2019.\/2020."},"content":{"rendered":"<p>3. listopada 2019. godine s po\u010detkom u 14:00 sati<\/p>\n<p>O neposrednom uvidu u rad Nastavni\u010dkog vije\u0107a mo\u017ee se informirati kod ravnatelja Ivana Bedeni\u010di\u0107a.<\/p>\n<p>Dnevni red:<\/p>\n<ol>\n<li>Usvajanje Zapisnika s prethodne sjednice Nastavni\u010dkog vije\u0107a<\/li>\n<li>Odlu\u010divanje o promjeni upisanog programa u Katoli\u010dkoj gimnaziji s pravom javnosti u\u010deniku prvog razreda druge srednje \u0161kole<\/li>\n<li>Predlaganje \u0161kolskog kurikuluma Katoli\u010dke gimnazije s pravom javnosti za \u0161kolsku godinu 2019.\/2020.<\/li>\n<li>Dono\u0161enje odluke o osloba\u0111anju u\u010denika od poha\u0111anja nastavnog predmeta na prijedlog lije\u010dnika primarne zdravstvene za\u0161tite<\/li>\n<li>Razno<\/li>\n<\/ol>\n","protected":false},"excerpt":{"rendered":"<p>3. listopada 2019. godine s po\u010detkom u 14:00 sati O neposrednom uvidu u rad Nastavni\u010dkog vije\u0107a mo\u017ee se informirati kod ravnatelja Ivana Bedeni\u010di\u0107a. Dnevni red: Usvajanje Zapisnika s prethodne sjednice Nastavni\u010dkog vije\u0107a Odlu\u010divanje o promjeni upisanog programa u Katoli\u010dkoj gimnaziji s pravom javnosti u\u010deniku prvog razreda druge srednje \u0161kole Predlaganje \u0161kolskog kurikuluma Katoli\u010dke gimnazije s [&hellip;]<\/p>\n","protected":false},"author":2,"featured_media":0,"comment_status":"closed","ping_status":"closed","sticky":false,"template":"","format":"standard","meta":{"footnotes":""},"categories":[2],"tags":[],"class_list":["post-17678","post","type-post","status-publish","format-standard","hentry","category-vijesti"],"_links":{"self":[{"href":"https:\/\/katolicka-gimnazija.hr\/index.php\/wp-json\/wp\/v2\/posts\/17678","targetHints":{"allow":["GET"]}}],"collection":[{"href":"https:\/\/katolicka-gimnazija.hr\/index.php\/wp-json\/wp\/v2\/posts"}],"about":[{"href":"https:\/\/katolicka-gimnazija.hr\/index.php\/wp-json\/wp\/v2\/types\/post"}],"author":[{"embeddable":true,"href":"https:\/\/katolicka-gimnazija.hr\/index.php\/wp-json\/wp\/v2\/users\/2"}],"replies":[{"embeddable":true,"href":"https:\/\/katolicka-gimnazija.hr\/index.php\/wp-json\/wp\/v2\/comments?post=17678"}],"version-history":[{"count":1,"href":"https:\/\/katolicka-gimnazija.hr\/index.php\/wp-json\/wp\/v2\/posts\/17678\/revisions"}],"predecessor-version":[{"id":17680,"href":"https:\/\/katolicka-gimnazija.hr\/index.php\/wp-json\/wp\/v2\/posts\/17678\/revisions\/17680"}],"wp:attachment":[{"href":"https:\/\/katolicka-gimnazija.hr\/index.php\/wp-json\/wp\/v2\/media?parent=17678"}],"wp:term":[{"taxonomy":"category","embeddable":true,"href":"https:\/\/katolicka-gimnazija.hr\/index.php\/wp-json\/wp\/v2\/categories?post=17678"},{"taxonomy":"post_tag","embeddable":true,"href":"https:\/\/katolicka-gimnazija.hr\/index.php\/wp-json\/wp\/v2\/tags?post=17678"}],"curies":[{"name":"wp","href":"https:\/\/api.w.org\/{rel}","templated":true}]}}