{"id":17683,"date":"2019-10-02T06:49:19","date_gmt":"2019-10-02T06:49:19","guid":{"rendered":"http:\/\/katolicka-gimnazija.hr\/?p=17683"},"modified":"2019-10-03T09:45:33","modified_gmt":"2019-10-03T09:45:33","slug":"vecer-poezije-i-vina","status":"publish","type":"post","link":"https:\/\/katolicka-gimnazija.hr\/index.php\/2019\/10\/02\/vecer-poezije-i-vina\/","title":{"rendered":"Ve\u010der poezije i vina"},"content":{"rendered":"<div>Po\u0161tovani kolege profesori, u\u010denici, roditelji i prijatelji \u0161kole, pozivamo Vas na manifestaciju &#8220;Ve\u010der poezije i vina&#8221; u organizaciji Matice hrvatske &#8211; Ogranka u Po\u017eegi i Veleu\u010dili\u0161ta u Po\u017eegi koja \u0107e se odr\u017eati 4. listopada 2019. godine s po\u010detkom u 18:00 h u podrumu Veleu\u010dili\u0161ta u Po\u017eegi.<\/div>\n<div><a href=\"http:\/\/katolicka-gimnazija.hr\/wp-content\/uploads\/2019\/10\/VPV_pozivnica_digitalna-1-1.png\"><img loading=\"lazy\" decoding=\"async\" class=\"alignleft size-medium wp-image-17684\" src=\"http:\/\/katolicka-gimnazija.hr\/wp-content\/uploads\/2019\/10\/VPV_pozivnica_digitalna-1-1-300x141.png\" alt=\"\" width=\"300\" height=\"141\" srcset=\"https:\/\/katolicka-gimnazija.hr\/wp-content\/uploads\/2019\/10\/VPV_pozivnica_digitalna-1-1-300x141.png 300w, https:\/\/katolicka-gimnazija.hr\/wp-content\/uploads\/2019\/10\/VPV_pozivnica_digitalna-1-1-768x362.png 768w, https:\/\/katolicka-gimnazija.hr\/wp-content\/uploads\/2019\/10\/VPV_pozivnica_digitalna-1-1-1024x483.png 1024w, https:\/\/katolicka-gimnazija.hr\/wp-content\/uploads\/2019\/10\/VPV_pozivnica_digitalna-1-1-400x189.png 400w\" sizes=\"auto, (max-width: 300px) 100vw, 300px\" \/><\/a><\/div>\n","protected":false},"excerpt":{"rendered":"<p>Po\u0161tovani kolege profesori, u\u010denici, roditelji i prijatelji \u0161kole, pozivamo Vas na manifestaciju &#8220;Ve\u010der poezije i vina&#8221; u organizaciji Matice hrvatske &#8211; Ogranka u Po\u017eegi i Veleu\u010dili\u0161ta u Po\u017eegi koja \u0107e se odr\u017eati 4. listopada 2019. godine s po\u010detkom u 18:00 h u podrumu Veleu\u010dili\u0161ta u Po\u017eegi.<\/p>\n","protected":false},"author":2,"featured_media":0,"comment_status":"closed","ping_status":"closed","sticky":false,"template":"","format":"standard","meta":{"footnotes":""},"categories":[3],"tags":[],"class_list":["post-17683","post","type-post","status-publish","format-standard","hentry","category-obavijesti"],"_links":{"self":[{"href":"https:\/\/katolicka-gimnazija.hr\/index.php\/wp-json\/wp\/v2\/posts\/17683","targetHints":{"allow":["GET"]}}],"collection":[{"href":"https:\/\/katolicka-gimnazija.hr\/index.php\/wp-json\/wp\/v2\/posts"}],"about":[{"href":"https:\/\/katolicka-gimnazija.hr\/index.php\/wp-json\/wp\/v2\/types\/post"}],"author":[{"embeddable":true,"href":"https:\/\/katolicka-gimnazija.hr\/index.php\/wp-json\/wp\/v2\/users\/2"}],"replies":[{"embeddable":true,"href":"https:\/\/katolicka-gimnazija.hr\/index.php\/wp-json\/wp\/v2\/comments?post=17683"}],"version-history":[{"count":1,"href":"https:\/\/katolicka-gimnazija.hr\/index.php\/wp-json\/wp\/v2\/posts\/17683\/revisions"}],"predecessor-version":[{"id":17685,"href":"https:\/\/katolicka-gimnazija.hr\/index.php\/wp-json\/wp\/v2\/posts\/17683\/revisions\/17685"}],"wp:attachment":[{"href":"https:\/\/katolicka-gimnazija.hr\/index.php\/wp-json\/wp\/v2\/media?parent=17683"}],"wp:term":[{"taxonomy":"category","embeddable":true,"href":"https:\/\/katolicka-gimnazija.hr\/index.php\/wp-json\/wp\/v2\/categories?post=17683"},{"taxonomy":"post_tag","embeddable":true,"href":"https:\/\/katolicka-gimnazija.hr\/index.php\/wp-json\/wp\/v2\/tags?post=17683"}],"curies":[{"name":"wp","href":"https:\/\/api.w.org\/{rel}","templated":true}]}}