{"id":17737,"date":"2019-10-11T14:18:40","date_gmt":"2019-10-11T14:18:40","guid":{"rendered":"http:\/\/katolicka-gimnazija.hr\/?p=17737"},"modified":"2019-10-11T14:18:40","modified_gmt":"2019-10-11T14:18:40","slug":"materijali-za-kviz-prigodom-dana-skole","status":"publish","type":"post","link":"https:\/\/katolicka-gimnazija.hr\/index.php\/2019\/10\/11\/materijali-za-kviz-prigodom-dana-skole\/","title":{"rendered":"Materijali za KVIZ prigodom Dana \u0161kole"},"content":{"rendered":"<p>Cijenjeni u\u010denici,<\/p>\n<p>u prilogu dostavljamo materijale za kviz koji \u0107e se odr\u017eati 15. studenoga prigodom proslave Dana \u0161kole.<\/p>\n<p><a href=\"http:\/\/katolicka-gimnazija.hr\/wp-content\/uploads\/2019\/10\/Gra\u0111a-za-kviz-znanja-2019-prigodom-dana-\u0161kole-KGa.pdf\">Gra\u0111a za kviz znanja 2019 &#8211; prigodom dana \u0161kole KGa<\/a><\/p>\n","protected":false},"excerpt":{"rendered":"<p>Cijenjeni u\u010denici, u prilogu dostavljamo materijale za kviz koji \u0107e se odr\u017eati 15. studenoga prigodom proslave Dana \u0161kole. Gra\u0111a za kviz znanja 2019 &#8211; prigodom dana \u0161kole KGa<\/p>\n","protected":false},"author":2,"featured_media":0,"comment_status":"closed","ping_status":"closed","sticky":false,"template":"","format":"standard","meta":{"footnotes":""},"categories":[3],"tags":[],"class_list":["post-17737","post","type-post","status-publish","format-standard","hentry","category-obavijesti"],"_links":{"self":[{"href":"https:\/\/katolicka-gimnazija.hr\/index.php\/wp-json\/wp\/v2\/posts\/17737","targetHints":{"allow":["GET"]}}],"collection":[{"href":"https:\/\/katolicka-gimnazija.hr\/index.php\/wp-json\/wp\/v2\/posts"}],"about":[{"href":"https:\/\/katolicka-gimnazija.hr\/index.php\/wp-json\/wp\/v2\/types\/post"}],"author":[{"embeddable":true,"href":"https:\/\/katolicka-gimnazija.hr\/index.php\/wp-json\/wp\/v2\/users\/2"}],"replies":[{"embeddable":true,"href":"https:\/\/katolicka-gimnazija.hr\/index.php\/wp-json\/wp\/v2\/comments?post=17737"}],"version-history":[{"count":1,"href":"https:\/\/katolicka-gimnazija.hr\/index.php\/wp-json\/wp\/v2\/posts\/17737\/revisions"}],"predecessor-version":[{"id":17739,"href":"https:\/\/katolicka-gimnazija.hr\/index.php\/wp-json\/wp\/v2\/posts\/17737\/revisions\/17739"}],"wp:attachment":[{"href":"https:\/\/katolicka-gimnazija.hr\/index.php\/wp-json\/wp\/v2\/media?parent=17737"}],"wp:term":[{"taxonomy":"category","embeddable":true,"href":"https:\/\/katolicka-gimnazija.hr\/index.php\/wp-json\/wp\/v2\/categories?post=17737"},{"taxonomy":"post_tag","embeddable":true,"href":"https:\/\/katolicka-gimnazija.hr\/index.php\/wp-json\/wp\/v2\/tags?post=17737"}],"curies":[{"name":"wp","href":"https:\/\/api.w.org\/{rel}","templated":true}]}}