{"id":17832,"date":"2019-10-16T19:59:27","date_gmt":"2019-10-16T19:59:27","guid":{"rendered":"http:\/\/katolicka-gimnazija.hr\/?p=17832"},"modified":"2019-10-16T20:00:12","modified_gmt":"2019-10-16T20:00:12","slug":"prvi-pohod-spd-a-pegaz-na-maksimov-hrast","status":"publish","type":"post","link":"https:\/\/katolicka-gimnazija.hr\/index.php\/2019\/10\/16\/prvi-pohod-spd-a-pegaz-na-maksimov-hrast\/","title":{"rendered":"Prvi pohod \u0160PD-a &#8220;Pegaz&#8221; na Maksimov hrast"},"content":{"rendered":"<p>Nakon neslu\u017ebenog prvog hoda Po\u017ee\u0161kom gorom na hodo\u010da\u0161\u0107u Gospi od Suza krajem kolovoza, prvo slu\u017ebeno planinarenje trebalo bi se organizirati u<strong> subotu 19. listopada<\/strong> pohodom na<strong> Maksimov hrast<\/strong>, drugi najvi\u0161i vrh <strong>Po\u017ee\u0161ke gore<\/strong> (614 mnv).<\/p>\n<p><a href=\"http:\/\/katolicka-gimnazija.hr\/wp-content\/uploads\/2019\/10\/9742926DSC00852.jpg\"><img loading=\"lazy\" decoding=\"async\" class=\"size-medium wp-image-17833 alignright\" src=\"http:\/\/katolicka-gimnazija.hr\/wp-content\/uploads\/2019\/10\/9742926DSC00852-300x225.jpg\" alt=\"\" width=\"300\" height=\"225\" srcset=\"https:\/\/katolicka-gimnazija.hr\/wp-content\/uploads\/2019\/10\/9742926DSC00852-300x225.jpg 300w, https:\/\/katolicka-gimnazija.hr\/wp-content\/uploads\/2019\/10\/9742926DSC00852-768x576.jpg 768w, https:\/\/katolicka-gimnazija.hr\/wp-content\/uploads\/2019\/10\/9742926DSC00852-400x300.jpg 400w, https:\/\/katolicka-gimnazija.hr\/wp-content\/uploads\/2019\/10\/9742926DSC00852.jpg 800w\" sizes=\"auto, (max-width: 300px) 100vw, 300px\" \/><\/a>Polazak svih zainteresiranih u\u010denika KG-a jest u <strong>8,30h<\/strong> na mjestu gdje se na cesti Po\u017eega &#8211; Nova Kapela prije Crkvenih Vrhovaca skre\u0107e za <strong>\u0160KRABUTNIK<\/strong>.<br \/>\n<strong>Dolazak do mjesta polaska je u vlastitoj organizaciji!<\/strong><\/p>\n<p>Nakon osvajanja prvog vrha u povijesti \u0160PD-a &#8220;Pegaz&#8221;, Maksimova hrasta, spustili bi se oko 14h u Brestovac.<\/p>\n<p>Svoj dolazak potrebno je najaviti prof. Pauli\u0107u ili prof. Dominiku Paveli\u0107u barem dan ranije.<\/p>\n<p>Za ugodno i bezbolno planinarenje potrebno je imati prikladnu &#8211; visoku &#8211; obu\u0107u, visoke \u010darape, ugodnu i vi\u0161eslojnu odje\u0107u, ruksak sa dovoljno vode (najmanje litru vode) te koji sendvi\u010d i slatki\u0161 za snagu.<\/p>\n","protected":false},"excerpt":{"rendered":"<p>Nakon neslu\u017ebenog prvog hoda Po\u017ee\u0161kom gorom na hodo\u010da\u0161\u0107u Gospi od Suza krajem kolovoza, prvo slu\u017ebeno planinarenje trebalo bi se organizirati u subotu 19. listopada pohodom na Maksimov hrast, drugi najvi\u0161i vrh Po\u017ee\u0161ke gore (614 mnv). Polazak svih zainteresiranih u\u010denika KG-a jest u 8,30h na mjestu gdje se na cesti Po\u017eega &#8211; Nova Kapela prije Crkvenih [&hellip;]<\/p>\n","protected":false},"author":2,"featured_media":0,"comment_status":"closed","ping_status":"closed","sticky":false,"template":"","format":"standard","meta":{"footnotes":""},"categories":[3],"tags":[],"class_list":["post-17832","post","type-post","status-publish","format-standard","hentry","category-obavijesti"],"_links":{"self":[{"href":"https:\/\/katolicka-gimnazija.hr\/index.php\/wp-json\/wp\/v2\/posts\/17832","targetHints":{"allow":["GET"]}}],"collection":[{"href":"https:\/\/katolicka-gimnazija.hr\/index.php\/wp-json\/wp\/v2\/posts"}],"about":[{"href":"https:\/\/katolicka-gimnazija.hr\/index.php\/wp-json\/wp\/v2\/types\/post"}],"author":[{"embeddable":true,"href":"https:\/\/katolicka-gimnazija.hr\/index.php\/wp-json\/wp\/v2\/users\/2"}],"replies":[{"embeddable":true,"href":"https:\/\/katolicka-gimnazija.hr\/index.php\/wp-json\/wp\/v2\/comments?post=17832"}],"version-history":[{"count":1,"href":"https:\/\/katolicka-gimnazija.hr\/index.php\/wp-json\/wp\/v2\/posts\/17832\/revisions"}],"predecessor-version":[{"id":17834,"href":"https:\/\/katolicka-gimnazija.hr\/index.php\/wp-json\/wp\/v2\/posts\/17832\/revisions\/17834"}],"wp:attachment":[{"href":"https:\/\/katolicka-gimnazija.hr\/index.php\/wp-json\/wp\/v2\/media?parent=17832"}],"wp:term":[{"taxonomy":"category","embeddable":true,"href":"https:\/\/katolicka-gimnazija.hr\/index.php\/wp-json\/wp\/v2\/categories?post=17832"},{"taxonomy":"post_tag","embeddable":true,"href":"https:\/\/katolicka-gimnazija.hr\/index.php\/wp-json\/wp\/v2\/tags?post=17832"}],"curies":[{"name":"wp","href":"https:\/\/api.w.org\/{rel}","templated":true}]}}