{"id":17842,"date":"2019-10-18T09:24:44","date_gmt":"2019-10-18T09:24:44","guid":{"rendered":"http:\/\/katolicka-gimnazija.hr\/?p=17842"},"modified":"2019-10-18T09:25:00","modified_gmt":"2019-10-18T09:25:00","slug":"razmjena-ucenika-skofijske-gimnazije-u-vipavi-i-katolicke-gimnazije-u-pozegi","status":"publish","type":"post","link":"https:\/\/katolicka-gimnazija.hr\/index.php\/2019\/10\/18\/razmjena-ucenika-skofijske-gimnazije-u-vipavi-i-katolicke-gimnazije-u-pozegi\/","title":{"rendered":"Razmjena u\u010denika \u0160kofijske gimnazije u Vipavi i Katoli\u010dke gimnazije u Po\u017eegi"},"content":{"rendered":"<p>Ove nedjelje nastavljamo razmjenu u\u010denika sa \u0160kofijskom gimnazijom iz Vipave dolaskom njihov u\u010denika u Kolegij i u domove na\u0161ih u\u010denika doma\u0107ina. Svoj boravak u Po\u017eegi nastavit \u0107e posjetom na\u0161oj \u0161koli, obilaskom Kutjeva, Virovitice i Duboke, a dani \u0107e im biti ispunjeni bogatim programom.<\/p>\n","protected":false},"excerpt":{"rendered":"<p>Ove nedjelje nastavljamo razmjenu u\u010denika sa \u0160kofijskom gimnazijom iz Vipave dolaskom njihov u\u010denika u Kolegij i u domove na\u0161ih u\u010denika doma\u0107ina. Svoj boravak u Po\u017eegi nastavit \u0107e posjetom na\u0161oj \u0161koli, obilaskom Kutjeva, Virovitice i Duboke, a dani \u0107e im biti ispunjeni bogatim programom.<\/p>\n","protected":false},"author":2,"featured_media":0,"comment_status":"closed","ping_status":"closed","sticky":false,"template":"","format":"standard","meta":{"footnotes":""},"categories":[3],"tags":[],"class_list":["post-17842","post","type-post","status-publish","format-standard","hentry","category-obavijesti"],"_links":{"self":[{"href":"https:\/\/katolicka-gimnazija.hr\/index.php\/wp-json\/wp\/v2\/posts\/17842","targetHints":{"allow":["GET"]}}],"collection":[{"href":"https:\/\/katolicka-gimnazija.hr\/index.php\/wp-json\/wp\/v2\/posts"}],"about":[{"href":"https:\/\/katolicka-gimnazija.hr\/index.php\/wp-json\/wp\/v2\/types\/post"}],"author":[{"embeddable":true,"href":"https:\/\/katolicka-gimnazija.hr\/index.php\/wp-json\/wp\/v2\/users\/2"}],"replies":[{"embeddable":true,"href":"https:\/\/katolicka-gimnazija.hr\/index.php\/wp-json\/wp\/v2\/comments?post=17842"}],"version-history":[{"count":1,"href":"https:\/\/katolicka-gimnazija.hr\/index.php\/wp-json\/wp\/v2\/posts\/17842\/revisions"}],"predecessor-version":[{"id":17843,"href":"https:\/\/katolicka-gimnazija.hr\/index.php\/wp-json\/wp\/v2\/posts\/17842\/revisions\/17843"}],"wp:attachment":[{"href":"https:\/\/katolicka-gimnazija.hr\/index.php\/wp-json\/wp\/v2\/media?parent=17842"}],"wp:term":[{"taxonomy":"category","embeddable":true,"href":"https:\/\/katolicka-gimnazija.hr\/index.php\/wp-json\/wp\/v2\/categories?post=17842"},{"taxonomy":"post_tag","embeddable":true,"href":"https:\/\/katolicka-gimnazija.hr\/index.php\/wp-json\/wp\/v2\/tags?post=17842"}],"curies":[{"name":"wp","href":"https:\/\/api.w.org\/{rel}","templated":true}]}}