{"id":17844,"date":"2019-10-20T05:13:29","date_gmt":"2019-10-20T05:13:29","guid":{"rendered":"http:\/\/katolicka-gimnazija.hr\/?p=17844"},"modified":"2019-10-21T08:28:54","modified_gmt":"2019-10-21T08:28:54","slug":"obavijest-o-strajku","status":"publish","type":"post","link":"https:\/\/katolicka-gimnazija.hr\/index.php\/2019\/10\/20\/obavijest-o-strajku\/","title":{"rendered":"Obavijest o \u0161trajku"},"content":{"rendered":"<p>Dragi u\u010denici i po\u0161tovani roditelji, obavje\u0161tavamo vas da Katoli\u010dka gimnazija s pravom javnosti podr\u017eava \u0161trajk, ali \u0107e nastavu ipak odr\u017eati i 21. listopada.<\/p>\n","protected":false},"excerpt":{"rendered":"<p>Dragi u\u010denici i po\u0161tovani roditelji, obavje\u0161tavamo vas da Katoli\u010dka gimnazija s pravom javnosti podr\u017eava \u0161trajk, ali \u0107e nastavu ipak odr\u017eati i 21. listopada.<\/p>\n","protected":false},"author":2,"featured_media":0,"comment_status":"closed","ping_status":"closed","sticky":false,"template":"","format":"standard","meta":{"footnotes":""},"categories":[3],"tags":[],"class_list":["post-17844","post","type-post","status-publish","format-standard","hentry","category-obavijesti"],"_links":{"self":[{"href":"https:\/\/katolicka-gimnazija.hr\/index.php\/wp-json\/wp\/v2\/posts\/17844","targetHints":{"allow":["GET"]}}],"collection":[{"href":"https:\/\/katolicka-gimnazija.hr\/index.php\/wp-json\/wp\/v2\/posts"}],"about":[{"href":"https:\/\/katolicka-gimnazija.hr\/index.php\/wp-json\/wp\/v2\/types\/post"}],"author":[{"embeddable":true,"href":"https:\/\/katolicka-gimnazija.hr\/index.php\/wp-json\/wp\/v2\/users\/2"}],"replies":[{"embeddable":true,"href":"https:\/\/katolicka-gimnazija.hr\/index.php\/wp-json\/wp\/v2\/comments?post=17844"}],"version-history":[{"count":1,"href":"https:\/\/katolicka-gimnazija.hr\/index.php\/wp-json\/wp\/v2\/posts\/17844\/revisions"}],"predecessor-version":[{"id":17865,"href":"https:\/\/katolicka-gimnazija.hr\/index.php\/wp-json\/wp\/v2\/posts\/17844\/revisions\/17865"}],"wp:attachment":[{"href":"https:\/\/katolicka-gimnazija.hr\/index.php\/wp-json\/wp\/v2\/media?parent=17844"}],"wp:term":[{"taxonomy":"category","embeddable":true,"href":"https:\/\/katolicka-gimnazija.hr\/index.php\/wp-json\/wp\/v2\/categories?post=17844"},{"taxonomy":"post_tag","embeddable":true,"href":"https:\/\/katolicka-gimnazija.hr\/index.php\/wp-json\/wp\/v2\/tags?post=17844"}],"curies":[{"name":"wp","href":"https:\/\/api.w.org\/{rel}","templated":true}]}}