{"id":18031,"date":"2019-11-04T15:41:07","date_gmt":"2019-11-04T15:41:07","guid":{"rendered":"http:\/\/katolicka-gimnazija.hr\/?p=18031"},"modified":"2019-11-04T15:41:07","modified_gmt":"2019-11-04T15:41:07","slug":"zakljucci-s-2-sjednice-nastavnickog-vijeca-4","status":"publish","type":"post","link":"https:\/\/katolicka-gimnazija.hr\/index.php\/2019\/11\/04\/zakljucci-s-2-sjednice-nastavnickog-vijeca-4\/","title":{"rendered":"Zaklju\u010dci s 2. sjednice Nastavni\u010dkog vije\u0107a"},"content":{"rendered":"<p>Zaklju\u010dci s 2. sjednice Nastavni\u010dkog vije\u0107a u \u0161kolskoj godini 2019.\/2020. odr\u017eane 3. listopada 2019. godine:<\/p>\n<p>&nbsp;<\/p>\n<ul>\n<li>Usvaja se Zapisnik s prethodne sjednice Nastavni\u010dkog vije\u0107a odr\u017eane 4. rujna 2019. godine bez primjedbi.<\/li>\n<\/ul>\n<p>&nbsp;<\/p>\n<ul>\n<li>Odbija se zahtjev roditelja <em>(informacija ograni\u010dena) <\/em>za promjenu programa u Katoli\u010dkoj gimnaziji s pravom javnosti u\u010denici prvog razreda druge srednje \u0161kole <em>(informacija ograni\u010dena)<\/em> zbog broja bodova potrebnih za upis programa klasi\u010dne gimnazije.<\/li>\n<\/ul>\n<p>&nbsp;<\/p>\n<ul>\n<li>Prezentiraju se prijedlozi nastavnika i stru\u010dnih suradnika za \u0161kolski kurikulum, tj. predla\u017ee se \u0161kolski kurikulum Katoli\u010dke gimnazije s pravom javnosti za \u0161kolsku godinu 2019.\/2020.<\/li>\n<\/ul>\n<p>&nbsp;<\/p>\n<ul>\n<li>Osloba\u0111a se od poha\u0111anja nastave nastavnog predmeta Tjelesne i zdravstvene kulture zbog zdravstvenog stanja u\u010denike Katoli\u010dke gimnazije s pravom javnosti iz 3.a razrednog odjela <em>(informacija ograni\u010dena)<\/em>, 3.b razrednog odjela <em>(informacija ograni\u010dena)<\/em> i 4.b razrednog odjela <em>(informacija ograni\u010dena)<\/em> tijekom cijele nastavne godine 2019.\/2020.<\/li>\n<\/ul>\n<p>&nbsp;<\/p>\n<ul>\n<li>Raspravlja se o raznome: suradnji s Veleu\u010dili\u0161tem u Po\u017eegi, prikupljanju namirnica i higijenskih potrep\u0161tina za specijalne bolnice, kori\u0161tenju klju\u010da za dizalo u prostoru Odgojno-obrazovnog centra Po\u017ee\u0161ke biskupije, evidentiranju izostanaka u\u010denika u e-Dnevnik zbog sv. misa i predavanja te me\u0111urazrednim natjecanjima u\u010denika Katoli\u010dke gimnazije s pravom javnosti.<\/li>\n<\/ul>\n<p>&nbsp;<\/p>\n<p>&nbsp;<\/p>\n<p>&nbsp;<\/p>\n<p>&nbsp;<\/p>\n","protected":false},"excerpt":{"rendered":"<p>Zaklju\u010dci s 2. sjednice Nastavni\u010dkog vije\u0107a u \u0161kolskoj godini 2019.\/2020. odr\u017eane 3. listopada 2019. godine: &nbsp; Usvaja se Zapisnik s prethodne sjednice Nastavni\u010dkog vije\u0107a odr\u017eane 4. rujna 2019. godine bez primjedbi. &nbsp; Odbija se zahtjev roditelja (informacija ograni\u010dena) za promjenu programa u Katoli\u010dkoj gimnaziji s pravom javnosti u\u010denici prvog razreda druge srednje \u0161kole (informacija ograni\u010dena) [&hellip;]<\/p>\n","protected":false},"author":2,"featured_media":0,"comment_status":"closed","ping_status":"closed","sticky":false,"template":"","format":"standard","meta":{"footnotes":""},"categories":[2],"tags":[],"class_list":["post-18031","post","type-post","status-publish","format-standard","hentry","category-vijesti"],"_links":{"self":[{"href":"https:\/\/katolicka-gimnazija.hr\/index.php\/wp-json\/wp\/v2\/posts\/18031","targetHints":{"allow":["GET"]}}],"collection":[{"href":"https:\/\/katolicka-gimnazija.hr\/index.php\/wp-json\/wp\/v2\/posts"}],"about":[{"href":"https:\/\/katolicka-gimnazija.hr\/index.php\/wp-json\/wp\/v2\/types\/post"}],"author":[{"embeddable":true,"href":"https:\/\/katolicka-gimnazija.hr\/index.php\/wp-json\/wp\/v2\/users\/2"}],"replies":[{"embeddable":true,"href":"https:\/\/katolicka-gimnazija.hr\/index.php\/wp-json\/wp\/v2\/comments?post=18031"}],"version-history":[{"count":1,"href":"https:\/\/katolicka-gimnazija.hr\/index.php\/wp-json\/wp\/v2\/posts\/18031\/revisions"}],"predecessor-version":[{"id":18032,"href":"https:\/\/katolicka-gimnazija.hr\/index.php\/wp-json\/wp\/v2\/posts\/18031\/revisions\/18032"}],"wp:attachment":[{"href":"https:\/\/katolicka-gimnazija.hr\/index.php\/wp-json\/wp\/v2\/media?parent=18031"}],"wp:term":[{"taxonomy":"category","embeddable":true,"href":"https:\/\/katolicka-gimnazija.hr\/index.php\/wp-json\/wp\/v2\/categories?post=18031"},{"taxonomy":"post_tag","embeddable":true,"href":"https:\/\/katolicka-gimnazija.hr\/index.php\/wp-json\/wp\/v2\/tags?post=18031"}],"curies":[{"name":"wp","href":"https:\/\/api.w.org\/{rel}","templated":true}]}}