{"id":18037,"date":"2019-11-02T16:11:53","date_gmt":"2019-11-02T16:11:53","guid":{"rendered":"http:\/\/katolicka-gimnazija.hr\/?p=18037"},"modified":"2019-11-04T16:23:00","modified_gmt":"2019-11-04T16:23:00","slug":"o-sisvetama-o-svim-svetima","status":"publish","type":"post","link":"https:\/\/katolicka-gimnazija.hr\/index.php\/2019\/11\/02\/o-sisvetama-o-svim-svetima\/","title":{"rendered":"O Sisvetama o Svim svetima"},"content":{"rendered":"<p>Svake godine, prvoga dana mjeseca studenoga, obilje\u017eavamo blagdan Svih svetih (Sesvete, Sisveti, Sisvete, Svisveti) . Toga dana slavimo i molimo se za sve od Crkve progla\u0161ene svece i za sve koji nisu progla\u0161eni svetima, ali su svojim \u017eivotom zavrijedili i u\u0161li u Kraljevstvo Bo\u017eje.<\/p>\n<p>Spomen mu\u010denika se po\u010deo slaviti u 4. stolje\u0107u. Prvi tragovi slavlja Svih svetih zabilje\u017eeni su u Antiohiji, nedjelja nakon Duhova. Papa Grgur III. premjestio je datum slavljenja na 1. studenoga kako bi se poklopio s keltskim blagdanom \u00bbSamhain\u00ab koji je ozna\u010davao Novu godinu. Stoga je papa 1. studenoga stavio kao datum godi\u0161njice posvete jedne kapele u bazilici sv. Petra relikvijama \u00bbsvetih apostola i svih svetih, mu\u010denika i <img loading=\"lazy\" decoding=\"async\" class=\"size-medium wp-image-18039 alignright\" src=\"http:\/\/katolicka-gimnazija.hr\/wp-content\/uploads\/2019\/11\/svije\u0107e-300x200.jpg\" alt=\"\" width=\"300\" height=\"200\" \/>ispovjednika, i svih savr\u0161enih pravednika koji po\u010divaju u miru po \u010ditavome svijetu.\u00ab Za vrijeme kralja Luja Pobo\u017enog progla\u0161en je zapovijedanim blagdanom. U Republici Hrvatskoj se taj blagdan obilje\u017eava kao dr\u017eavni od 1996. godine. Blagdan je prvotno bio pod nazivom Dan spomena na mrtve, a od 1989. do 1991. pod nazivom Dan sje\u0107anja na mrtve. U katoli\u010dkom kalendaru Svi sveti su svetkovina, a ujedno i neradni dan u Republici Hrvatskoj. Osim\u00a0u Katoli\u010dkoj Crkvi, blagdan se obilje\u017eava u Engleskoj i mnogim drugim evangeli\u010dkim crkvama iako je poprimio razli\u010dite oblike. Dan nakon Svih svetih slavimo Du\u0161ni dan koji mnogi gre\u0161kom nazivaju Dan mrtvih. Tada se sje\u0107amo svojih dragih pokojnika. Ure\u0111ujemo i odlazimo na njihove grobove, palimo im svije\u0107e, molimo se za njih, prisustvujemo na svetoj misi&#8230;<\/p>\n<p>Na\u017ealost, kako ljudi \u010desto iskrivljuju stvari, tako je nastao, vjerojatno svima poznati Halloween &#8211; slavlje No\u0107i vje\u0161tica no\u0107 uo\u010di Svih svetih. Ljudi slave vje\u0161tice, izmi\u0161ljena bi\u0107a?!?! Protivno tom silno marketin\u0161kom poganskom obi\u010daju, katolici u svijetu, ali i u Hrvatskoj, organiziraju misno bdijenje mladih pod nazivom Holywin (Svetost pobje\u0111uje). U Hrvatskoj se prvi puta odr\u017eao 2003. godine u \u017eupi bl. Augustina Ka\u017eoti\u0107a, a slu\u017ebeno se po\u010dinje obilje\u017eavati od 2006. godine. Preko Holywina se mlade \u017eeli potaknuti na zajedni\u0161tvo, bdijenje i molitvu.<\/p>\n","protected":false},"excerpt":{"rendered":"<p>Svake godine, prvoga dana mjeseca studenoga, obilje\u017eavamo blagdan Svih svetih (Sesvete, Sisveti, Sisvete, Svisveti) . Toga dana slavimo i molimo se za sve od Crkve progla\u0161ene svece i za sve koji nisu progla\u0161eni svetima, ali su svojim \u017eivotom zavrijedili i u\u0161li u Kraljevstvo Bo\u017eje. Spomen mu\u010denika se po\u010deo slaviti u 4. stolje\u0107u. Prvi tragovi slavlja [&hellip;]<\/p>\n","protected":false},"author":67,"featured_media":0,"comment_status":"closed","ping_status":"closed","sticky":false,"template":"","format":"standard","meta":{"footnotes":""},"categories":[207,2],"tags":[],"class_list":["post-18037","post","type-post","status-publish","format-standard","hentry","category-duhovno","category-vijesti"],"_links":{"self":[{"href":"https:\/\/katolicka-gimnazija.hr\/index.php\/wp-json\/wp\/v2\/posts\/18037","targetHints":{"allow":["GET"]}}],"collection":[{"href":"https:\/\/katolicka-gimnazija.hr\/index.php\/wp-json\/wp\/v2\/posts"}],"about":[{"href":"https:\/\/katolicka-gimnazija.hr\/index.php\/wp-json\/wp\/v2\/types\/post"}],"author":[{"embeddable":true,"href":"https:\/\/katolicka-gimnazija.hr\/index.php\/wp-json\/wp\/v2\/users\/67"}],"replies":[{"embeddable":true,"href":"https:\/\/katolicka-gimnazija.hr\/index.php\/wp-json\/wp\/v2\/comments?post=18037"}],"version-history":[{"count":2,"href":"https:\/\/katolicka-gimnazija.hr\/index.php\/wp-json\/wp\/v2\/posts\/18037\/revisions"}],"predecessor-version":[{"id":18041,"href":"https:\/\/katolicka-gimnazija.hr\/index.php\/wp-json\/wp\/v2\/posts\/18037\/revisions\/18041"}],"wp:attachment":[{"href":"https:\/\/katolicka-gimnazija.hr\/index.php\/wp-json\/wp\/v2\/media?parent=18037"}],"wp:term":[{"taxonomy":"category","embeddable":true,"href":"https:\/\/katolicka-gimnazija.hr\/index.php\/wp-json\/wp\/v2\/categories?post=18037"},{"taxonomy":"post_tag","embeddable":true,"href":"https:\/\/katolicka-gimnazija.hr\/index.php\/wp-json\/wp\/v2\/tags?post=18037"}],"curies":[{"name":"wp","href":"https:\/\/api.w.org\/{rel}","templated":true}]}}